{"id":121645,"date":"2020-01-16T07:33:59","date_gmt":"2020-01-16T10:33:59","guid":{"rendered":"https:\/\/senoticias.com.br\/se\/?p=121645"},"modified":"2020-01-16T14:18:38","modified_gmt":"2020-01-16T17:18:38","slug":"carnatobias-e-cancelado-apos-recomendacao-do-ministerio-publico","status":"publish","type":"post","link":"https:\/\/senoticias.com.br\/se\/carnatobias-e-cancelado-apos-recomendacao-do-ministerio-publico\/","title":{"rendered":"Carnatobias \u00e9 cancelado ap\u00f3s recomenda\u00e7\u00e3o do Minist\u00e9rio P\u00fablico"},"content":{"rendered":"<p style=\"text-align: justify;\">A edi\u00e7\u00e3o 2020 do Carnatobias, tradicional festa de Carnaval do munic\u00edpio de Tobias Barreto, foi cancelada ap\u00f3s uma recomenda\u00e7\u00e3o do Minist\u00e9rio P\u00fablico de Sergipe (MP).<\/p>\n<p style=\"text-align: justify;\">De acordo com a Secretaria de Comunica\u00e7\u00e3o da Prefeitura de Tobias Barreto, o MP apresentou dois motivos para o cancelamento da festa: ind\u00edcios de irregularidades em contratos apurados em procedimentos administrativos durante a realiza\u00e7\u00e3o do evento em 2015 (gest\u00e3o anterior); e o fato de o Munic\u00edpio se encontrar atualmente em situa\u00e7\u00e3o emergencial por causa da seca na regi\u00e3o.<\/p>\n<div id=\"attachment_121646\" style=\"width: 560px\" class=\"wp-caption aligncenter\"><a href=\"https:\/\/senoticias.com.br\/se\/wp-content\/uploads\/2020\/01\/carnatobias_fotofacecarnatobiasoficial_150120-e1579133147602.jpg\"><img loading=\"lazy\" decoding=\"async\" aria-describedby=\"caption-attachment-121646\" class=\"size-full wp-image-121646\" src=\"https:\/\/senoticias.com.br\/se\/wp-content\/uploads\/2020\/01\/carnatobias_fotofacecarnatobiasoficial_150120-e1579133147602.jpg\" alt=\"\" width=\"550\" height=\"413\" srcset=\"https:\/\/senoticias.com.br\/se\/wp-content\/uploads\/2020\/01\/carnatobias_fotofacecarnatobiasoficial_150120-e1579133147602.jpg 550w, https:\/\/senoticias.com.br\/se\/wp-content\/uploads\/2020\/01\/carnatobias_fotofacecarnatobiasoficial_150120-e1579133147602-300x225.jpg 300w, https:\/\/senoticias.com.br\/se\/wp-content\/uploads\/2020\/01\/carnatobias_fotofacecarnatobiasoficial_150120-e1579133147602-45x35.jpg 45w\" sizes=\"(max-width: 550px) 100vw, 550px\" \/><\/a><p id=\"caption-attachment-121646\" class=\"wp-caption-text\">MP recomendou cancelamento do Carnatobias este ano (Foto: Facebook\/Carnatobias Oficial)<\/p><\/div>\n<p style=\"text-align: justify;\">A recomenda\u00e7\u00e3o foi entregue ao prefeito Di\u00f3genes Almeida nesta quarta-feira, 15, pelos promotores Et\u00e9lio de Carvalho Prado J\u00fanior e Paulo Jos\u00e9 Francisco Alves Filho. O gestor acatou a recomenda\u00e7\u00e3o e anunciou o cancelamento do evento.<\/p>\n<p style=\"text-align: justify;\">Em 2019, o Carnatobias tamb\u00e9m foi cancelado por recomenda\u00e7\u00e3o do MP. Na \u00e9poca, a cidade sofria com problemas com abastecimento de \u00e1gua em virtude da estiagem e da queda no volume de \u00e1gua na barragem de Jabeberi, principal fonte de abastecimento na regi\u00e3o.<\/p>\n<p style=\"text-align: justify;\">\n<p><a href=\"https:\/\/senoticias.com.br\/se\/wp-content\/uploads\/2019\/12\/Logo-novo-fone.jpg\"><img loading=\"lazy\" decoding=\"async\" class=\"aligncenter size-full wp-image-121259\" src=\"https:\/\/senoticias.com.br\/se\/wp-content\/uploads\/2019\/12\/Logo-novo-fone.jpg\" alt=\"\" width=\"599\" height=\"78\" srcset=\"https:\/\/senoticias.com.br\/se\/wp-content\/uploads\/2019\/12\/Logo-novo-fone.jpg 599w, https:\/\/senoticias.com.br\/se\/wp-content\/uploads\/2019\/12\/Logo-novo-fone-300x39.jpg 300w\" sizes=\"(max-width: 599px) 100vw, 599px\" \/><\/a><\/p>\n<p><em><strong>A<\/strong><strong>companhe tamb\u00e9m o SE Not\u00edcias no\u00a0<a href=\"https:\/\/www.instagram.com\/senoticias\/\">Instagram<\/a>,\u00a0<a href=\"https:\/\/twitter.com\/home\">Twitter<\/a>\u00a0e no\u00a0<a href=\"https:\/\/web.facebook.com\/senoticias1\/\">Facebook<\/a><\/strong><\/em><\/p>\n<p>&nbsp;<\/p>\n<p><em>por Verlane Est\u00e1cio, Portal Infonet\u00a0<\/em><\/p>\n","protected":false},"excerpt":{"rendered":"<p>A edi\u00e7\u00e3o 2020 do Carnatobias, tradicional festa de Carnaval do munic\u00edpio de Tobias Barreto, foi cancelada ap\u00f3s uma recomenda\u00e7\u00e3o do Minist\u00e9rio P\u00fablico de Sergipe (MP). De acordo com a Secretaria de Comunica\u00e7\u00e3o da Prefeitura de Tobias Barreto, o MP apresentou dois motivos para o cancelamento da festa: ind\u00edcios de irregularidades em contratos apurados em procedimentos [&hellip;]<\/p>\n","protected":false},"author":6557,"featured_media":0,"comment_status":"closed","ping_status":"closed","sticky":false,"template":"","format":"standard","meta":{"footnotes":""},"categories":[15,38],"tags":[13845,4437,8578,13849],"class_list":{"0":"post-121645","1":"post","2":"type-post","3":"status-publish","4":"format-standard","6":"category-destaques","7":"category-municipios","8":"tag-carnatobias","9":"tag-diogenes-almeida","10":"tag-ministerio-publico-do-estado","11":"tag-prefeito-diogenes-almeida"},"_links":{"self":[{"href":"https:\/\/senoticias.com.br\/se\/wp-json\/wp\/v2\/posts\/121645"}],"collection":[{"href":"https:\/\/senoticias.com.br\/se\/wp-json\/wp\/v2\/posts"}],"about":[{"href":"https:\/\/senoticias.com.br\/se\/wp-json\/wp\/v2\/types\/post"}],"author":[{"embeddable":true,"href":"https:\/\/senoticias.com.br\/se\/wp-json\/wp\/v2\/users\/6557"}],"replies":[{"embeddable":true,"href":"https:\/\/senoticias.com.br\/se\/wp-json\/wp\/v2\/comments?post=121645"}],"version-history":[{"count":0,"href":"https:\/\/senoticias.com.br\/se\/wp-json\/wp\/v2\/posts\/121645\/revisions"}],"wp:attachment":[{"href":"https:\/\/senoticias.com.br\/se\/wp-json\/wp\/v2\/media?parent=121645"}],"wp:term":[{"taxonomy":"category","embeddable":true,"href":"https:\/\/senoticias.com.br\/se\/wp-json\/wp\/v2\/categories?post=121645"},{"taxonomy":"post_tag","embeddable":true,"href":"https:\/\/senoticias.com.br\/se\/wp-json\/wp\/v2\/tags?post=121645"}],"curies":[{"name":"wp","href":"https:\/\/api.w.org\/{rel}","templated":true}]}}