{"id":121633,"date":"2020-01-15T08:27:59","date_gmt":"2020-01-15T11:27:59","guid":{"rendered":"https:\/\/senoticias.com.br\/se\/?p=121633"},"modified":"2020-01-16T16:42:33","modified_gmt":"2020-01-16T19:42:33","slug":"pagamento-do-iptu-em-cota-unica-pode-ser-feito-ate-esta-quarta-15","status":"publish","type":"post","link":"https:\/\/senoticias.com.br\/se\/pagamento-do-iptu-em-cota-unica-pode-ser-feito-ate-esta-quarta-15\/","title":{"rendered":"Pagamento do IPTU em cota \u00fanica pode ser feito at\u00e9 esta quarta, 15"},"content":{"rendered":"<p style=\"text-align: justify;\">O prazo para o pagamento do Imposto Predial e Territorial Urbano (IPTU) de Aracaju em cota \u00fanica se encerra nesta quarta-feira, dia 15. Entregues desde o \u00faltimo dia 30 de dezembro, os carn\u00eas podem ser pagos de uma vez, com desconto, ou de forma parcelada.<\/p>\n<div id=\"attachment_121634\" style=\"width: 560px\" class=\"wp-caption aligncenter\"><a href=\"https:\/\/senoticias.com.br\/se\/wp-content\/uploads\/2020\/01\/aracaju_fotoanaliciamenezes_161219-e1576532068810.jpg\"><img loading=\"lazy\" decoding=\"async\" aria-describedby=\"caption-attachment-121634\" class=\"size-full wp-image-121634\" src=\"https:\/\/senoticias.com.br\/se\/wp-content\/uploads\/2020\/01\/aracaju_fotoanaliciamenezes_161219-e1576532068810.jpg\" alt=\"\" width=\"550\" height=\"368\" srcset=\"https:\/\/senoticias.com.br\/se\/wp-content\/uploads\/2020\/01\/aracaju_fotoanaliciamenezes_161219-e1576532068810.jpg 550w, https:\/\/senoticias.com.br\/se\/wp-content\/uploads\/2020\/01\/aracaju_fotoanaliciamenezes_161219-e1576532068810-300x201.jpg 300w, https:\/\/senoticias.com.br\/se\/wp-content\/uploads\/2020\/01\/aracaju_fotoanaliciamenezes_161219-e1576532068810-90x60.jpg 90w, https:\/\/senoticias.com.br\/se\/wp-content\/uploads\/2020\/01\/aracaju_fotoanaliciamenezes_161219-e1576532068810-180x120.jpg 180w, https:\/\/senoticias.com.br\/se\/wp-content\/uploads\/2020\/01\/aracaju_fotoanaliciamenezes_161219-e1576532068810-95x64.jpg 95w\" sizes=\"(max-width: 550px) 100vw, 550px\" \/><\/a><p id=\"caption-attachment-121634\" class=\"wp-caption-text\">Os carn\u00eas podem ser pagos de uma vez, com desconto, ou de forma parcelada<br \/>(Foto: Ana L\u00edcia Menezes)<\/p><\/div>\n<p style=\"text-align: justify;\">No caso da op\u00e7\u00e3o pela cota \u00fanica, pode-se aplicar abatimento de at\u00e9 7,5%, excetuando os casos em que h\u00e1 d\u00e9bitos com o munic\u00edpio, o que possibilitar\u00e1 um desconto de 2,5%.J\u00e1 para os que decidirem pagar de forma parcelada, a data de vencimento inicial ser\u00e1 dia 5 de fevereiro e, nos meses subsequentes, sempre no dia 5 ou no primeiro dia \u00fatil. Nesse caso, como nos anos anteriores, o IPTU poder\u00e1 ser pago em at\u00e9 dez parcelas, cujo valor n\u00e3o poder\u00e1 ser inferior a 93 reais.<\/p>\n<p style=\"text-align: justify;\">Al\u00e9m da distribui\u00e7\u00e3o dos carn\u00eas pelo correio, j\u00e1 est\u00e1 dispon\u00edvel, desde o dia 1\u00ba de janeiro, a impress\u00e3o do carn\u00ea no site da Prefeitura de Aracaju, na \u00e1rea do Portal do Contribuinte, para facilitar o acesso da popula\u00e7\u00e3o.<\/p>\n<p style=\"text-align: justify;\">Nos casos de isen\u00e7\u00e3o, ampliados em abril do ano passado a partir de lei proposta pela atual gest\u00e3o municipal, enquanto a Prefeitura n\u00e3o conclui as an\u00e1lises, continuam mantidas as do ano passado. A nova lei estabeleceu que as pessoas que t\u00eam renda de at\u00e9 dois sal\u00e1rios m\u00ednimos e im\u00f3veis avaliados em at\u00e9 160 mil reais tamb\u00e9m s\u00e3o contempladas com o benef\u00edcio da isen\u00e7\u00e3o, o que dever\u00e1 totalizar 50 mil im\u00f3veis isentos.<\/p>\n<p style=\"text-align: justify;\">Fonte: Prefeitura de Aracaju<\/p>\n<div id=\"attachment_121281\" style=\"width: 609px\" class=\"wp-caption aligncenter\"><a href=\"https:\/\/senoticias.com.br\/se\/wp-content\/uploads\/2019\/12\/Logo-novo-fone-1.jpg\"><img loading=\"lazy\" decoding=\"async\" aria-describedby=\"caption-attachment-121281\" class=\"size-full wp-image-121281\" src=\"https:\/\/senoticias.com.br\/se\/wp-content\/uploads\/2019\/12\/Logo-novo-fone-1.jpg\" alt=\"\" width=\"599\" height=\"78\" srcset=\"https:\/\/senoticias.com.br\/se\/wp-content\/uploads\/2019\/12\/Logo-novo-fone-1.jpg 599w, https:\/\/senoticias.com.br\/se\/wp-content\/uploads\/2019\/12\/Logo-novo-fone-1-300x39.jpg 300w\" sizes=\"(max-width: 599px) 100vw, 599px\" \/><\/a><p id=\"caption-attachment-121281\" class=\"wp-caption-text\"><em><strong>A<\/strong><strong>companhe tamb\u00e9m o SE Not\u00edcias no\u00a0<a href=\"https:\/\/www.instagram.com\/senoticias\/\">Instagram<\/a>,\u00a0<a href=\"https:\/\/twitter.com\/home\">Twitter<\/a>\u00a0e no\u00a0<a href=\"https:\/\/web.facebook.com\/senoticias1\/\">Facebook<\/a>\u00a0<\/strong><\/em><\/p><\/div>\n","protected":false},"excerpt":{"rendered":"<p>O prazo para o pagamento do Imposto Predial e Territorial Urbano (IPTU) de Aracaju em cota \u00fanica se encerra nesta quarta-feira, dia 15. Entregues desde o \u00faltimo dia 30 de dezembro, os carn\u00eas podem ser pagos de uma vez, com desconto, ou de forma parcelada. No caso da op\u00e7\u00e3o pela cota \u00fanica, pode-se aplicar abatimento [&hellip;]<\/p>\n","protected":false},"author":6557,"featured_media":0,"comment_status":"closed","ping_status":"closed","sticky":false,"template":"","format":"standard","meta":{"footnotes":""},"categories":[15,6],"tags":[13840,13839],"class_list":{"0":"post-121633","1":"post","2":"type-post","3":"status-publish","4":"format-standard","6":"category-destaques","7":"category-politica","8":"tag-cota-unica","9":"tag-pagamento-do-iptu"},"_links":{"self":[{"href":"https:\/\/senoticias.com.br\/se\/wp-json\/wp\/v2\/posts\/121633"}],"collection":[{"href":"https:\/\/senoticias.com.br\/se\/wp-json\/wp\/v2\/posts"}],"about":[{"href":"https:\/\/senoticias.com.br\/se\/wp-json\/wp\/v2\/types\/post"}],"author":[{"embeddable":true,"href":"https:\/\/senoticias.com.br\/se\/wp-json\/wp\/v2\/users\/6557"}],"replies":[{"embeddable":true,"href":"https:\/\/senoticias.com.br\/se\/wp-json\/wp\/v2\/comments?post=121633"}],"version-history":[{"count":0,"href":"https:\/\/senoticias.com.br\/se\/wp-json\/wp\/v2\/posts\/121633\/revisions"}],"wp:attachment":[{"href":"https:\/\/senoticias.com.br\/se\/wp-json\/wp\/v2\/media?parent=121633"}],"wp:term":[{"taxonomy":"category","embeddable":true,"href":"https:\/\/senoticias.com.br\/se\/wp-json\/wp\/v2\/categories?post=121633"},{"taxonomy":"post_tag","embeddable":true,"href":"https:\/\/senoticias.com.br\/se\/wp-json\/wp\/v2\/tags?post=121633"}],"curies":[{"name":"wp","href":"https:\/\/api.w.org\/{rel}","templated":true}]}}