{"id":121601,"date":"2020-01-13T08:59:07","date_gmt":"2020-01-13T11:59:07","guid":{"rendered":"https:\/\/senoticias.com.br\/se\/?p=121601"},"modified":"2020-01-14T06:16:10","modified_gmt":"2020-01-14T09:16:10","slug":"com-volta-as-aulas-smtt-recomenda-rotas-alternativas-em-aracaju","status":"publish","type":"post","link":"https:\/\/senoticias.com.br\/se\/com-volta-as-aulas-smtt-recomenda-rotas-alternativas-em-aracaju\/","title":{"rendered":"Com volta \u00e0s aulas, SMTT recomenda rotas alternativas em Aracaju"},"content":{"rendered":"<p style=\"text-align: justify;\">Com o retorno do per\u00edodo letivo da maioria das escolas da capital, nesta segunda-feira (13), a expectativa \u00e9 que haja um aumento significativo da quantidade de ve\u00edculos transitando na cidade. Por isso, a Superintend\u00eancia Municipal de Transportes e Tr\u00e2nsito (SMTT) recomenda aos condutores o uso de rotas alternativas para evitar poss\u00edveis congestionamentos, devido \u00e0s obras de infraestrutura dos corredores de mobilidade, realizadas pela Prefeitura de Aracaju, em quatro importantes avenidas: Hermes Fontes, Ad\u00e9lia Franco, Jos\u00e9 Carlos Silva e Augusto Franco.<\/p>\n<div id=\"attachment_121602\" style=\"width: 560px\" class=\"wp-caption aligncenter\"><a href=\"https:\/\/senoticias.com.br\/se\/wp-content\/uploads\/2020\/01\/thumbd-com-volta-as-aulas-smtt-recomenda-rotas-alternativas-em-aracaju-e1578916639689.jpg\"><img loading=\"lazy\" decoding=\"async\" aria-describedby=\"caption-attachment-121602\" class=\"size-full wp-image-121602\" src=\"https:\/\/senoticias.com.br\/se\/wp-content\/uploads\/2020\/01\/thumbd-com-volta-as-aulas-smtt-recomenda-rotas-alternativas-em-aracaju-e1578916639689.jpg\" alt=\"\" width=\"550\" height=\"359\" \/><\/a><p id=\"caption-attachment-121602\" class=\"wp-caption-text\">Como algumas vias est\u00e3o em obras, veja orienta\u00e7\u00f5es para evitar congestionamentos. Foto: SMTT<\/p><\/div>\n<p style=\"text-align: justify;\">O superintendente da SMTT, Renato Telles explica que o aumento da movimenta\u00e7\u00e3o no tr\u00e2nsito com a volta \u00e0s aulas \u00e9 esperado e refor\u00e7a a import\u00e2ncia da popula\u00e7\u00e3o utilizar outras rotas. \u201c\u00c9 comum que, a partir da pr\u00f3xima semana, tenha mais tr\u00e2nsito na cidade e estamos orientando a popula\u00e7\u00e3o a utilizar rotas alternativas e sair um pouco mais cedo de casa para evitar congestionamentos, principalmente, nos locais em que h\u00e1 obras de mobilidade. Toda obra causa impacto, mas estamos trabalhando ao m\u00e1ximo para minimizar os transtornos\u201d, garante.<\/p>\n<p style=\"text-align: justify;\">Renato informa ainda que os agentes continuar\u00e3o atuando em pontos estrat\u00e9gicos para auxiliar o tr\u00e2nsito. \u201cOs trechos em obras est\u00e3o sinalizados e os agentes permanecer\u00e3o nos locais em obra, auxiliando o tr\u00e2nsito e orientando os condutores. Al\u00e9m disso, na segunda, teremos agentes em pontos estrat\u00e9gicos no entorno das maiores escolas da cidade para a monitorar o tr\u00e1fego\u201d, completa.<\/p>\n<p style=\"text-align: justify;\"><strong>Rotas alternativas<\/strong><br \/>\nPara o condutor que costuma circular pela avenida Hermes Fontes, principalmente no trecho em obras &#8211; entre a pra\u00e7a da Bandeira e a avenida Ed\u00e9lzio Vieira de Melo -, a SMTT recomenda as ruas Jos\u00e9 de Faro Rollemberg, Am\u00e9rico Curvelo, Construtor Jo\u00e3o Alves e Lagarto; no sentido DIA\/Centro, e as ruas Est\u00e2ncia ou Dom Bosco e Ed\u00e9lzio Vieira de Melo para retornar \u00e0 Hermes Fontes; no sentido Centro\/DIA.<\/p>\n<p style=\"text-align: justify;\"><strong>Avenida Jos\u00e9 Carlos Silva<\/strong><br \/>\nO condutor que deseja ter acesso ao Centro da cidade poder\u00e1 utilizar como rotas alternativas as avenidas Beira Mar e Francisco Jos\u00e9 da Fonseca, mais conhecida como Gasoduto, para evitar poss\u00edveis congestionamentos na avenida Jos\u00e9 Carlos Silva.<\/p>\n<p style=\"text-align: justify;\"><strong>Avenida Ad\u00e9lia Franco<\/strong><br \/>\nDurante as obras do corredor Hermes Fontes, os condutores poder\u00e3o utilizar as avenidas Beira Mar e Augusto Franco.<\/p>\n<p>&nbsp;<\/p>\n<p>Por SMTT<\/p>\n<div id=\"attachment_121281\" style=\"width: 609px\" class=\"wp-caption aligncenter\"><a href=\"https:\/\/senoticias.com.br\/se\/wp-content\/uploads\/2019\/12\/Logo-novo-fone-1.jpg\"><img loading=\"lazy\" decoding=\"async\" aria-describedby=\"caption-attachment-121281\" class=\"size-full wp-image-121281\" src=\"https:\/\/senoticias.com.br\/se\/wp-content\/uploads\/2019\/12\/Logo-novo-fone-1.jpg\" alt=\"\" width=\"599\" height=\"78\" srcset=\"https:\/\/senoticias.com.br\/se\/wp-content\/uploads\/2019\/12\/Logo-novo-fone-1.jpg 599w, https:\/\/senoticias.com.br\/se\/wp-content\/uploads\/2019\/12\/Logo-novo-fone-1-300x39.jpg 300w\" sizes=\"(max-width: 599px) 100vw, 599px\" \/><\/a><p id=\"caption-attachment-121281\" class=\"wp-caption-text\"><em><strong>A<\/strong><strong>companhe tamb\u00e9m o SE Not\u00edcias no\u00a0<a href=\"https:\/\/www.instagram.com\/senoticias\/\">Instagram<\/a>,\u00a0<a href=\"https:\/\/twitter.com\/home\">Twitter<\/a>\u00a0e no\u00a0<a href=\"https:\/\/web.facebook.com\/senoticias1\/\">Facebook<\/a><\/strong><\/em><\/p><\/div>\n","protected":false},"excerpt":{"rendered":"<p>Com o retorno do per\u00edodo letivo da maioria das escolas da capital, nesta segunda-feira (13), a expectativa \u00e9 que haja um aumento significativo da quantidade de ve\u00edculos transitando na cidade. Por isso, a Superintend\u00eancia Municipal de Transportes e Tr\u00e2nsito (SMTT) recomenda aos condutores o uso de rotas alternativas para evitar poss\u00edveis congestionamentos, devido \u00e0s obras [&hellip;]<\/p>\n","protected":false},"author":6557,"featured_media":0,"comment_status":"closed","ping_status":"closed","sticky":false,"template":"","format":"standard","meta":{"footnotes":""},"categories":[15,6],"tags":[9018,13818,7919],"class_list":{"0":"post-121601","1":"post","2":"type-post","3":"status-publish","4":"format-standard","6":"category-destaques","7":"category-politica","8":"tag-alternativas","9":"tag-rotas","10":"tag-volta-as-aulas"},"_links":{"self":[{"href":"https:\/\/senoticias.com.br\/se\/wp-json\/wp\/v2\/posts\/121601"}],"collection":[{"href":"https:\/\/senoticias.com.br\/se\/wp-json\/wp\/v2\/posts"}],"about":[{"href":"https:\/\/senoticias.com.br\/se\/wp-json\/wp\/v2\/types\/post"}],"author":[{"embeddable":true,"href":"https:\/\/senoticias.com.br\/se\/wp-json\/wp\/v2\/users\/6557"}],"replies":[{"embeddable":true,"href":"https:\/\/senoticias.com.br\/se\/wp-json\/wp\/v2\/comments?post=121601"}],"version-history":[{"count":0,"href":"https:\/\/senoticias.com.br\/se\/wp-json\/wp\/v2\/posts\/121601\/revisions"}],"wp:attachment":[{"href":"https:\/\/senoticias.com.br\/se\/wp-json\/wp\/v2\/media?parent=121601"}],"wp:term":[{"taxonomy":"category","embeddable":true,"href":"https:\/\/senoticias.com.br\/se\/wp-json\/wp\/v2\/categories?post=121601"},{"taxonomy":"post_tag","embeddable":true,"href":"https:\/\/senoticias.com.br\/se\/wp-json\/wp\/v2\/tags?post=121601"}],"curies":[{"name":"wp","href":"https:\/\/api.w.org\/{rel}","templated":true}]}}