{"id":121596,"date":"2020-01-13T06:13:07","date_gmt":"2020-01-13T09:13:07","guid":{"rendered":"https:\/\/senoticias.com.br\/se\/?p=121596"},"modified":"2020-01-13T06:23:00","modified_gmt":"2020-01-13T09:23:00","slug":"pros-destitui-presidente-e-o-acusa-de-usar-fundo-para-comprar-helicoptero","status":"publish","type":"post","link":"https:\/\/senoticias.com.br\/se\/pros-destitui-presidente-e-o-acusa-de-usar-fundo-para-comprar-helicoptero\/","title":{"rendered":"Pros destitui presidente e o acusa de usar fundo para comprar helic\u00f3ptero"},"content":{"rendered":"<div style=\"text-align: justify;\">\n<p>O diret\u00f3rio nacional do Pros destituiu o presidente da sigla, Eur\u00edpedes J\u00fanior, e suspendeu sua filia\u00e7\u00e3o por tr\u00eas meses no s\u00e1bado, 11. O dirigente \u00e9 acusado de desviar recursos dos fundos eleitoral e partid\u00e1rio e lavagem de dinheiro. O an\u00fancio rachou o partido. A defesa de Eur\u00edpedes e parlamentares da sigla veem tentativa de golpe partid\u00e1rio.<\/p>\n<div id=\"attachment_121597\" style=\"width: 609px\" class=\"wp-caption aligncenter\"><a href=\"https:\/\/senoticias.com.br\/se\/wp-content\/uploads\/2020\/01\/Pros-SE-Noticias-e1578906864832.jpg\"><img loading=\"lazy\" decoding=\"async\" aria-describedby=\"caption-attachment-121597\" class=\"size-full wp-image-121597\" src=\"https:\/\/senoticias.com.br\/se\/wp-content\/uploads\/2020\/01\/Pros-SE-Noticias-e1578906864832.jpg\" alt=\"\" width=\"599\" height=\"385\" \/><\/a><p id=\"caption-attachment-121597\" class=\"wp-caption-text\">O Pros informou que em 2015 Eur\u00edpedes Junior adquiriu um helic\u00f3ptero no valor de R$ 2,4 milh\u00f5es para uso pessoal e com recursos do fundo partid\u00e1rio. (Foto: Janine Moraes\/CB\/D.A Press)<\/p><\/div>\n<p>&nbsp;<\/p>\n<\/div>\n<div style=\"text-align: justify;\">Em nota divulgada ap\u00f3s a reuni\u00e3o deste s\u00e1bado, o Pros informou que em 2015 Eur\u00edpedes Junior adquiriu um helic\u00f3ptero no valor de R$ 2,4 milh\u00f5es para uso pessoal e com recursos do fundo partid\u00e1rio. &#8220;In\u00fameros foram os apelos, na \u00e9poca, para que o ent\u00e3o presidente declinasse da compra ou do uso da aeronave, sem \u00eaxito&#8221;. diz a sigla. &#8220;A partir desse acontecimento, o partido passou a ver uma administra\u00e7\u00e3o ditatorial, sem democracia e transpar\u00eancia, guiada por interesses pessoais do presidente e seu restrito grupo pol\u00edtico, que n\u00e3o chega a dez membros.&#8221;<\/div>\n<div style=\"text-align: justify;\"><\/div>\n<div style=\"text-align: justify;\">O partido diz ter visto &#8220;uma escalada de desmandos&#8221; de Eur\u00edpedes na presid\u00eancia do Pros. \u201c\u00c9 impens\u00e1vel que uma agremia\u00e7\u00e3o pol\u00edtica com a magnitude do Pros continuasse sendo comandada por um grupo que, comprovadamente, desejava apenas se locupletar do poder\u201d. De acordo com a diret\u00f3rio nacional, o partido ser\u00e1 comandado por uma comiss\u00e3o provis\u00f3ria presidida por Marcus Vinicius Chaves de Holanda at\u00e9 a pr\u00f3xima conven\u00e7\u00e3o nacional.<\/div>\n<div style=\"text-align: justify;\"><\/div>\n<div style=\"text-align: justify;\">Mas este n\u00e3o \u00e9 o entendimento da defesa de Eur\u00edpedes, que v\u00ea uma &#8220;tentativa natimorta de golpe partid\u00e1rio&#8221; e defende que o dirigente segue na presid\u00eancia da sigla.<\/div>\n<div style=\"text-align: justify;\"><\/div>\n<div style=\"text-align: justify;\">&#8220;O Presidente Nacional do PROS continua sendo Eur\u00edpedes Gomes de Macedo J\u00fanior, e todos os seus \u00f3rg\u00e3os partid\u00e1rios permanecem inalterados&#8221;, diz a defesa em nota (leia na \u00edntegra abaixo). &#8220;Trata-se de uma tentativa natimorta de golpe partid\u00e1rio, que n\u00e3o resiste a uma an\u00e1lise jur\u00eddica m\u00ednima, e se deu ao arrepio do estatuto partid\u00e1rio, de suas resolu\u00e7\u00f5es, da legisla\u00e7\u00e3o de reg\u00eancia e de princ\u00edpios b\u00e1sicos da Constitui\u00e7\u00e3o Federal.&#8221;<\/div>\n<div><\/div>\n<div style=\"text-align: justify;\">&#8220;Trata-se de uma tentativa natimorta de golpe partid\u00e1rio, que n\u00e3o resiste a uma an\u00e1lise jur\u00eddica m\u00ednima, e se deu ao arrepio do estatuto partid\u00e1rio, de suas resolu\u00e7\u00f5es, da legisla\u00e7\u00e3o de reg\u00eancia e de princ\u00edpios b\u00e1sicos da Constitui\u00e7\u00e3o Federal&#8221;, afirma a defesa. &#8220;O Estado Democr\u00e1tico de Direito vigente em nosso pa\u00eds, n\u00e3o admite que um Partido Pol\u00edtico com representa\u00e7\u00e3o o Congresso Nacional, seja tomado de assalto, dessa forma.&#8221;<\/div>\n<div style=\"text-align: justify;\"><\/div>\n<div style=\"text-align: justify;\">No Congresso, as bancadas do Pros tamb\u00e9m afirmam ter visto uma &#8220;clara tentativa de golpe partid\u00e1rio&#8221; na decis\u00e3o do diret\u00f3rio nacional da sigla. &#8220;O senadores e deputados do Pros reconhecem a plena vig\u00eancia de mandato da atual executiva nacional, presidida por Eur\u00edpedes Junior e repudiam a nota que foi indevidamente veiculada por pessoa n\u00e3o autorizada no site do partido mencionando a nova composi\u00e7\u00e3o&#8221;, escrevem o senador Telm\u00e1rio Mota e o deputado Ac\u00e1cio Favacho, l\u00edderes do partido em suas respectivas Casas.<\/div>\n<div style=\"text-align: justify;\"><\/div>\n<div style=\"text-align: justify;\">Em 2018, o ent\u00e3o presidente do Pros foi alvo da Opera\u00e7\u00e3o Partialis &#8211; investiga\u00e7\u00e3o que mira suposto esquema de desvios de mais de R$ 2 milh\u00f5es em contratos da prefeitura de Marab\u00e1 (PA) para compra de gases medicinais no interior do Estado. Parte dos valores teria sido destinada \u00e0 compra de uma aeronave por Jo\u00e3o Salame Neto, ex-prefeito de Marab\u00e1. Com a suposta ajuda de assistentes, a compra teria sido ocultada por meio da venda do avi\u00e3o ao Pros.<\/div>\n<div><\/div>\n<div>Euripedes chegou a se apresentar \u00e0 Pol\u00edcia Federal, em Bras\u00edlia, mas n\u00e3o ficou preso por causa do per\u00edodo eleitoral que veta deten\u00e7\u00f5es, exceto nos casos em flagrante. Duas semanas depois, a Justi\u00e7a considerou que n\u00e3o havia mais motivos para manuten\u00e7\u00e3o do decreto de pris\u00e3o contra Eur\u00edpedes.<\/div>\n<div><\/div>\n<div><strong>NOTA DA DEFESA DE EUR\u00cdPEDES JUNIOR<\/strong><\/div>\n<div><\/div>\n<div style=\"text-align: justify;\"><em>O Diret\u00f3rio Nacional do PROS, por meio de sua assessoria jur\u00eddica, vem por meio da presente trazer a p\u00fablico, o seu posicionamento.<\/em><\/div>\n<div style=\"text-align: justify;\"><em>\u00a0<\/em><\/div>\n<div style=\"text-align: justify;\"><em>O Presidente Nacional do PROS continua sendo Eur\u00edpedes Gomes de Macedo J\u00fanior, e todos os seus \u00f3rg\u00e3os partid\u00e1rios permanecem inalterados.<\/em><\/div>\n<div style=\"text-align: justify;\"><em>\u00a0<\/em><\/div>\n<div style=\"text-align: justify;\"><em>Trata-se de uma tentativa natimorta de golpe partid\u00e1rio, que n\u00e3o resiste a uma an\u00e1lise jur\u00eddica m\u00ednima, e se deu ao arrepio do estatuto partid\u00e1rio, de suas resolu\u00e7\u00f5es, da legisla\u00e7\u00e3o de reg\u00eancia e de princ\u00edpios b\u00e1sicos da Constitui\u00e7\u00e3o Federal.<\/em><\/div>\n<div style=\"text-align: justify;\"><em>\u00a0<\/em><\/div>\n<div style=\"text-align: justify;\"><em>Fala-se em um reuni\u00e3o do Diret\u00f3rio Nacional, a qual n\u00e3o foi convocada por seu Presidente legitimamente eleito, e na qual membros deste mesmo \u00f3rg\u00e3o partid\u00e1rio foram impedidos de adentrar \u00e0 sede do Partido, para participar de tal reuni\u00e3o. A Sede Nacional foi invadida, tomada, e isolada, por essas pessoas.<\/em><\/div>\n<div style=\"text-align: justify;\"><em>\u00a0<\/em><\/div>\n<div style=\"text-align: justify;\"><em>Al\u00e9m disso, as senhas do s\u00edtio eletr\u00f4nico oficial do Partido, bem como de suas redes sociais, foram alterados, para divulga\u00e7\u00f5es indevidas. O Estado Democr\u00e1tico de Direito vigente em nosso pa\u00eds, n\u00e3o admite que um Partido Pol\u00edtico com representa\u00e7\u00e3o o Congresso Nacional, seja tomado de assalto, dessa forma.<\/em><\/div>\n<div><em>\u00a0<\/em><\/div>\n<div><em>O PROS buscar\u00e1 todos os meios institucionais para regularizar a situa\u00e7\u00e3o jur\u00eddica e pol\u00edtica do Partido, o mais r\u00e1pido poss\u00edvel, bem como buscar\u00e1 a responsabiliza\u00e7\u00e3o de todos os envolvidos.<\/em><\/div>\n<div><em>\u00a0<\/em><\/div>\n<div><em>Alex Duarte Santana de Barros Secret\u00e1rio Jur\u00eddico da Executiva Nacional do PROS<\/em><\/div>\n<div><em>\u00a0<\/em><\/div>\n<div><em>Bruno Aur\u00e9lio Rodrigues da Silva Pena Advogado do Diret\u00f3rio Nacional do PROS OAB\/GO n.\u00ba 33.670<\/em><\/div>\n<div><em>\u00a0<\/em><\/div>\n<div><em>Paulo Henrique Gon\u00e7alves da Costa Advogado OAB\/DF n.\u00ba 61.528<\/em><\/div>\n<div><\/div>\n<div>\n<p><a href=\"https:\/\/senoticias.com.br\/se\/wp-content\/uploads\/2019\/12\/Logo-novo-fone-1.jpg\"><img loading=\"lazy\" decoding=\"async\" class=\"size-full wp-image-121281\" src=\"https:\/\/senoticias.com.br\/se\/wp-content\/uploads\/2019\/12\/Logo-novo-fone-1.jpg\" alt=\"\" width=\"599\" height=\"78\" srcset=\"https:\/\/senoticias.com.br\/se\/wp-content\/uploads\/2019\/12\/Logo-novo-fone-1.jpg 599w, https:\/\/senoticias.com.br\/se\/wp-content\/uploads\/2019\/12\/Logo-novo-fone-1-300x39.jpg 300w\" sizes=\"(max-width: 599px) 100vw, 599px\" \/><\/a><\/p>\n<\/div>\n<p>&nbsp;<\/p>\n<p><em><strong>A<\/strong><strong>companhe tamb\u00e9m o SE Not\u00edcias no\u00a0<a href=\"https:\/\/www.instagram.com\/senoticias\/\">Instagram<\/a>,\u00a0<a href=\"https:\/\/twitter.com\/home\">Twitter<\/a>\u00a0e no\u00a0<a href=\"https:\/\/web.facebook.com\/senoticias1\/\">Facebook<\/a><\/strong><\/em><\/p>\n<p><em>Informa\u00e7\u00f5es da Ag\u00eancia Estado<\/em><\/p>\n","protected":false},"excerpt":{"rendered":"<p>O diret\u00f3rio nacional do Pros destituiu o presidente da sigla, Eur\u00edpedes J\u00fanior, e suspendeu sua filia\u00e7\u00e3o por tr\u00eas meses no s\u00e1bado, 11. O dirigente \u00e9 acusado de desviar recursos dos fundos eleitoral e partid\u00e1rio e lavagem de dinheiro. O an\u00fancio rachou o partido. A defesa de Eur\u00edpedes e parlamentares da sigla veem tentativa de golpe [&hellip;]<\/p>\n","protected":false},"author":6552,"featured_media":121597,"comment_status":"closed","ping_status":"closed","sticky":false,"template":"","format":"standard","meta":{"footnotes":""},"categories":[15,2961,6],"tags":[638,13814,13815,13816],"class_list":{"0":"post-121596","1":"post","2":"type-post","3":"status-publish","4":"format-standard","5":"has-post-thumbnail","7":"category-destaques","8":"category-nacional","9":"category-politica","10":"tag-eleicoes","11":"tag-euripedes-junior","12":"tag-presidente-do-pros","13":"tag-presidente-nacional-do-pros"},"_links":{"self":[{"href":"https:\/\/senoticias.com.br\/se\/wp-json\/wp\/v2\/posts\/121596"}],"collection":[{"href":"https:\/\/senoticias.com.br\/se\/wp-json\/wp\/v2\/posts"}],"about":[{"href":"https:\/\/senoticias.com.br\/se\/wp-json\/wp\/v2\/types\/post"}],"author":[{"embeddable":true,"href":"https:\/\/senoticias.com.br\/se\/wp-json\/wp\/v2\/users\/6552"}],"replies":[{"embeddable":true,"href":"https:\/\/senoticias.com.br\/se\/wp-json\/wp\/v2\/comments?post=121596"}],"version-history":[{"count":0,"href":"https:\/\/senoticias.com.br\/se\/wp-json\/wp\/v2\/posts\/121596\/revisions"}],"wp:featuredmedia":[{"embeddable":true,"href":"https:\/\/senoticias.com.br\/se\/wp-json\/wp\/v2\/media\/121597"}],"wp:attachment":[{"href":"https:\/\/senoticias.com.br\/se\/wp-json\/wp\/v2\/media?parent=121596"}],"wp:term":[{"taxonomy":"category","embeddable":true,"href":"https:\/\/senoticias.com.br\/se\/wp-json\/wp\/v2\/categories?post=121596"},{"taxonomy":"post_tag","embeddable":true,"href":"https:\/\/senoticias.com.br\/se\/wp-json\/wp\/v2\/tags?post=121596"}],"curies":[{"name":"wp","href":"https:\/\/api.w.org\/{rel}","templated":true}]}}