{"id":121557,"date":"2020-01-09T17:21:03","date_gmt":"2020-01-09T20:21:03","guid":{"rendered":"https:\/\/senoticias.com.br\/se\/?p=121557"},"modified":"2020-01-09T17:21:03","modified_gmt":"2020-01-09T20:21:03","slug":"partidos-anunciam-pre-candidatos-a-prefeitura-de-aracaju","status":"publish","type":"post","link":"https:\/\/senoticias.com.br\/se\/partidos-anunciam-pre-candidatos-a-prefeitura-de-aracaju\/","title":{"rendered":"Partidos anunciam pr\u00e9-candidatos a prefeitura de Aracaju"},"content":{"rendered":"<p style=\"text-align: justify;\">Faltando cerca de cinco meses para os partidos pol\u00edticos iniciarem suas conven\u00e7\u00f5es partid\u00e1rias e registrarem as candidaturas dos seus filiados aos cargos de prefeitos e vereadores, alguns partidos j\u00e1 se anteciparam e anunciaram alguns pr\u00e9-candidatos \u00e0 Prefeitura de Aracaju.<\/p>\n<div id=\"attachment_121558\" style=\"width: 560px\" class=\"wp-caption aligncenter\"><a href=\"https:\/\/senoticias.com.br\/se\/wp-content\/uploads\/2020\/01\/CANDIDATOS2020.jpg\"><img loading=\"lazy\" decoding=\"async\" aria-describedby=\"caption-attachment-121558\" class=\"size-full wp-image-121558\" src=\"https:\/\/senoticias.com.br\/se\/wp-content\/uploads\/2020\/01\/CANDIDATOS2020.jpg\" alt=\"\" width=\"550\" height=\"330\" srcset=\"https:\/\/senoticias.com.br\/se\/wp-content\/uploads\/2020\/01\/CANDIDATOS2020.jpg 550w, https:\/\/senoticias.com.br\/se\/wp-content\/uploads\/2020\/01\/CANDIDATOS2020-300x180.jpg 300w\" sizes=\"(max-width: 550px) 100vw, 550px\" \/><\/a><p id=\"caption-attachment-121558\" class=\"wp-caption-text\">At\u00e9 o final de janeiro novos nomes devem ser anunciados pelos partidos (Foto: Arquivo pessoal dos pr\u00e9-candidatos)<\/p><\/div>\n<p style=\"text-align: justify;\">O prefeito de Aracaju, Edvaldo Nogueira, atualmente sem partido, vai tentar a reelei\u00e7\u00e3o. Edvaldo se desfiliou do PC do B na \u00faltima segunda-feira, 6, ap\u00f3s 39 anos de milit\u00e2ncia, e ainda n\u00e3o anunciou qual ser\u00e1 seu novo partido. A principal expectativa para sua filia\u00e7\u00e3o \u00e9 o PDT.<\/p>\n<p style=\"text-align: justify;\">O ex-prefeito de Aracaju, Almeida Lima \u00e9 pr\u00e9-candidato pelo Partido Verde (PV), partido ao qual se filiou em 2019. Almeida, que \u00e9 advogado por forma\u00e7\u00e3o, tamb\u00e9m foi deputado estadual, federal e senador por Sergipe. Ele atuou recentemente como secret\u00e1rio de Sa\u00fade na administra\u00e7\u00e3o de Sergipe, mas saiu ap\u00f3s desentendimento entre sua forma de administrar e a do Governador Belivaldo Chagas.<\/p>\n<p style=\"text-align: justify;\">O ex-deputado Valadares Filho \u00e9 pr\u00e9-candidato pelo Partido Socialista Brasileiro (PSB), sigla que ele preside em Sergipe. Valadares Filho \u00e9 formado em administra\u00e7\u00e3o, j\u00e1 foi deputado federal por tr\u00eas mandatos e foi o principal advers\u00e1rio na \u00faltima disputa ao governo do Estado.<\/p>\n<p style=\"text-align: justify;\">O Partido Socialismo e Liberdade (PSOL) anunciou como pr\u00e9-candidatura a prefeitura de Aracaju o delegado da Pol\u00edcia Civil de Sergipe, M\u00e1rio Leony. J\u00e1 o Partido Trabalhista Crist\u00e3o (PTC) ter\u00e1 como pr\u00e9-candidato Juraci Nunes. Formado em direito, Juraci comanda o diret\u00f3rio estadual do partido em Sergipe desde o ano passado.O deputado estadual Rodrigo Valadares, presidente do Partido Trabalhista Brasileiro (PTB), \u00e9 o pr\u00e9-candidato a prefeitura de Aracaju pela sigla e vem mostrando frequentemente os problemas da capital sergipana em seu mandato. O empres\u00e1rio, Jo\u00e3o Tarantella, que est\u00e1 se desfiliando do Partido Social Liberal (PSL) e negociando com outros partidos, que n\u00e3o tiveram seus nomes revelados, anunciou sua pr\u00e9-candidatura a Prefeitura de Aracaju.<\/p>\n<p style=\"text-align: justify;\">Na pr\u00f3xima sexta-feira, 10, o Partido dos Trabalhadores (PT) far\u00e1 uma reuni\u00e3o do partido em Sergipe e desse encontro dever\u00e1 sair a defini\u00e7\u00e3o do partido se lan\u00e7ar\u00e1 candidato pr\u00f3prio a Prefeitura de Aracaju ou n\u00e3o. A expectativa \u00e9 que o partido tenha candidatura pr\u00f3pria e \u2018puro sangue\u2019.<\/p>\n<p style=\"text-align: justify;\">O presidente do Cidadania em Sergipe, senador Alessandro Vieira, informou que os nomes dos pr\u00e9-candidatos devem ser anunciados at\u00e9 o final do m\u00eas de janeiro. Os demais partidos ainda n\u00e3o divulgaram os nomes dos seus pr\u00e9-candidatos para as elei\u00e7\u00f5es municipais, mas existe a expectativa que a vereadora e defensora p\u00fablica, Em\u00edlia Correia (Patriota ), tamb\u00e9m seja candidata.<\/p>\n<p style=\"text-align: justify;\">Conven\u00e7\u00f5es partid\u00e1rias<\/p>\n<p style=\"text-align: justify;\">Pela Legisla\u00e7\u00e3o Eleitoral, os partidos pol\u00edticos devem realizar suas conven\u00e7\u00f5es partid\u00e1rias entre os dias 10 e 30 de junho do ano eleitoral. O prazo para os registros de candidatura, segundo o Tribunal Superior Eleitoral (TSE), inicia a partir do dia em que o partido realiza a conven\u00e7\u00e3o partid\u00e1ria e encerra no dia 5 de julho do ano da elei\u00e7\u00e3o. Nesse dia, a Justi\u00e7a Eleitoral encerra o recebimento dos pedidos de registro de candidatura apresentados por partidos pol\u00edticos.<\/p>\n<p style=\"text-align: justify;\">Os candidatos, escolhidos em conven\u00e7\u00e3o partid\u00e1ria, que n\u00e3o tiverem suas candidaturas registradas no TSE no prazo determinado, poder\u00e3o promover o pedido no prazo m\u00e1ximo de 48 horas a partir da publica\u00e7\u00e3o pela Justi\u00e7a Eleitoral da lista dos candidatos apresentados pelos partidos ou coliga\u00e7\u00f5es.<\/p>\n<p style=\"text-align: justify;\">Por Karla Pinheiro<\/p>\n<p><a href=\"https:\/\/senoticias.com.br\/se\/wp-content\/uploads\/2019\/12\/Logo-novo-fone-1.jpg\"><img loading=\"lazy\" decoding=\"async\" class=\"aligncenter size-full wp-image-121281\" src=\"https:\/\/senoticias.com.br\/se\/wp-content\/uploads\/2019\/12\/Logo-novo-fone-1.jpg\" alt=\"\" width=\"599\" height=\"78\" srcset=\"https:\/\/senoticias.com.br\/se\/wp-content\/uploads\/2019\/12\/Logo-novo-fone-1.jpg 599w, https:\/\/senoticias.com.br\/se\/wp-content\/uploads\/2019\/12\/Logo-novo-fone-1-300x39.jpg 300w\" sizes=\"(max-width: 599px) 100vw, 599px\" \/><\/a><\/p>\n<p><em><strong>A<\/strong><strong>companhe tamb\u00e9m o SE Not\u00edcias no\u00a0<a href=\"https:\/\/www.instagram.com\/senoticias\/\">Instagram<\/a>,\u00a0<a href=\"https:\/\/twitter.com\/home\">Twitter<\/a>\u00a0e no\u00a0<a href=\"https:\/\/web.facebook.com\/senoticias1\/\">Facebook<\/a><\/strong><\/em><\/p>\n","protected":false},"excerpt":{"rendered":"<p>Faltando cerca de cinco meses para os partidos pol\u00edticos iniciarem suas conven\u00e7\u00f5es partid\u00e1rias e registrarem as candidaturas dos seus filiados aos cargos de prefeitos e vereadores, alguns partidos j\u00e1 se anteciparam e anunciaram alguns pr\u00e9-candidatos \u00e0 Prefeitura de Aracaju. O prefeito de Aracaju, Edvaldo Nogueira, atualmente sem partido, vai tentar a reelei\u00e7\u00e3o. Edvaldo se desfiliou [&hellip;]<\/p>\n","protected":false},"author":6557,"featured_media":0,"comment_status":"closed","ping_status":"closed","sticky":false,"template":"","format":"standard","meta":{"footnotes":""},"categories":[15,6],"tags":[13797,7351,13798,2884],"class_list":{"0":"post-121557","1":"post","2":"type-post","3":"status-publish","4":"format-standard","6":"category-destaques","7":"category-politica","8":"tag-anunciam","9":"tag-partidos","10":"tag-pre-candidatos","11":"tag-prefeitura"},"_links":{"self":[{"href":"https:\/\/senoticias.com.br\/se\/wp-json\/wp\/v2\/posts\/121557"}],"collection":[{"href":"https:\/\/senoticias.com.br\/se\/wp-json\/wp\/v2\/posts"}],"about":[{"href":"https:\/\/senoticias.com.br\/se\/wp-json\/wp\/v2\/types\/post"}],"author":[{"embeddable":true,"href":"https:\/\/senoticias.com.br\/se\/wp-json\/wp\/v2\/users\/6557"}],"replies":[{"embeddable":true,"href":"https:\/\/senoticias.com.br\/se\/wp-json\/wp\/v2\/comments?post=121557"}],"version-history":[{"count":0,"href":"https:\/\/senoticias.com.br\/se\/wp-json\/wp\/v2\/posts\/121557\/revisions"}],"wp:attachment":[{"href":"https:\/\/senoticias.com.br\/se\/wp-json\/wp\/v2\/media?parent=121557"}],"wp:term":[{"taxonomy":"category","embeddable":true,"href":"https:\/\/senoticias.com.br\/se\/wp-json\/wp\/v2\/categories?post=121557"},{"taxonomy":"post_tag","embeddable":true,"href":"https:\/\/senoticias.com.br\/se\/wp-json\/wp\/v2\/tags?post=121557"}],"curies":[{"name":"wp","href":"https:\/\/api.w.org\/{rel}","templated":true}]}}