{"id":121488,"date":"2020-01-05T18:42:29","date_gmt":"2020-01-05T21:42:29","guid":{"rendered":"https:\/\/senoticias.com.br\/se\/?p=121488"},"modified":"2020-01-05T18:45:23","modified_gmt":"2020-01-05T21:45:23","slug":"sobrinho-de-deputado-federal-morre-em-acidente-em-moita-bonita","status":"publish","type":"post","link":"https:\/\/senoticias.com.br\/se\/sobrinho-de-deputado-federal-morre-em-acidente-em-moita-bonita\/","title":{"rendered":"Sobrinho de deputado federal morre em acidente em Moita Bonita"},"content":{"rendered":"<p style=\"text-align: justify;\">No in\u00edcio da tarde deste domingo, 5, o Batalh\u00e3o de Pol\u00edcia Rodovi\u00e1ria Estadual (BPRv) da Pol\u00edcia Militar registrou um acidente na Rodovia Estadual SE-170, que corta o Povoado Candeias, munic\u00edpio de Moita Bonita, distante 62 Km de Aracaju. Adilson Costa Santos, mais conhecido como Nen\u00ea, era sobrinho do deputado Bosco Costa e do prefeito Marcos Costa.<\/p>\n<div id=\"attachment_121489\" style=\"width: 543px\" class=\"wp-caption alignnone\"><a href=\"https:\/\/senoticias.com.br\/se\/wp-content\/uploads\/2020\/01\/media_marcos-santos_3bbba791accd8a4be0a2a6.jpg\"><img loading=\"lazy\" decoding=\"async\" aria-describedby=\"caption-attachment-121489\" class=\"size-full wp-image-121489\" src=\"https:\/\/senoticias.com.br\/se\/wp-content\/uploads\/2020\/01\/media_marcos-santos_3bbba791accd8a4be0a2a6.jpg\" alt=\"\" width=\"533\" height=\"400\" srcset=\"https:\/\/senoticias.com.br\/se\/wp-content\/uploads\/2020\/01\/media_marcos-santos_3bbba791accd8a4be0a2a6.jpg 533w, https:\/\/senoticias.com.br\/se\/wp-content\/uploads\/2020\/01\/media_marcos-santos_3bbba791accd8a4be0a2a6-300x225.jpg 300w, https:\/\/senoticias.com.br\/se\/wp-content\/uploads\/2020\/01\/media_marcos-santos_3bbba791accd8a4be0a2a6-45x35.jpg 45w\" sizes=\"(max-width: 533px) 100vw, 533px\" \/><\/a><p id=\"caption-attachment-121489\" class=\"wp-caption-text\">Marcos Adilson conduzia o ve\u00edculo da tia, a vereadora L\u00eada Costa.<\/p><\/div>\n<p style=\"text-align: justify;\">As primeiras informa\u00e7\u00f5es do BPRv s\u00e3o que o acidente foi provocado por uma sa\u00edda de pista, ap\u00f3s o motorista perder o controle da dire\u00e7\u00e3o do ve\u00edculo e bater em uma cancela. O BPRv n\u00e3o disse se outras pessoas estavam no autom\u00f3vel.<\/p>\n<p>&nbsp;<\/p>\n<p><em><strong>A<\/strong><strong>companhe tamb\u00e9m o SE Not\u00edcias no\u00a0<a href=\"https:\/\/www.instagram.com\/senoticias\/\">Instagram<\/a>,\u00a0<a href=\"https:\/\/twitter.com\/home\">Twitter<\/a>\u00a0e no\u00a0<a href=\"https:\/\/web.facebook.com\/senoticias1\/\">Facebook<\/a><\/strong><\/em><\/p>\n<p>&nbsp;<\/p>\n<p>&nbsp;<\/p>\n<p><a href=\"https:\/\/senoticias.com.br\/se\/wp-content\/uploads\/2019\/12\/Logo-novo-fone-1.jpg\"><img loading=\"lazy\" decoding=\"async\" class=\"alignnone size-full wp-image-121281\" src=\"https:\/\/senoticias.com.br\/se\/wp-content\/uploads\/2019\/12\/Logo-novo-fone-1.jpg\" alt=\"\" width=\"599\" height=\"78\" srcset=\"https:\/\/senoticias.com.br\/se\/wp-content\/uploads\/2019\/12\/Logo-novo-fone-1.jpg 599w, https:\/\/senoticias.com.br\/se\/wp-content\/uploads\/2019\/12\/Logo-novo-fone-1-300x39.jpg 300w\" sizes=\"(max-width: 599px) 100vw, 599px\" \/><\/a><\/p>\n<p>&nbsp;<\/p>\n<p><em>Com informa\u00e7\u00f5es do G1 SE<\/em><\/p>\n","protected":false},"excerpt":{"rendered":"<p>No in\u00edcio da tarde deste domingo, 5, o Batalh\u00e3o de Pol\u00edcia Rodovi\u00e1ria Estadual (BPRv) da Pol\u00edcia Militar registrou um acidente na Rodovia Estadual SE-170, que corta o Povoado Candeias, munic\u00edpio de Moita Bonita, distante 62 Km de Aracaju. Adilson Costa Santos, mais conhecido como Nen\u00ea, era sobrinho do deputado Bosco Costa e do prefeito Marcos [&hellip;]<\/p>\n","protected":false},"author":6552,"featured_media":121489,"comment_status":"closed","ping_status":"closed","sticky":false,"template":"","format":"standard","meta":{"footnotes":""},"categories":[15,38,1],"tags":[13772,7942,2036,804,13771,13770],"class_list":{"0":"post-121488","1":"post","2":"type-post","3":"status-publish","4":"format-standard","5":"has-post-thumbnail","7":"category-destaques","8":"category-municipios","9":"category-sem-categoria","10":"tag-acidente-em-moita-bonita","11":"tag-batalhao-de-policia-rodoviaria-estadual","12":"tag-bprv","13":"tag-moita-bonita","14":"tag-povoado-candeias","15":"tag-sobrinho-de-bosco-costa"},"_links":{"self":[{"href":"https:\/\/senoticias.com.br\/se\/wp-json\/wp\/v2\/posts\/121488"}],"collection":[{"href":"https:\/\/senoticias.com.br\/se\/wp-json\/wp\/v2\/posts"}],"about":[{"href":"https:\/\/senoticias.com.br\/se\/wp-json\/wp\/v2\/types\/post"}],"author":[{"embeddable":true,"href":"https:\/\/senoticias.com.br\/se\/wp-json\/wp\/v2\/users\/6552"}],"replies":[{"embeddable":true,"href":"https:\/\/senoticias.com.br\/se\/wp-json\/wp\/v2\/comments?post=121488"}],"version-history":[{"count":0,"href":"https:\/\/senoticias.com.br\/se\/wp-json\/wp\/v2\/posts\/121488\/revisions"}],"wp:featuredmedia":[{"embeddable":true,"href":"https:\/\/senoticias.com.br\/se\/wp-json\/wp\/v2\/media\/121489"}],"wp:attachment":[{"href":"https:\/\/senoticias.com.br\/se\/wp-json\/wp\/v2\/media?parent=121488"}],"wp:term":[{"taxonomy":"category","embeddable":true,"href":"https:\/\/senoticias.com.br\/se\/wp-json\/wp\/v2\/categories?post=121488"},{"taxonomy":"post_tag","embeddable":true,"href":"https:\/\/senoticias.com.br\/se\/wp-json\/wp\/v2\/tags?post=121488"}],"curies":[{"name":"wp","href":"https:\/\/api.w.org\/{rel}","templated":true}]}}