{"id":121484,"date":"2020-01-04T16:48:43","date_gmt":"2020-01-04T19:48:43","guid":{"rendered":"https:\/\/senoticias.com.br\/se\/?p=121484"},"modified":"2020-01-04T16:50:50","modified_gmt":"2020-01-04T19:50:50","slug":"sao-cristovao-e-mais-dois-municipios-sergipanos-vao-receber-r-17-milhao-para-atender-pacientes-do-sus-em-casa","status":"publish","type":"post","link":"https:\/\/senoticias.com.br\/se\/sao-cristovao-e-mais-dois-municipios-sergipanos-vao-receber-r-17-milhao-para-atender-pacientes-do-sus-em-casa\/","title":{"rendered":"S\u00e3o Crist\u00f3v\u00e3o e mais dois munic\u00edpios sergipanos v\u00e3o receber R$ 1,7 milh\u00e3o para atender pacientes do SUS em casa"},"content":{"rendered":"<div class=\"mc-column content-text active-extra-styles \" data-block-type=\"unstyled\" data-block-weight=\"46\" data-block-id=\"2\">\n<p class=\"content-text__container \" style=\"text-align: justify;\" data-track-category=\"Link no Texto\" data-track-links=\"\">Lagarto, Laranjeiras e S\u00e3o Crist\u00f3v\u00e3o v\u00e3o repartir R$ 1,7 milh\u00e3o do\u00a0Minist\u00e9rio da Sa\u00fade (MS)\u00a0para acrescentar cinco equipes de profissionais especializados no tratamento em casa para pacientes do Sistema \u00danico de Sa\u00fade (SUS) com impossibilidade ou dificuldade de se locomover at\u00e9 uma unidade de sa\u00fade.<\/p>\n<div id=\"attachment_121438\" style=\"width: 609px\" class=\"wp-caption alignnone\"><a href=\"https:\/\/senoticias.com.br\/se\/wp-content\/uploads\/2019\/12\/430-anos-SE-Noticias-e1577819134942.jpg\"><img loading=\"lazy\" decoding=\"async\" aria-describedby=\"caption-attachment-121438\" class=\"size-full wp-image-121438\" src=\"https:\/\/senoticias.com.br\/se\/wp-content\/uploads\/2019\/12\/430-anos-SE-Noticias-e1577819134942.jpg\" alt=\"\" width=\"599\" height=\"283\" \/><\/a><p id=\"caption-attachment-121438\" class=\"wp-caption-text\">S\u00e3o Crist\u00f3v\u00e3o vai receber mais recursos para atender pacientes do SUS em casa (foto: arquivo\/SE Not\u00edcias)<\/p><\/div>\n<\/div>\n<div class=\"wall protected-content\">\n<div class=\"mc-column content-text active-extra-styles \" style=\"text-align: justify;\" data-block-type=\"unstyled\" data-block-weight=\"30\" data-block-id=\"3\">\n<p class=\"content-text__container \" data-track-category=\"Link no Texto\" data-track-links=\"\">O objetivo da a\u00e7\u00e3o \u00e9 reduzir a demanda por atendimento nos hospitais, evitando as interna\u00e7\u00f5es e reinterna\u00e7\u00f5es, bem como diminuir o tempo de perman\u00eancia de usu\u00e1rios internados no SUS.<\/p>\n<\/div>\n<div class=\"mc-column content-text active-extra-styles \" style=\"text-align: justify;\" data-block-type=\"unstyled\" data-block-weight=\"33\" data-block-id=\"4\">\n<p class=\"content-text__container \" data-track-category=\"Link no Texto\" data-track-links=\"\">Os tr\u00eas munic\u00edpios v\u00e3o receber uma Equipe Multiprofissional de Aten\u00e7\u00e3o Domiciliar (EMAD) cada, formadas por m\u00e9dicos, enfermeiros e t\u00e9cnicos de enfermagem que ofertam um suporte m\u00e9dico completo aos pacientes que est\u00e3o acamados.<span style=\"font-family: inherit; font-size: inherit; font-style: inherit; font-variant-ligatures: inherit; font-variant-caps: inherit; font-weight: inherit; text-align: center;\">J\u00e1 Lagarto e S\u00e3o Crist\u00f3v\u00e3o tamb\u00e9m v\u00e3o receber uma Equipe Multiprofissional de Apoio (EMAP), com composi\u00e7\u00e3o m\u00ednima de tr\u00eas profissionais de n\u00edvel superior, escolhidos entre oito diferentes ocupa\u00e7\u00f5es: assistente social; fisioterapeuta; fonoaudi\u00f3logo; nutricionista; odont\u00f3logo; psic\u00f3logo; farmac\u00eautico e terapeuta ocupacional.<\/span><\/p>\n<\/div>\n<div class=\"mc-column content-text active-extra-styles \" style=\"text-align: justify;\" data-block-type=\"unstyled\" data-block-weight=\"24\" data-block-id=\"7\">\n<p class=\"content-text__container \" data-track-category=\"Link no Texto\" data-track-links=\"\">Do total de R$ 1,7 milh\u00e3o, Lagarto e S\u00e3o Crist\u00f3v\u00e3o v\u00e3o receber R$ 672 mil enquanto Laranjeiras ter\u00e1 direito a R$ 408 mil.<\/p>\n<\/div>\n<div data-track-category=\"multicontent\" data-track-action=\"ultimo chunk conteudo\" data-track-noninteraction=\"false\" data-track-scroll=\"view\">\n<div class=\"mc-column content-text active-extra-styles \" data-block-type=\"unstyled\" data-block-weight=\"68\" data-block-id=\"8\">\n<p class=\"content-text__container \" style=\"text-align: justify;\" data-track-category=\"Link no Texto\" data-track-links=\"\">Segundos o MS, as habilita\u00e7\u00f5es trar\u00e3o maior qualidade de vida para as pessoas que precisam de cuidados e acompanhamento de sa\u00fade, como as acamadas, por exemplo, que podem se beneficiar de um tratamento domiciliar, ao inv\u00e9s de permanecerem em interna\u00e7\u00f5es hospitalares. O servi\u00e7o \u00e9 caracterizado por um conjunto de a\u00e7\u00f5es de promo\u00e7\u00e3o \u00e0 sa\u00fade, preven\u00e7\u00e3o e tratamento de doen\u00e7as, al\u00e9m de reabilita\u00e7\u00e3o com garantias da continuidade dos cuidados.<\/p>\n<p data-track-category=\"Link no Texto\" data-track-links=\"\">\n<\/div>\n<p data-track-category=\"Link no Texto\" data-track-links=\"\"><a href=\"https:\/\/senoticias.com.br\/se\/wp-content\/uploads\/2019\/12\/Logo-novo-fone-1.jpg\"><img loading=\"lazy\" decoding=\"async\" class=\"alignnone size-full wp-image-121281\" src=\"https:\/\/senoticias.com.br\/se\/wp-content\/uploads\/2019\/12\/Logo-novo-fone-1.jpg\" alt=\"\" width=\"599\" height=\"78\" srcset=\"https:\/\/senoticias.com.br\/se\/wp-content\/uploads\/2019\/12\/Logo-novo-fone-1.jpg 599w, https:\/\/senoticias.com.br\/se\/wp-content\/uploads\/2019\/12\/Logo-novo-fone-1-300x39.jpg 300w\" sizes=\"(max-width: 599px) 100vw, 599px\" \/><\/a><\/p>\n<p data-track-category=\"Link no Texto\" data-track-links=\"\">\n<\/div>\n<p data-track-category=\"Link no Texto\" data-track-links=\"\"><em><strong>\u00a0\u00a0 A<\/strong><strong>companhe tamb\u00e9m o SE Not\u00edcias no\u00a0<a href=\"https:\/\/www.instagram.com\/senoticias\/\">Instagram<\/a>,\u00a0<a href=\"https:\/\/twitter.com\/home\">Twitter<\/a>\u00a0e no\u00a0<a href=\"https:\/\/web.facebook.com\/senoticias1\/\">Facebook<\/a><\/strong><\/em><\/p>\n<p data-track-category=\"Link no Texto\" data-track-links=\"\">Com informa\u00e7\u00f5es do G1 Sergipe e Minist\u00e9rio da Sa\u00fade<\/p>\n<\/div>\n","protected":false},"excerpt":{"rendered":"<p>Lagarto, Laranjeiras e S\u00e3o Crist\u00f3v\u00e3o v\u00e3o repartir R$ 1,7 milh\u00e3o do\u00a0Minist\u00e9rio da Sa\u00fade (MS)\u00a0para acrescentar cinco equipes de profissionais especializados no tratamento em casa para pacientes do Sistema \u00danico de Sa\u00fade (SUS) com impossibilidade ou dificuldade de se locomover at\u00e9 uma unidade de sa\u00fade. O objetivo da a\u00e7\u00e3o \u00e9 reduzir a demanda por atendimento nos [&hellip;]<\/p>\n","protected":false},"author":6552,"featured_media":121438,"comment_status":"closed","ping_status":"closed","sticky":false,"template":"","format":"standard","meta":{"footnotes":""},"categories":[15,6],"tags":[9569,335,9550,3776],"class_list":{"0":"post-121484","1":"post","2":"type-post","3":"status-publish","4":"format-standard","5":"has-post-thumbnail","7":"category-destaques","8":"category-politica","9":"tag-cidade-mae-de-sergipe","10":"tag-sao-cristovao","11":"tag-sistema-unico-de-saude","12":"tag-sus"},"_links":{"self":[{"href":"https:\/\/senoticias.com.br\/se\/wp-json\/wp\/v2\/posts\/121484"}],"collection":[{"href":"https:\/\/senoticias.com.br\/se\/wp-json\/wp\/v2\/posts"}],"about":[{"href":"https:\/\/senoticias.com.br\/se\/wp-json\/wp\/v2\/types\/post"}],"author":[{"embeddable":true,"href":"https:\/\/senoticias.com.br\/se\/wp-json\/wp\/v2\/users\/6552"}],"replies":[{"embeddable":true,"href":"https:\/\/senoticias.com.br\/se\/wp-json\/wp\/v2\/comments?post=121484"}],"version-history":[{"count":0,"href":"https:\/\/senoticias.com.br\/se\/wp-json\/wp\/v2\/posts\/121484\/revisions"}],"wp:featuredmedia":[{"embeddable":true,"href":"https:\/\/senoticias.com.br\/se\/wp-json\/wp\/v2\/media\/121438"}],"wp:attachment":[{"href":"https:\/\/senoticias.com.br\/se\/wp-json\/wp\/v2\/media?parent=121484"}],"wp:term":[{"taxonomy":"category","embeddable":true,"href":"https:\/\/senoticias.com.br\/se\/wp-json\/wp\/v2\/categories?post=121484"},{"taxonomy":"post_tag","embeddable":true,"href":"https:\/\/senoticias.com.br\/se\/wp-json\/wp\/v2\/tags?post=121484"}],"curies":[{"name":"wp","href":"https:\/\/api.w.org\/{rel}","templated":true}]}}