{"id":121479,"date":"2020-01-04T10:02:55","date_gmt":"2020-01-04T13:02:55","guid":{"rendered":"https:\/\/senoticias.com.br\/se\/?p=121479"},"modified":"2020-01-04T10:02:55","modified_gmt":"2020-01-04T13:02:55","slug":"paulo-foiani-e-o-novo-tecnico-do-club-sportivo-sergipe","status":"publish","type":"post","link":"https:\/\/senoticias.com.br\/se\/paulo-foiani-e-o-novo-tecnico-do-club-sportivo-sergipe\/","title":{"rendered":"Paulo Foiani \u00e9 o novo t\u00e9cnico do Club Sportivo Sergipe"},"content":{"rendered":"<p>O paulista Paulo Foiani \u00e9 o novo t\u00e9cnico do Club Sportivo Sergipe. De acordo com a diretoria alvirrubra, o novo treinador chegar\u00e1 ao Jo\u00e3o Hora j\u00e1 neste s\u00e1bado, 4. Foiani substituir\u00e1 Fernando Dourado, que se desligou da equipe alegando motivos pessoais.<\/p>\n<div id=\"attachment_121480\" style=\"width: 560px\" class=\"wp-caption aligncenter\"><a href=\"https:\/\/senoticias.com.br\/se\/wp-content\/uploads\/2020\/01\/foiani2019-e1578142868939.jpeg\"><img loading=\"lazy\" decoding=\"async\" aria-describedby=\"caption-attachment-121480\" class=\"size-full wp-image-121480\" src=\"https:\/\/senoticias.com.br\/se\/wp-content\/uploads\/2020\/01\/foiani2019-e1578142868939.jpeg\" alt=\"\" width=\"550\" height=\"382\" \/><\/a><p id=\"caption-attachment-121480\" class=\"wp-caption-text\">(foto: Club Sportivo Sergipe)<\/p><\/div>\n<p>Paulo Foiani, de 43 anos, foi semifinalista da primeira fase do Campeonato Paranaense 2019 pelo Cascavel-PR e finalista da Copa Santa Catarina 2019 pelo Marc\u00edlio Dias-SC. J\u00e1 na S\u00e9rie C do Brasileir\u00e3o, Foiani foi treinador do Boa Esporte-MG. O paulista tamb\u00e9m conta com passagens por clubes como ASA-AL, Sinop-MT e Fluminense de Feira-BA.<\/p>\n<p>Com informa\u00e7\u00f5es do Club Sportivo Sergipe<\/p>\n<p><a href=\"https:\/\/senoticias.com.br\/se\/wp-content\/uploads\/2019\/12\/Logo-novo-fone-1.jpg\"><img loading=\"lazy\" decoding=\"async\" class=\"aligncenter size-full wp-image-121281\" src=\"https:\/\/senoticias.com.br\/se\/wp-content\/uploads\/2019\/12\/Logo-novo-fone-1.jpg\" alt=\"\" width=\"599\" height=\"78\" srcset=\"https:\/\/senoticias.com.br\/se\/wp-content\/uploads\/2019\/12\/Logo-novo-fone-1.jpg 599w, https:\/\/senoticias.com.br\/se\/wp-content\/uploads\/2019\/12\/Logo-novo-fone-1-300x39.jpg 300w\" sizes=\"(max-width: 599px) 100vw, 599px\" \/><\/a><\/p>\n<p>Paulo Foiani \u00e9 o novo t\u00e9cnico do Club Sportivo Sergipe<\/p>\n","protected":false},"excerpt":{"rendered":"<p>O paulista Paulo Foiani \u00e9 o novo t\u00e9cnico do Club Sportivo Sergipe. De acordo com a diretoria alvirrubra, o novo treinador chegar\u00e1 ao Jo\u00e3o Hora j\u00e1 neste s\u00e1bado, 4. Foiani substituir\u00e1 Fernando Dourado, que se desligou da equipe alegando motivos pessoais. Paulo Foiani, de 43 anos, foi semifinalista da primeira fase do Campeonato Paranaense 2019 [&hellip;]<\/p>\n","protected":false},"author":6557,"featured_media":0,"comment_status":"closed","ping_status":"closed","sticky":false,"template":"","format":"standard","meta":{"footnotes":""},"categories":[15,39],"tags":[11602,13761,3902],"class_list":{"0":"post-121479","1":"post","2":"type-post","3":"status-publish","4":"format-standard","6":"category-destaques","7":"category-esporte","8":"tag-club-sportivo-sergipe","9":"tag-paulo-foiani","10":"tag-tecnico"},"_links":{"self":[{"href":"https:\/\/senoticias.com.br\/se\/wp-json\/wp\/v2\/posts\/121479"}],"collection":[{"href":"https:\/\/senoticias.com.br\/se\/wp-json\/wp\/v2\/posts"}],"about":[{"href":"https:\/\/senoticias.com.br\/se\/wp-json\/wp\/v2\/types\/post"}],"author":[{"embeddable":true,"href":"https:\/\/senoticias.com.br\/se\/wp-json\/wp\/v2\/users\/6557"}],"replies":[{"embeddable":true,"href":"https:\/\/senoticias.com.br\/se\/wp-json\/wp\/v2\/comments?post=121479"}],"version-history":[{"count":0,"href":"https:\/\/senoticias.com.br\/se\/wp-json\/wp\/v2\/posts\/121479\/revisions"}],"wp:attachment":[{"href":"https:\/\/senoticias.com.br\/se\/wp-json\/wp\/v2\/media?parent=121479"}],"wp:term":[{"taxonomy":"category","embeddable":true,"href":"https:\/\/senoticias.com.br\/se\/wp-json\/wp\/v2\/categories?post=121479"},{"taxonomy":"post_tag","embeddable":true,"href":"https:\/\/senoticias.com.br\/se\/wp-json\/wp\/v2\/tags?post=121479"}],"curies":[{"name":"wp","href":"https:\/\/api.w.org\/{rel}","templated":true}]}}