{"id":121455,"date":"2020-01-02T08:33:09","date_gmt":"2020-01-02T11:33:09","guid":{"rendered":"https:\/\/senoticias.com.br\/se\/?p=121455"},"modified":"2020-01-02T08:38:08","modified_gmt":"2020-01-02T11:38:08","slug":"e-o-tchan-comanda-fest-verao-no-proximo-domingo-dia-5","status":"publish","type":"post","link":"https:\/\/senoticias.com.br\/se\/e-o-tchan-comanda-fest-verao-no-proximo-domingo-dia-5\/","title":{"rendered":"\u00c9 o Tchan comanda Fest Ver\u00e3o no pr\u00f3ximo domingo, dia 5"},"content":{"rendered":"<p style=\"text-align: justify;\">Refer\u00eancia desde os anos 90, o grupo \u00c9 o Tchan vai comandar o quarto dia de folia do Fest Ver\u00e3o Sergipe, no pr\u00f3ximo domingo, 5 de janeiro, na Arena de Eventos. Sob o comando de Beto Jamaica e Compadre Washington, o grupo traz para Aracaju o seu projeto de 25 anos de exist\u00eancia: \u201c\u00c9 o Tchan no Para\u00edso\u201d, que j\u00e1 circulou por v\u00e1rios estados do Brasil.<\/p>\n<div id=\"attachment_121456\" style=\"width: 560px\" class=\"wp-caption aligncenter\"><a href=\"https:\/\/senoticias.com.br\/se\/wp-content\/uploads\/2020\/01\/eotchan-foto-divulgacao-30122019.jpg\"><img loading=\"lazy\" decoding=\"async\" aria-describedby=\"caption-attachment-121456\" class=\"size-full wp-image-121456\" src=\"https:\/\/senoticias.com.br\/se\/wp-content\/uploads\/2020\/01\/eotchan-foto-divulgacao-30122019.jpg\" alt=\"\" width=\"550\" height=\"375\" srcset=\"https:\/\/senoticias.com.br\/se\/wp-content\/uploads\/2020\/01\/eotchan-foto-divulgacao-30122019.jpg 550w, https:\/\/senoticias.com.br\/se\/wp-content\/uploads\/2020\/01\/eotchan-foto-divulgacao-30122019-300x205.jpg 300w, https:\/\/senoticias.com.br\/se\/wp-content\/uploads\/2020\/01\/eotchan-foto-divulgacao-30122019-90x60.jpg 90w, https:\/\/senoticias.com.br\/se\/wp-content\/uploads\/2020\/01\/eotchan-foto-divulgacao-30122019-95x64.jpg 95w\" sizes=\"(max-width: 550px) 100vw, 550px\" \/><\/a><p id=\"caption-attachment-121456\" class=\"wp-caption-text\">Foto divulga\u00e7\u00e3o<\/p><\/div>\n<p style=\"text-align: justify;\">No repert\u00f3rio, n\u00e3o devem ficar de fora sucessos mais antigos at\u00e9 as can\u00e7\u00f5es atuais como \u201c\u00c9 o Tchan no Hava\u00ed\u201d, \u201cPau que Nasce Torto\u201d, \u201cDan\u00e7a do Bumbum\u201d, \u201cBrincadeira da Tomada\u201d, \u201cBota a Cara no Sol\u201d e \u201cArreira Novinha\u201d. Na festa, prevista para come\u00e7ar \u00e0s 15 horas (abertura dos port\u00f5es) o p\u00fablico curtir\u00e1 ainda o show especial da Banda Quinto Round.<\/p>\n<p style=\"text-align: justify;\">Os ingressos est\u00e3o \u00e0 venda na Central do Ticket, no primeiro piso do RioMar Shopping, localizado no bairro Coroa do Meio. Mais informa\u00e7\u00f5es pelo telefone (79) 3219-2069. Perder, nem pensar!<\/p>\n<p style=\"text-align: justify;\">Fonte: Divulga\u00e7\u00e3o<\/p>\n<p><a href=\"https:\/\/senoticias.com.br\/se\/wp-content\/uploads\/2019\/12\/Logo-novo-fone-1.jpg\"><img loading=\"lazy\" decoding=\"async\" class=\"aligncenter size-full wp-image-121281\" src=\"https:\/\/senoticias.com.br\/se\/wp-content\/uploads\/2019\/12\/Logo-novo-fone-1.jpg\" alt=\"\" width=\"599\" height=\"78\" srcset=\"https:\/\/senoticias.com.br\/se\/wp-content\/uploads\/2019\/12\/Logo-novo-fone-1.jpg 599w, https:\/\/senoticias.com.br\/se\/wp-content\/uploads\/2019\/12\/Logo-novo-fone-1-300x39.jpg 300w\" sizes=\"(max-width: 599px) 100vw, 599px\" \/><\/a><\/p>\n<p><em><strong>\u00a0 \u00a0 \u00a0 \u00a0 \u00a0 \u00a0 \u00a0 \u00a0 \u00a0 \u00a0 \u00a0 \u00a0 \u00a0 \u00a0 A<\/strong><strong>companhe tamb\u00e9m o SE Not\u00edcias no\u00a0<a href=\"https:\/\/www.instagram.com\/senoticias\/\">Instagram<\/a>,\u00a0<a href=\"https:\/\/twitter.com\/home\">Twitter<\/a>\u00a0e no\u00a0<a href=\"https:\/\/web.facebook.com\/senoticias1\/\">Facebook<\/a><\/strong><\/em><\/p>\n","protected":false},"excerpt":{"rendered":"<p>Refer\u00eancia desde os anos 90, o grupo \u00c9 o Tchan vai comandar o quarto dia de folia do Fest Ver\u00e3o Sergipe, no pr\u00f3ximo domingo, 5 de janeiro, na Arena de Eventos. Sob o comando de Beto Jamaica e Compadre Washington, o grupo traz para Aracaju o seu projeto de 25 anos de exist\u00eancia: \u201c\u00c9 o [&hellip;]<\/p>\n","protected":false},"author":6557,"featured_media":0,"comment_status":"closed","ping_status":"closed","sticky":false,"template":"","format":"standard","meta":{"footnotes":""},"categories":[15,21],"tags":[13756,1841],"class_list":{"0":"post-121455","1":"post","2":"type-post","3":"status-publish","4":"format-standard","6":"category-destaques","7":"category-entretenimento","8":"tag-e-o-tchan","9":"tag-fest-verao"},"_links":{"self":[{"href":"https:\/\/senoticias.com.br\/se\/wp-json\/wp\/v2\/posts\/121455"}],"collection":[{"href":"https:\/\/senoticias.com.br\/se\/wp-json\/wp\/v2\/posts"}],"about":[{"href":"https:\/\/senoticias.com.br\/se\/wp-json\/wp\/v2\/types\/post"}],"author":[{"embeddable":true,"href":"https:\/\/senoticias.com.br\/se\/wp-json\/wp\/v2\/users\/6557"}],"replies":[{"embeddable":true,"href":"https:\/\/senoticias.com.br\/se\/wp-json\/wp\/v2\/comments?post=121455"}],"version-history":[{"count":0,"href":"https:\/\/senoticias.com.br\/se\/wp-json\/wp\/v2\/posts\/121455\/revisions"}],"wp:attachment":[{"href":"https:\/\/senoticias.com.br\/se\/wp-json\/wp\/v2\/media?parent=121455"}],"wp:term":[{"taxonomy":"category","embeddable":true,"href":"https:\/\/senoticias.com.br\/se\/wp-json\/wp\/v2\/categories?post=121455"},{"taxonomy":"post_tag","embeddable":true,"href":"https:\/\/senoticias.com.br\/se\/wp-json\/wp\/v2\/tags?post=121455"}],"curies":[{"name":"wp","href":"https:\/\/api.w.org\/{rel}","templated":true}]}}