{"id":121409,"date":"2019-12-28T16:25:40","date_gmt":"2019-12-28T19:25:40","guid":{"rendered":"https:\/\/senoticias.com.br\/se\/?p=121409"},"modified":"2019-12-28T16:25:40","modified_gmt":"2019-12-28T19:25:40","slug":"ponte-de-pirambu-trafego-de-veiculos-nao-sera-liberado-no-reveillon","status":"publish","type":"post","link":"https:\/\/senoticias.com.br\/se\/ponte-de-pirambu-trafego-de-veiculos-nao-sera-liberado-no-reveillon\/","title":{"rendered":"Ponte de Pirambu: tr\u00e1fego de ve\u00edculos n\u00e3o ser\u00e1 liberado no R\u00e9veillon"},"content":{"rendered":"<p style=\"text-align: justify;\">A ponte erguida sobre o rio Japaratuba que interliga os munic\u00edpios de Pirambu e Barra dos Coqueiros n\u00e3o ser\u00e1 liberada para a passagem de ve\u00edculos de passeio neste R\u00e9veillon. Somente pedestres, bicicletas e motocicletas podem trafegar pelo local.<\/p>\n<div id=\"attachment_121410\" style=\"width: 560px\" class=\"wp-caption aligncenter\"><a href=\"https:\/\/senoticias.com.br\/se\/wp-content\/uploads\/2019\/12\/pirambu-ponte-foto-grupo-zap-bprv-25112019.jpg\"><img loading=\"lazy\" decoding=\"async\" aria-describedby=\"caption-attachment-121410\" class=\"size-full wp-image-121410\" src=\"https:\/\/senoticias.com.br\/se\/wp-content\/uploads\/2019\/12\/pirambu-ponte-foto-grupo-zap-bprv-25112019.jpg\" alt=\"\" width=\"550\" height=\"330\" srcset=\"https:\/\/senoticias.com.br\/se\/wp-content\/uploads\/2019\/12\/pirambu-ponte-foto-grupo-zap-bprv-25112019.jpg 550w, https:\/\/senoticias.com.br\/se\/wp-content\/uploads\/2019\/12\/pirambu-ponte-foto-grupo-zap-bprv-25112019-300x180.jpg 300w\" sizes=\"(max-width: 550px) 100vw, 550px\" \/><\/a><p id=\"caption-attachment-121410\" class=\"wp-caption-text\">A ponte continua fechada para ve\u00edculos pequenos, m\u00e9dios e pesados (Foto: BPRv\/SE)<\/p><\/div>\n<p style=\"text-align: justify;\">Havia uma expectativa que a libera\u00e7\u00e3o ocorresse, mas de acordo com informa\u00e7\u00f5es passadas neste s\u00e1bado, 28, pela Secretaria Estadual do Desenvolvimento Urbano e Sustentabilidade (Sedurbs) e o Departamento Estadual de Infraestrutura Rodovi\u00e1ria de Sergipe (DER), a libera\u00e7\u00e3o parcial n\u00e3o ocorrer\u00e1 antes do dia 31 de dezembro, a fim de preservar a seguran\u00e7a de condutores e pedestres.<\/p>\n<p style=\"text-align: justify;\">Por estarem mais danificados, os quatro pilares centrais de sustenta\u00e7\u00e3o da ponte requer um trabalho de escoramento mais refor\u00e7ado e minucioso, n\u00e3o sendo poss\u00edvel execut\u00e1-lo em poucos dias. A Sedurbs e o DER ressaltam ainda que t\u00e3o logo esses servi\u00e7os sejam conclu\u00eddos, a ponte ser\u00e1 liberada parcialmente para ve\u00edculos e em via \u00fanica.<\/p>\n<p style=\"text-align: justify;\">por Aisla Vasconcelos\u00a0<a href=\"https:\/\/infonet.com.br\/noticias\/cidade\/ponte-de-pirambu-nao-sera-liberada-para-trafego-de-veiculos\/\">https:\/\/infonet.com.br\/noticias\/cidade\/ponte-de-pirambu-nao-sera-liberada-para-trafego-de-veiculos\/<\/a><\/p>\n<p>&nbsp;<\/p>\n<p><a href=\"https:\/\/senoticias.com.br\/se\/wp-content\/uploads\/2019\/12\/Logo-novo-fone.jpg\"><img loading=\"lazy\" decoding=\"async\" class=\"aligncenter size-full wp-image-121259\" src=\"https:\/\/senoticias.com.br\/se\/wp-content\/uploads\/2019\/12\/Logo-novo-fone.jpg\" alt=\"\" width=\"599\" height=\"78\" srcset=\"https:\/\/senoticias.com.br\/se\/wp-content\/uploads\/2019\/12\/Logo-novo-fone.jpg 599w, https:\/\/senoticias.com.br\/se\/wp-content\/uploads\/2019\/12\/Logo-novo-fone-300x39.jpg 300w\" sizes=\"(max-width: 599px) 100vw, 599px\" \/><\/a><\/p>\n<p><strong><em>Acompanhe tamb\u00e9m o SE Not\u00edcias no\u00a0<a href=\"https:\/\/www.instagram.com\/senoticias\/\">Instagram<\/a>,\u00a0<a href=\"https:\/\/twitter.com\/home\">Twitter<\/a>\u00a0e no\u00a0<a href=\"https:\/\/web.facebook.com\/senoticias1\/\">Facebook<\/a><\/em><\/strong><\/p>\n","protected":false},"excerpt":{"rendered":"<p>A ponte erguida sobre o rio Japaratuba que interliga os munic\u00edpios de Pirambu e Barra dos Coqueiros n\u00e3o ser\u00e1 liberada para a passagem de ve\u00edculos de passeio neste R\u00e9veillon. Somente pedestres, bicicletas e motocicletas podem trafegar pelo local. Havia uma expectativa que a libera\u00e7\u00e3o ocorresse, mas de acordo com informa\u00e7\u00f5es passadas neste s\u00e1bado, 28, pela [&hellip;]<\/p>\n","protected":false},"author":6557,"featured_media":0,"comment_status":"closed","ping_status":"closed","sticky":false,"template":"","format":"standard","meta":{"footnotes":""},"categories":[15,38],"tags":[],"class_list":{"0":"post-121409","1":"post","2":"type-post","3":"status-publish","4":"format-standard","6":"category-destaques","7":"category-municipios"},"_links":{"self":[{"href":"https:\/\/senoticias.com.br\/se\/wp-json\/wp\/v2\/posts\/121409"}],"collection":[{"href":"https:\/\/senoticias.com.br\/se\/wp-json\/wp\/v2\/posts"}],"about":[{"href":"https:\/\/senoticias.com.br\/se\/wp-json\/wp\/v2\/types\/post"}],"author":[{"embeddable":true,"href":"https:\/\/senoticias.com.br\/se\/wp-json\/wp\/v2\/users\/6557"}],"replies":[{"embeddable":true,"href":"https:\/\/senoticias.com.br\/se\/wp-json\/wp\/v2\/comments?post=121409"}],"version-history":[{"count":0,"href":"https:\/\/senoticias.com.br\/se\/wp-json\/wp\/v2\/posts\/121409\/revisions"}],"wp:attachment":[{"href":"https:\/\/senoticias.com.br\/se\/wp-json\/wp\/v2\/media?parent=121409"}],"wp:term":[{"taxonomy":"category","embeddable":true,"href":"https:\/\/senoticias.com.br\/se\/wp-json\/wp\/v2\/categories?post=121409"},{"taxonomy":"post_tag","embeddable":true,"href":"https:\/\/senoticias.com.br\/se\/wp-json\/wp\/v2\/tags?post=121409"}],"curies":[{"name":"wp","href":"https:\/\/api.w.org\/{rel}","templated":true}]}}