{"id":121359,"date":"2019-12-24T14:05:16","date_gmt":"2019-12-24T17:05:16","guid":{"rendered":"https:\/\/senoticias.com.br\/se\/?p=121359"},"modified":"2019-12-24T14:05:16","modified_gmt":"2019-12-24T17:05:16","slug":"ssp-investiga-vereadores-envolvidos-em-confusao-na-camara","status":"publish","type":"post","link":"https:\/\/senoticias.com.br\/se\/ssp-investiga-vereadores-envolvidos-em-confusao-na-camara\/","title":{"rendered":"SSP investiga vereadores envolvidos em confus\u00e3o na C\u00e2mara"},"content":{"rendered":"<p style=\"text-align: justify;\">A delegacia de Po\u00e7o Redondo vai investigar o quebra-quebra que aconteceu na C\u00e2mara de Vereadores do munic\u00edpio durante a sess\u00e3o da \u00faltima segunda-feira, 23. Portas de vidro, m\u00f3veis e cadeiras foram quebradas durante uma confus\u00e3o envolvendo os vereadores.<\/p>\n<div id=\"attachment_121360\" style=\"width: 560px\" class=\"wp-caption aligncenter\"><a href=\"https:\/\/senoticias.com.br\/se\/wp-content\/uploads\/2019\/12\/quebra-quebra-camara-de-veradores-po\u00e7o-redondo-foto5-gripo-pe-embaixo-24122019.jpg\"><img loading=\"lazy\" decoding=\"async\" aria-describedby=\"caption-attachment-121360\" class=\"size-full wp-image-121360\" src=\"https:\/\/senoticias.com.br\/se\/wp-content\/uploads\/2019\/12\/quebra-quebra-camara-de-veradores-po\u00e7o-redondo-foto5-gripo-pe-embaixo-24122019.jpg\" alt=\"\" width=\"550\" height=\"330\" srcset=\"https:\/\/senoticias.com.br\/se\/wp-content\/uploads\/2019\/12\/quebra-quebra-camara-de-veradores-po\u00e7o-redondo-foto5-gripo-pe-embaixo-24122019.jpg 550w, https:\/\/senoticias.com.br\/se\/wp-content\/uploads\/2019\/12\/quebra-quebra-camara-de-veradores-po\u00e7o-redondo-foto5-gripo-pe-embaixo-24122019-300x180.jpg 300w\" sizes=\"(max-width: 550px) 100vw, 550px\" \/><\/a><p id=\"caption-attachment-121360\" class=\"wp-caption-text\">M\u00f3veis e portas de vidros foram quebradas durante a confus\u00e3o (Foto: Grupo P\u00e9 Embaixo Not\u00edcias)<\/p><\/div>\n<p style=\"text-align: justify;\">Os parlamentares votavam o projeto do or\u00e7amento do munic\u00edpio para 2020 quando houve uma discord\u00e2ncia entre os vereadores e a confus\u00e3o teve in\u00edcio. Nas imagens \u00e9 poss\u00edvel perceber que at\u00e9 documentos ficaram espalhados pelo ch\u00e3o da C\u00e2mara.O Portal Infonet entrou em contato com a C\u00e2mara de Vereadores de Po\u00e7o Redondo, mas a funcion\u00e1ria disse que n\u00e3o tinha autoriza\u00e7\u00e3o para passar as informa\u00e7\u00f5es sobre o incidente. O Portal entrou em contato com a presidente da Casa, Maria Jos\u00e9 de Andrade Lima (PP), mas ela n\u00e3o atendeu as nossas liga\u00e7\u00f5es. O Portal Infonet est\u00e1 \u00e0 disposi\u00e7\u00e3o atrav\u00e9s do e-mail jornalismo@infonet.com.br ou atrav\u00e9s do telefone (79) 2106-8000.<\/p>\n<p style=\"text-align: justify;\">A Secretaria de Seguran\u00e7a P\u00fablica de Sergipe (SSP) confirmou que houve a confus\u00e3o, que foi registrado o Boletim de Ocorr\u00eancia na delegacia de Po\u00e7o Redondo, e que vai investigar o caso.<\/p>\n<p style=\"text-align: justify;\">Por Karla Pinheiro, Portal Infonet\u00a0<a href=\"https:\/\/infonet.com.br\/noticias\/politica\/ssp-investiga-vereadores-envolvidos-em-confusao-na-camara\/\">https:\/\/infonet.com.br\/noticias\/politica\/ssp-investiga-vereadores-envolvidos-em-confusao-na-camara\/<\/a><\/p>\n<p>&nbsp;<\/p>\n<p><a href=\"https:\/\/senoticias.com.br\/se\/wp-content\/uploads\/2019\/12\/Logo-novo-fone-1.jpg\"><img loading=\"lazy\" decoding=\"async\" class=\"aligncenter size-full wp-image-121281\" src=\"https:\/\/senoticias.com.br\/se\/wp-content\/uploads\/2019\/12\/Logo-novo-fone-1.jpg\" alt=\"\" width=\"599\" height=\"78\" srcset=\"https:\/\/senoticias.com.br\/se\/wp-content\/uploads\/2019\/12\/Logo-novo-fone-1.jpg 599w, https:\/\/senoticias.com.br\/se\/wp-content\/uploads\/2019\/12\/Logo-novo-fone-1-300x39.jpg 300w\" sizes=\"(max-width: 599px) 100vw, 599px\" \/><\/a><\/p>\n<p><em><strong>A<\/strong><strong>companhe tamb\u00e9m o SE Not\u00edcias no\u00a0<a href=\"https:\/\/www.instagram.com\/senoticias\/\">Instagram<\/a>,\u00a0<a href=\"https:\/\/twitter.com\/home\">Twitter<\/a>\u00a0e no\u00a0<a href=\"https:\/\/web.facebook.com\/senoticias1\/\">Facebook<\/a><\/strong><\/em><\/p>\n<p>&nbsp;<\/p>\n","protected":false},"excerpt":{"rendered":"<p>A delegacia de Po\u00e7o Redondo vai investigar o quebra-quebra que aconteceu na C\u00e2mara de Vereadores do munic\u00edpio durante a sess\u00e3o da \u00faltima segunda-feira, 23. Portas de vidro, m\u00f3veis e cadeiras foram quebradas durante uma confus\u00e3o envolvendo os vereadores. Os parlamentares votavam o projeto do or\u00e7amento do munic\u00edpio para 2020 quando houve uma discord\u00e2ncia entre os [&hellip;]<\/p>\n","protected":false},"author":6557,"featured_media":0,"comment_status":"closed","ping_status":"closed","sticky":false,"template":"","format":"standard","meta":{"footnotes":""},"categories":[15,6],"tags":[3444,4108,3114,3544,3901,217],"class_list":{"0":"post-121359","1":"post","2":"type-post","3":"status-publish","4":"format-standard","6":"category-destaques","7":"category-politica","8":"tag-camara","9":"tag-confusao","10":"tag-investigacao","11":"tag-poco-redondo","12":"tag-ssp","13":"tag-vereadores"},"_links":{"self":[{"href":"https:\/\/senoticias.com.br\/se\/wp-json\/wp\/v2\/posts\/121359"}],"collection":[{"href":"https:\/\/senoticias.com.br\/se\/wp-json\/wp\/v2\/posts"}],"about":[{"href":"https:\/\/senoticias.com.br\/se\/wp-json\/wp\/v2\/types\/post"}],"author":[{"embeddable":true,"href":"https:\/\/senoticias.com.br\/se\/wp-json\/wp\/v2\/users\/6557"}],"replies":[{"embeddable":true,"href":"https:\/\/senoticias.com.br\/se\/wp-json\/wp\/v2\/comments?post=121359"}],"version-history":[{"count":0,"href":"https:\/\/senoticias.com.br\/se\/wp-json\/wp\/v2\/posts\/121359\/revisions"}],"wp:attachment":[{"href":"https:\/\/senoticias.com.br\/se\/wp-json\/wp\/v2\/media?parent=121359"}],"wp:term":[{"taxonomy":"category","embeddable":true,"href":"https:\/\/senoticias.com.br\/se\/wp-json\/wp\/v2\/categories?post=121359"},{"taxonomy":"post_tag","embeddable":true,"href":"https:\/\/senoticias.com.br\/se\/wp-json\/wp\/v2\/tags?post=121359"}],"curies":[{"name":"wp","href":"https:\/\/api.w.org\/{rel}","templated":true}]}}