{"id":121358,"date":"2019-12-24T20:00:21","date_gmt":"2019-12-24T23:00:21","guid":{"rendered":"https:\/\/senoticias.com.br\/se\/?p=121358"},"modified":"2019-12-24T21:51:49","modified_gmt":"2019-12-25T00:51:49","slug":"apos-dois-meses-em-obras-prefeitura-de-sao-cristovao-libera-via-que-liga-aracaju-a-sao-cristovao","status":"publish","type":"post","link":"https:\/\/senoticias.com.br\/se\/apos-dois-meses-em-obras-prefeitura-de-sao-cristovao-libera-via-que-liga-aracaju-a-sao-cristovao\/","title":{"rendered":"Ap\u00f3s dois meses em obras, prefeitura de S\u00e3o Crist\u00f3v\u00e3o libera tr\u00e2nsito na antiga estrada da Cabrita."},"content":{"rendered":"<p>&nbsp;<\/p>\n<p style=\"text-align: justify;\">A prefeitura de S\u00e3o Crist\u00f3v\u00e3o informa que o tr\u00e2nsito do bairro Marcelo D\u00e9da foi liberado nesta ter\u00e7a-feira, 23. A via estava interrompida devido \u00e0s obras de eleva\u00e7\u00e3o da pavimenta\u00e7\u00e3o da rua Ant\u00f4nio Silveira (antiga estrada de Cabrita).<\/p>\n<p style=\"text-align: justify;\">A obra realizada pela Prefeitura de S\u00e3o Crist\u00f3v\u00e3o foi uma medida de preven\u00e7\u00e3o contra enchentes, e teve participa\u00e7\u00e3o direta das construtoras que possuem empreendimentos no local. As interven\u00e7\u00f5es consistiram na aplica\u00e7\u00e3o de cerca de 2.250 metros quadrados de pavimenta\u00e7\u00e3o, rede de drenagem e mil metros quadrados de cal\u00e7adas.<\/p>\n<p style=\"text-align: justify;\">\u201c\u00c9 uma obra importante que resolve definitivamente o problema de alagamento nesse trecho, onde atingiu eleva\u00e7\u00e3o do piso da rua em 30 cent\u00edmetros. A parceria entre a gest\u00e3o e a inciativa privada refor\u00e7a a a\u00e7\u00e3o na \u00e1rea, diante das impossibilidades enfrentadas pela prefeitura\u201d, enfatizou o Prefeito Marcos Santana.<\/p>\n<p style=\"text-align: justify;\">Em entrevista a reportagem do Portal SE Not\u00edcias, o prefeito Marcos Santana refor\u00e7ou que a solicita\u00e7\u00e3o de parceria entre gest\u00e3o e empres\u00e1rios reflete na responsabilidade dos investimentos feitos pelas construtoras na \u00e1rea.\u201d O que precisamos \u00e9 recuperar alguns pontos da extens\u00e3o da via, causados por problemas de recalques do solo, ocasionado pelo servi\u00e7o incorreto da base e sub &#8211; base.<\/p>\n<p style=\"text-align: justify;\">Com a recupera\u00e7\u00e3o dos pontos citados pelo gestor, o tr\u00e2nsito na \u00e1rea estar\u00e1 seguro e confort\u00e1vel para quem precisa utilizar a via. O prefeito Marcos Santana afirmou que a prefeitura vai continuar fazendo obras de recupera\u00e7\u00e3o na segunda etapa da via, da lateral do condom\u00ednio Portal das Flores at\u00e9 o condom\u00ednio Via Monte.<\/p>\n<p><a href=\"https:\/\/senoticias.com.br\/se\/wp-content\/uploads\/2019\/12\/Logo-novo-fone.jpg\"><img loading=\"lazy\" decoding=\"async\" class=\"alignnone size-full wp-image-121259\" src=\"https:\/\/senoticias.com.br\/se\/wp-content\/uploads\/2019\/12\/Logo-novo-fone.jpg\" alt=\"\" width=\"599\" height=\"78\" srcset=\"https:\/\/senoticias.com.br\/se\/wp-content\/uploads\/2019\/12\/Logo-novo-fone.jpg 599w, https:\/\/senoticias.com.br\/se\/wp-content\/uploads\/2019\/12\/Logo-novo-fone-300x39.jpg 300w\" sizes=\"(max-width: 599px) 100vw, 599px\" \/><\/a><\/p>\n<p>&nbsp;<\/p>\n<p><em><strong>A<\/strong><strong>companhe tamb\u00e9m o SE Not\u00edcias no\u00a0<a href=\"https:\/\/www.instagram.com\/senoticias\/\">Instagram<\/a>,\u00a0<a href=\"https:\/\/twitter.com\/home\">Twitter<\/a>\u00a0e no\u00a0<a href=\"https:\/\/web.facebook.com\/senoticias1\/\">Facebook<\/a><\/strong><\/em><\/p>\n<p>Por Reda\u00e7\u00e3o SE Not\u00edcias<\/p>\n","protected":false},"excerpt":{"rendered":"<p>&nbsp; A prefeitura de S\u00e3o Crist\u00f3v\u00e3o informa que o tr\u00e2nsito do bairro Marcelo D\u00e9da foi liberado nesta ter\u00e7a-feira, 23. A via estava interrompida devido \u00e0s obras de eleva\u00e7\u00e3o da pavimenta\u00e7\u00e3o da rua Ant\u00f4nio Silveira (antiga estrada de Cabrita). A obra realizada pela Prefeitura de S\u00e3o Crist\u00f3v\u00e3o foi uma medida de preven\u00e7\u00e3o contra enchentes, e teve [&hellip;]<\/p>\n","protected":false},"author":6552,"featured_media":0,"comment_status":"closed","ping_status":"closed","sticky":false,"template":"","format":"standard","meta":{"footnotes":""},"categories":[38,1],"tags":[13706,13705,8291],"class_list":{"0":"post-121358","1":"post","2":"type-post","3":"status-publish","4":"format-standard","6":"category-municipios","7":"category-sem-categoria","8":"tag-antiga-estrada-da-cabrita","9":"tag-bairro-marcelo-deda","10":"tag-marcelo-deda"},"_links":{"self":[{"href":"https:\/\/senoticias.com.br\/se\/wp-json\/wp\/v2\/posts\/121358"}],"collection":[{"href":"https:\/\/senoticias.com.br\/se\/wp-json\/wp\/v2\/posts"}],"about":[{"href":"https:\/\/senoticias.com.br\/se\/wp-json\/wp\/v2\/types\/post"}],"author":[{"embeddable":true,"href":"https:\/\/senoticias.com.br\/se\/wp-json\/wp\/v2\/users\/6552"}],"replies":[{"embeddable":true,"href":"https:\/\/senoticias.com.br\/se\/wp-json\/wp\/v2\/comments?post=121358"}],"version-history":[{"count":0,"href":"https:\/\/senoticias.com.br\/se\/wp-json\/wp\/v2\/posts\/121358\/revisions"}],"wp:attachment":[{"href":"https:\/\/senoticias.com.br\/se\/wp-json\/wp\/v2\/media?parent=121358"}],"wp:term":[{"taxonomy":"category","embeddable":true,"href":"https:\/\/senoticias.com.br\/se\/wp-json\/wp\/v2\/categories?post=121358"},{"taxonomy":"post_tag","embeddable":true,"href":"https:\/\/senoticias.com.br\/se\/wp-json\/wp\/v2\/tags?post=121358"}],"curies":[{"name":"wp","href":"https:\/\/api.w.org\/{rel}","templated":true}]}}