{"id":121352,"date":"2019-12-24T08:32:24","date_gmt":"2019-12-24T11:32:24","guid":{"rendered":"https:\/\/senoticias.com.br\/se\/?p=121352"},"modified":"2019-12-24T08:32:24","modified_gmt":"2019-12-24T11:32:24","slug":"confira-a-lista-de-cargos-extintos-ou-vedados-pelo-governo","status":"publish","type":"post","link":"https:\/\/senoticias.com.br\/se\/confira-a-lista-de-cargos-extintos-ou-vedados-pelo-governo\/","title":{"rendered":"Confira a lista de cargos extintos ou vedados pelo governo"},"content":{"rendered":"<p style=\"text-align: justify;\">As \u00e1reas de sa\u00fade, comunica\u00e7\u00e3o e audiovisual s\u00e3o as mais afetadas pela extin\u00e7\u00e3o de 27,5 mil postos de trabalho no governo federal, publicada na \u00faltima sexta-feira, 20, no Di\u00e1rio Oficial da Uni\u00e3o. A extin\u00e7\u00e3o n\u00e3o afetar\u00e1 os ocupantes atuais das fun\u00e7\u00f5es. Segundo o Minist\u00e9rio da Economia, os cargos desaparecer\u00e3o gradualmente, \u00e0 medida que os servidores se aposentarem e n\u00e3o forem repostos.<\/p>\n<div id=\"attachment_121353\" style=\"width: 560px\" class=\"wp-caption aligncenter\"><a href=\"https:\/\/senoticias.com.br\/se\/wp-content\/uploads\/2019\/12\/concurso_prova_fotopixabay_111019-e1570834513394.jpg\"><img loading=\"lazy\" decoding=\"async\" aria-describedby=\"caption-attachment-121353\" class=\"size-full wp-image-121353\" src=\"https:\/\/senoticias.com.br\/se\/wp-content\/uploads\/2019\/12\/concurso_prova_fotopixabay_111019-e1570834513394.jpg\" alt=\"\" width=\"550\" height=\"365\" srcset=\"https:\/\/senoticias.com.br\/se\/wp-content\/uploads\/2019\/12\/concurso_prova_fotopixabay_111019-e1570834513394.jpg 550w, https:\/\/senoticias.com.br\/se\/wp-content\/uploads\/2019\/12\/concurso_prova_fotopixabay_111019-e1570834513394-300x199.jpg 300w, https:\/\/senoticias.com.br\/se\/wp-content\/uploads\/2019\/12\/concurso_prova_fotopixabay_111019-e1570834513394-90x60.jpg 90w, https:\/\/senoticias.com.br\/se\/wp-content\/uploads\/2019\/12\/concurso_prova_fotopixabay_111019-e1570834513394-180x120.jpg 180w, https:\/\/senoticias.com.br\/se\/wp-content\/uploads\/2019\/12\/concurso_prova_fotopixabay_111019-e1570834513394-95x64.jpg 95w\" sizes=\"(max-width: 550px) 100vw, 550px\" \/><\/a><p id=\"caption-attachment-121353\" class=\"wp-caption-text\">un\u00e7\u00f5es ser\u00e3o terceirizadas ou repassadas a governos locais (Foto: StockSnap\/Pixabay)<\/p><\/div>\n<p style=\"text-align: justify;\">De acordo com a Secretaria de Gest\u00e3o e Desempenho de Pessoal da pasta, o decreto teve como objetivo adequar o servi\u00e7o p\u00fablico aos tempos atuais, em que diversos cargos, como mateiro, discotec\u00e1rio, t\u00e9cnico de m\u00f3veis e esquadrias e seringueiro, est\u00e3o obsoletos. Outras fun\u00e7\u00f5es, informou o \u00f3rg\u00e3o, t\u00eam sido terceirizadas e descentralizadas a governos estaduais e prefeituras, o que n\u00e3o justificaria a realiza\u00e7\u00e3o de concursos p\u00fablicos federais.<\/p>\n<p style=\"text-align: justify;\">Os editais e concursos em andamento n\u00e3o ser\u00e3o cancelados. Al\u00e9m de extinguir os postos de trabalho, o decreto veda a realiza\u00e7\u00e3o de concursos para fun\u00e7\u00f5es existentes no plano de cargos t\u00e9cnicos e administrativos das institui\u00e7\u00f5es de ensino. A proibi\u00e7\u00e3o abrange cerca de 20 mil cargos do Minist\u00e9rio da Educa\u00e7\u00e3o e de suas institui\u00e7\u00f5es federais de ensino, o que representa 68 denomina\u00e7\u00f5es de cargos.<\/p>\n<p style=\"text-align: justify;\">Confira a lista completa:<\/p>\n<p style=\"text-align: justify;\">Cargos extintos<\/p>\n<p style=\"text-align: justify;\">Advocacia-Geral da Uni\u00e3o<\/p>\n<p style=\"text-align: justify;\">Administrador<br \/>\nBibliotec\u00e1rio-documentalista<br \/>\nEngenheiro agr\u00f4nomo<br \/>\nPublicit\u00e1rio<br \/>\nT\u00e9cnico em assuntos educacionais<br \/>\nT\u00e9cnico em contabilidade<br \/>\nT\u00e9cnico em secretariado<br \/>\nCarreira da Previd\u00eancia, da Sa\u00fade e do Trabalho<\/p>\n<p style=\"text-align: justify;\">Agente de inspe\u00e7\u00e3o sanit\u00e1ria e industrial de produtos de origem animal<br \/>\nAgente de sa\u00fade p\u00fablica<br \/>\nAuxiliar de laborat\u00f3rio<br \/>\nAuxiliar de saneamento<br \/>\nCart\u00f3grafo<br \/>\nDesenhista<br \/>\nGuarda de endemias<br \/>\nLaboratorista<br \/>\nMicroscopista<br \/>\nT\u00e9cnico em cartografia<br \/>\nCarreira do Seguro Social<\/p>\n<p style=\"text-align: justify;\">Auxiliar de enfermagem<br \/>\nDesenhista<br \/>\nT\u00e9cnico de servi\u00e7os diversos<br \/>\nComando da Marinha<\/p>\n<p style=\"text-align: justify;\">T\u00e9cnico federal de Finan\u00e7as e Controle<br \/>\nFunda\u00e7\u00e3o Nacional de Sa\u00fade (Funasa)<\/p>\n<p style=\"text-align: justify;\">Administrador<br \/>\nArquiteto<br \/>\nAssistente social<br \/>\nEconomista<br \/>\nEnfermeiro<br \/>\nEnfermeiro<br \/>\nFarmac\u00eautico<br \/>\nFarmac\u00eautico bioqu\u00edmico<br \/>\nNutricionista<br \/>\nOdont\u00f3logo<br \/>\nPsic\u00f3logo<br \/>\nT\u00e9cnico de laborat\u00f3rio<br \/>\nTerapeuta ocupacional<br \/>\nFunda\u00e7\u00e3o Oswaldo Cruz (Fiocruz)<\/p>\n<p style=\"text-align: justify;\">Administrador<br \/>\nArquiteto<br \/>\nAuxiliar t\u00e9cnico<br \/>\nEnfermeiro<br \/>\nFot\u00f3grafo<br \/>\nOdont\u00f3logo \u2013 40 horas<br \/>\nPsic\u00f3logo<br \/>\nInstituto Brasileiro de Museus (Ibram)<\/p>\n<p style=\"text-align: justify;\">Auxiliar institucional 1<br \/>\nMinist\u00e9rio da Agricultura<\/p>\n<p style=\"text-align: justify;\">Agente de inspe\u00e7\u00e3o sanit\u00e1ria<br \/>\nAuxiliar de laborat\u00f3rio<br \/>\nMinist\u00e9rio da CidadaniaAssistente social<br \/>\nProfessor ensino b\u00e1sico-tecnol\u00f3gico<br \/>\nPsic\u00f3logo<br \/>\nMinist\u00e9rio da Fazenda (hoje Minist\u00e9rio da Economia)<\/p>\n<p style=\"text-align: justify;\">Agente de servi\u00e7os de engenharia<br \/>\nAnalista de sistemas<br \/>\nMinist\u00e9rio da Infraestrutura<\/p>\n<p style=\"text-align: justify;\">T\u00e9cnico federal de Finan\u00e7as e Controle<br \/>\nMinist\u00e9rio da Sa\u00fade<\/p>\n<p style=\"text-align: justify;\">Arquivista<br \/>\nAssistente social<br \/>\nAuxiliar de higiene dental<br \/>\nEnfermeiro<br \/>\nFarmac\u00eautico<br \/>\nFarmac\u00eautico bioqu\u00edmico<br \/>\nFisioterapeuta<br \/>\nFonoaudi\u00f3logo<br \/>\nNutricionista<br \/>\nOdont\u00f3logo \u2013 30 horas<br \/>\nOdont\u00f3logo \u2013 40 horas<br \/>\nPsic\u00f3logo<br \/>\nT\u00e9cnico de laborat\u00f3rio<br \/>\nT\u00e9cnico em assuntos educacionais<br \/>\nT\u00e9cnico em radiologia<br \/>\nT\u00e9cnico em radiologia 24 horas<br \/>\nT\u00e9cnico federal de Finan\u00e7as e Controle<br \/>\nTerapeuta ocupacional<br \/>\nPessoal t\u00e9cnico-administrativo das Institui\u00e7\u00f5es Federais de Ensino<\/p>\n<p style=\"text-align: justify;\">Operador de radiotelecomunica\u00e7\u00f5es<br \/>\nT\u00e9cnico em eletricidade<br \/>\nT\u00e9cnico em m\u00f3veis e esquadrias<br \/>\nPessoal t\u00e9cnico mar\u00edtimo das Institui\u00e7\u00f5es Federais de Ensino<\/p>\n<p style=\"text-align: justify;\">Contramestre fluvial<br \/>\nContramestre mar\u00edtimo<br \/>\nPlano de carreira dos cargos de Reforma e Desenvolvimento Agr\u00e1rio<\/p>\n<p style=\"text-align: justify;\">Analista de sistemas<br \/>\nDesenhista<br \/>\nT\u00e9cnico agr\u00edcola<br \/>\nPlano de carreiras dos cargos t\u00e9cnico-administrativos em educa\u00e7\u00e3o<\/p>\n<p style=\"text-align: justify;\">Afinador de instrumentos musicais<br \/>\nAuxiliar de creche<br \/>\nAuxiliar de enfermagem \u2013 30 horas<br \/>\nCamareiro de espet\u00e1culo<br \/>\nContrarregra<br \/>\nCostureiro de espet\u00e1culo-cen\u00e1rio<br \/>\nCozinheiro de embarca\u00e7\u00f5es<br \/>\nDatil\u00f3grafo de textos gr\u00e1ficos<br \/>\nDetonador<br \/>\nDiscotec\u00e1rio<br \/>\nFotogravador<br \/>\nGuarda florestal<br \/>\nImpositor<br \/>\nLinotipista<br \/>\nLocutor \u2013 25 horas<br \/>\nMarinheiro de m\u00e1quinas<br \/>\nMarinheiro fluvial de m\u00e1quinas<br \/>\nMateiro<br \/>\nMec\u00e2nico apoio mar\u00edtimo<br \/>\nMec\u00e2nico de montagem e manuten\u00e7\u00e3o<br \/>\nMestre de embarca\u00e7\u00f5es de pequeno porte<br \/>\nMontador cinematogr\u00e1fico<br \/>\nOperador de caldeira<br \/>\nOperador de central hidrel\u00e9trica<br \/>\nOperador de m\u00e1quinas fotocompositoras<br \/>\nRevisor de provas tipogr\u00e1ficas<br \/>\nSegundo condutor<br \/>\nSeringueiro<br \/>\nT\u00e9cnico de laborat\u00f3rio \u2013 dl 1445-76<br \/>\nT\u00e9cnico em aerofotogrametria<br \/>\nT\u00e9cnico em cartografia<br \/>\nT\u00e9cnico em curtume e tanagem<br \/>\nT\u00e9cnico em economia dom\u00e9stica<br \/>\nT\u00e9cnico em educa\u00e7\u00e3o f\u00edsica<br \/>\nT\u00e9cnico em eletroeletr\u00f4nica<br \/>\nT\u00e9cnico em enfermagem do trabalho<br \/>\nT\u00e9cnico em enologia<br \/>\nT\u00e9cnico em estrada<br \/>\nT\u00e9cnico em microfilmagem<br \/>\nT\u00e9cnico em ort\u00f3ptica<br \/>\nT\u00e9cnico em reabilita\u00e7\u00e3o ou fisioterapia<br \/>\nT\u00e9cnico em saneamento<br \/>\nTelefonista \u2013 30 horas<br \/>\nVisitador sanit\u00e1rio<br \/>\nPlano de Classifica\u00e7\u00e3o de Cargos<\/p>\n<p style=\"text-align: justify;\">Auxiliar operacional de agropecu\u00e1ria<br \/>\nPlano especial de cargos da Cultura<\/p>\n<p style=\"text-align: justify;\">Assistente de secretaria 1<br \/>\nSistema de pessoal civil da administra\u00e7\u00e3o federal<\/p>\n<p style=\"text-align: justify;\">Administrador<br \/>\nAssistente de Laborat\u00f3rio<br \/>\nAssistente social<br \/>\nAssistente social<br \/>\nEnfermeiro<br \/>\nEnfermeiro-\u00e1rea<br \/>\nFarmac\u00eautico<br \/>\nFarmac\u00eautico bioqu\u00edmico<br \/>\nFisioterapeuta<br \/>\nNutricionista<br \/>\nOdont\u00f3logo \u2013 30 horas<br \/>\nPsic\u00f3logo<br \/>\nT\u00e9cnico de laborat\u00f3rio<br \/>\nT\u00e9cnico em Assuntos Educacionais<br \/>\nT\u00e9cnico em Radiologia<br \/>\nConcursos vedados em institui\u00e7\u00f5es de ensino federais:<\/p>\n<p style=\"text-align: justify;\">Administrador de edif\u00edcios<br \/>\nAssistente de dire\u00e7\u00e3o e produ\u00e7\u00e3o<br \/>\nAssistente de tecnologia da informa\u00e7\u00e3o<br \/>\nAssistente t\u00e9cnico de embarca\u00e7\u00f5es<br \/>\nAuxiliar de enfermagem<br \/>\nCenot\u00e9cnico<br \/>\nConfeccionador de instrumentos musicais<br \/>\nCore\u00f3grafo<br \/>\nDesenhista t\u00e9cnico especializado<br \/>\nDiretor de artes c\u00eanicas<br \/>\nDiretor de fotografia<br \/>\nDiretor de produ\u00e7\u00e3o<br \/>\nEditor de imagens<br \/>\nEditor de publica\u00e7\u00f5es<br \/>\nInstrumentador cir\u00fargico<br \/>\nJornalista<br \/>\nLocutor<br \/>\nMestre de edifica\u00e7\u00f5es e infraestrutura<br \/>\nM\u00fasico-terapeuta<br \/>\nOperador de c\u00e2mera de cinema e tv<br \/>\nOperador de luz<br \/>\nOperador de radiotelecomunica\u00e7\u00f5es<br \/>\nProgramador de r\u00e1dio e televis\u00e3o<br \/>\nProgramador visual<br \/>\nPublicit\u00e1rio<br \/>\nRedator<br \/>\nRegente<br \/>\nRela\u00e7\u00f5es publicas<br \/>\nRevisor de textos braille<br \/>\nRoteirista<br \/>\nSanitarista<br \/>\nTaxidermista<br \/>\nT\u00e9cnico de equipamento medico odontol\u00f3gico<br \/>\nT\u00e9cnico em agrimensura<br \/>\nT\u00e9cnico em alimentos e latic\u00ednios<br \/>\nT\u00e9cnico em anatomia e necropsia<br \/>\nT\u00e9cnico em artes gr\u00e1ficas<br \/>\nT\u00e9cnico em audiovisual<br \/>\nT\u00e9cnico em cinematografia<br \/>\nT\u00e9cnico em edifica\u00e7\u00f5es<br \/>\nT\u00e9cnico em eletricidade<br \/>\nT\u00e9cnico em eletromec\u00e2nica<br \/>\nT\u00e9cnico em eletr\u00f4nica<br \/>\nT\u00e9cnico em eletrot\u00e9cnica<br \/>\nT\u00e9cnico em estat\u00edstica<br \/>\nT\u00e9cnico em geologia<br \/>\nT\u00e9cnico em herb\u00e1rio<br \/>\nT\u00e9cnico em hidrologia<br \/>\nT\u00e9cnico em higiene dental<br \/>\nT\u00e9cnico em instrumenta\u00e7\u00e3o<br \/>\nT\u00e9cnico em manuten\u00e7\u00e3o de \u00e1udio v\u00eddeo<br \/>\nT\u00e9cnico em mec\u00e2nica<br \/>\nT\u00e9cnico em metalurgia<br \/>\nT\u00e9cnico em meteorologia<br \/>\nT\u00e9cnico em minera\u00e7\u00e3o<br \/>\nT\u00e9cnico em moveis e esquadrias<br \/>\nT\u00e9cnico em musica<br \/>\nT\u00e9cnico em nutri\u00e7\u00e3o e diet\u00e9tica<br \/>\nT\u00e9cnico em \u00f3tica<br \/>\nT\u00e9cnico em pr\u00f3tese dent\u00e1ria<br \/>\nT\u00e9cnico em qu\u00edmica<br \/>\nT\u00e9cnico em restaura\u00e7\u00e3o<br \/>\nT\u00e9cnico em seguran\u00e7a do trabalho<br \/>\nT\u00e9cnico em som<br \/>\nT\u00e9cnico em telecomunica\u00e7\u00e3o<br \/>\nT\u00e9cnico em telefonia<br \/>\nTradutor int\u00e9rprete de linguagem sinais<br \/>\nTranscritor de sistema braille<\/p>\n<p style=\"text-align: justify;\">\nFonte: Ag\u00eancia Brasil<\/p>\n<p><a href=\"https:\/\/senoticias.com.br\/se\/wp-content\/uploads\/2019\/12\/Logo-novo-fone-1.jpg\"><img loading=\"lazy\" decoding=\"async\" class=\"aligncenter size-full wp-image-121281\" src=\"https:\/\/senoticias.com.br\/se\/wp-content\/uploads\/2019\/12\/Logo-novo-fone-1.jpg\" alt=\"\" width=\"599\" height=\"78\" srcset=\"https:\/\/senoticias.com.br\/se\/wp-content\/uploads\/2019\/12\/Logo-novo-fone-1.jpg 599w, https:\/\/senoticias.com.br\/se\/wp-content\/uploads\/2019\/12\/Logo-novo-fone-1-300x39.jpg 300w\" sizes=\"(max-width: 599px) 100vw, 599px\" \/><\/a><\/p>\n<p><em><strong>A<\/strong><strong>companhe tamb\u00e9m o SE Not\u00edcias no\u00a0<a href=\"https:\/\/www.instagram.com\/senoticias\/\">Instagram<\/a>,\u00a0<a href=\"https:\/\/twitter.com\/home\">Twitter<\/a>\u00a0e no\u00a0<a href=\"https:\/\/web.facebook.com\/senoticias1\/\">Facebook<\/a><\/strong><\/em><\/p>\n","protected":false},"excerpt":{"rendered":"<p>As \u00e1reas de sa\u00fade, comunica\u00e7\u00e3o e audiovisual s\u00e3o as mais afetadas pela extin\u00e7\u00e3o de 27,5 mil postos de trabalho no governo federal, publicada na \u00faltima sexta-feira, 20, no Di\u00e1rio Oficial da Uni\u00e3o. A extin\u00e7\u00e3o n\u00e3o afetar\u00e1 os ocupantes atuais das fun\u00e7\u00f5es. Segundo o Minist\u00e9rio da Economia, os cargos desaparecer\u00e3o gradualmente, \u00e0 medida que os servidores [&hellip;]<\/p>\n","protected":false},"author":6557,"featured_media":0,"comment_status":"closed","ping_status":"closed","sticky":false,"template":"","format":"standard","meta":{"footnotes":""},"categories":[15],"tags":[13701,2002,13702],"class_list":{"0":"post-121352","1":"post","2":"type-post","3":"status-publish","4":"format-standard","6":"category-destaques","7":"tag-cargos-extintos","8":"tag-governo","9":"tag-vedados"},"_links":{"self":[{"href":"https:\/\/senoticias.com.br\/se\/wp-json\/wp\/v2\/posts\/121352"}],"collection":[{"href":"https:\/\/senoticias.com.br\/se\/wp-json\/wp\/v2\/posts"}],"about":[{"href":"https:\/\/senoticias.com.br\/se\/wp-json\/wp\/v2\/types\/post"}],"author":[{"embeddable":true,"href":"https:\/\/senoticias.com.br\/se\/wp-json\/wp\/v2\/users\/6557"}],"replies":[{"embeddable":true,"href":"https:\/\/senoticias.com.br\/se\/wp-json\/wp\/v2\/comments?post=121352"}],"version-history":[{"count":0,"href":"https:\/\/senoticias.com.br\/se\/wp-json\/wp\/v2\/posts\/121352\/revisions"}],"wp:attachment":[{"href":"https:\/\/senoticias.com.br\/se\/wp-json\/wp\/v2\/media?parent=121352"}],"wp:term":[{"taxonomy":"category","embeddable":true,"href":"https:\/\/senoticias.com.br\/se\/wp-json\/wp\/v2\/categories?post=121352"},{"taxonomy":"post_tag","embeddable":true,"href":"https:\/\/senoticias.com.br\/se\/wp-json\/wp\/v2\/tags?post=121352"}],"curies":[{"name":"wp","href":"https:\/\/api.w.org\/{rel}","templated":true}]}}