{"id":121328,"date":"2019-12-22T20:21:45","date_gmt":"2019-12-22T23:21:45","guid":{"rendered":"https:\/\/senoticias.com.br\/se\/?p=121328"},"modified":"2019-12-22T22:53:42","modified_gmt":"2019-12-23T01:53:42","slug":"calendario-de-pagamento-do-ipva-2020-e-divulgado","status":"publish","type":"post","link":"https:\/\/senoticias.com.br\/se\/calendario-de-pagamento-do-ipva-2020-e-divulgado\/","title":{"rendered":"Calend\u00e1rio de pagamento do IPVA 2020 \u00e9 divulgado"},"content":{"rendered":"<p style=\"text-align: justify;\">O Governo do Estado de Sergipe divulgou na quarta-feira,18, as datas de pagamento do IPVA para o exerc\u00edcio 2020 para os ve\u00edculos do estado. O desconto de 10% no valor para ve\u00edculo com qualquer termina\u00e7\u00e3o de placa poder\u00e1 ser feito integralmente at\u00e9 28 de fevereiro de 2020, desde que o contribuinte n\u00e3o possua d\u00e9bito do imposto relativo a exerc\u00edcios anteriores.<\/p>\n<div id=\"attachment_112880\" style=\"width: 609px\" class=\"wp-caption alignnone\"><a href=\"https:\/\/senoticias.com.br\/se\/wp-content\/uploads\/2018\/05\/placas-mercosul-SENOTICIAS-e1526061212467.png\"><img loading=\"lazy\" decoding=\"async\" aria-describedby=\"caption-attachment-112880\" class=\"size-full wp-image-112880\" src=\"https:\/\/senoticias.com.br\/se\/wp-content\/uploads\/2018\/05\/placas-mercosul-SENOTICIAS-e1526061212467.png\" alt=\"\" width=\"599\" height=\"449\" \/><\/a><p id=\"caption-attachment-112880\" class=\"wp-caption-text\">O desconto de 10% no valor para ve\u00edculo com qualquer termina\u00e7\u00e3o de placa poder\u00e1 ser feito integralmente at\u00e9 28 de fevereiro de 2020. (Foto: Tecnoblog)<\/p><\/div>\n<p>O Documento \u00danico de Arrecada\u00e7\u00e3o (DUA) poder\u00e1 ser emitido pelo site do Detran ou da Secretaria de Estado da Fazenda (Sefaz).<\/p>\n<p><strong>Confira o Calend\u00e1rio:<\/strong><\/p>\n<p><a href=\"https:\/\/senoticias.com.br\/se\/wp-content\/uploads\/2019\/12\/detran-1-e1577065855469.jpg\"><img loading=\"lazy\" decoding=\"async\" class=\"alignnone size-full wp-image-121331\" src=\"https:\/\/senoticias.com.br\/se\/wp-content\/uploads\/2019\/12\/detran-1-e1577065855469.jpg\" alt=\"\" width=\"599\" height=\"375\" \/><\/a><\/p>\n<p style=\"text-align: justify;\">Ainda segundo o Di\u00e1rio, o pagamento do IPVA, juntamente com o licenciamento anual do ve\u00edculo, pode ser efetuado em at\u00e9 10 vezes pelo cart\u00e3o de cr\u00e9dito.<\/p>\n<p>&nbsp;<\/p>\n<p><em><strong>A<\/strong><strong>companhe tamb\u00e9m o SE Not\u00edcias no\u00a0<a href=\"https:\/\/www.instagram.com\/senoticias\/\">Instagram<\/a>,\u00a0<a href=\"https:\/\/twitter.com\/home\">Twitter<\/a>\u00a0e no\u00a0<a href=\"https:\/\/web.facebook.com\/senoticias1\/\">Facebook<\/a><\/strong><\/em><\/p>\n<p><em>Com informa\u00e7\u00f5es do G1 SE<\/em><\/p>\n<p>&nbsp;<\/p>\n<p>&nbsp;<\/p>\n<p>&nbsp;<\/p>\n<p>&nbsp;<\/p>\n<p>&nbsp;<\/p>\n","protected":false},"excerpt":{"rendered":"<p>O Governo do Estado de Sergipe divulgou na quarta-feira,18, as datas de pagamento do IPVA para o exerc\u00edcio 2020 para os ve\u00edculos do estado. O desconto de 10% no valor para ve\u00edculo com qualquer termina\u00e7\u00e3o de placa poder\u00e1 ser feito integralmente at\u00e9 28 de fevereiro de 2020, desde que o contribuinte n\u00e3o possua d\u00e9bito do [&hellip;]<\/p>\n","protected":false},"author":6552,"featured_media":73476,"comment_status":"closed","ping_status":"closed","sticky":false,"template":"","format":"standard","meta":{"footnotes":""},"categories":[15,6,1],"tags":[1828,3956,13695,3729,13694,10364],"class_list":{"0":"post-121328","1":"post","2":"type-post","3":"status-publish","4":"format-standard","5":"has-post-thumbnail","7":"category-destaques","8":"category-politica","9":"category-sem-categoria","10":"tag-detran","11":"tag-ipva","12":"tag-ipva-2020","13":"tag-licenciamento","14":"tag-licenciamento-20202","15":"tag-secretaria-de-estado-da-fazenda"},"_links":{"self":[{"href":"https:\/\/senoticias.com.br\/se\/wp-json\/wp\/v2\/posts\/121328"}],"collection":[{"href":"https:\/\/senoticias.com.br\/se\/wp-json\/wp\/v2\/posts"}],"about":[{"href":"https:\/\/senoticias.com.br\/se\/wp-json\/wp\/v2\/types\/post"}],"author":[{"embeddable":true,"href":"https:\/\/senoticias.com.br\/se\/wp-json\/wp\/v2\/users\/6552"}],"replies":[{"embeddable":true,"href":"https:\/\/senoticias.com.br\/se\/wp-json\/wp\/v2\/comments?post=121328"}],"version-history":[{"count":0,"href":"https:\/\/senoticias.com.br\/se\/wp-json\/wp\/v2\/posts\/121328\/revisions"}],"wp:featuredmedia":[{"embeddable":true,"href":"https:\/\/senoticias.com.br\/se\/wp-json\/wp\/v2\/media\/73476"}],"wp:attachment":[{"href":"https:\/\/senoticias.com.br\/se\/wp-json\/wp\/v2\/media?parent=121328"}],"wp:term":[{"taxonomy":"category","embeddable":true,"href":"https:\/\/senoticias.com.br\/se\/wp-json\/wp\/v2\/categories?post=121328"},{"taxonomy":"post_tag","embeddable":true,"href":"https:\/\/senoticias.com.br\/se\/wp-json\/wp\/v2\/tags?post=121328"}],"curies":[{"name":"wp","href":"https:\/\/api.w.org\/{rel}","templated":true}]}}