{"id":121273,"date":"2019-12-18T08:28:13","date_gmt":"2019-12-18T11:28:13","guid":{"rendered":"https:\/\/senoticias.com.br\/se\/?p=121273"},"modified":"2019-12-18T08:28:13","modified_gmt":"2019-12-18T11:28:13","slug":"duda-e-eleita-pela-segunda-vez-melhor-jogadora-do-circuito-mundial","status":"publish","type":"post","link":"https:\/\/senoticias.com.br\/se\/duda-e-eleita-pela-segunda-vez-melhor-jogadora-do-circuito-mundial\/","title":{"rendered":"Duda \u00e9 eleita pela segunda vez melhor jogadora do Circuito Mundial"},"content":{"rendered":"<p style=\"text-align: justify;\">A atleta brasileira de v\u00f4lei de praia Duda (SE), que forma parceria com \u00c1gatha (PR), foi anunciada no \u00faltimo s\u00e1bado, 14 como a melhor jogadora da temporada 2019 do Circuito Mundial. A divulga\u00e7\u00e3o do pr\u00eamio individual foi realizada pela Federa\u00e7\u00e3o Internacional de Voleibol (Fivb), que confirmou mais dois pr\u00eamios: melhor saque feminino, que tamb\u00e9m ficou com Duda, e melhor saque masculino, vencido pelo quinto ano seguido pelo carioca Evandro.<\/p>\n<div id=\"attachment_121274\" style=\"width: 560px\" class=\"wp-caption aligncenter\"><a href=\"https:\/\/senoticias.com.br\/se\/wp-content\/uploads\/2019\/12\/duda-lisboa-foto-cbv_17122019-scaled-e1576668413993.jpg\"><img loading=\"lazy\" decoding=\"async\" aria-describedby=\"caption-attachment-121274\" class=\"size-full wp-image-121274\" src=\"https:\/\/senoticias.com.br\/se\/wp-content\/uploads\/2019\/12\/duda-lisboa-foto-cbv_17122019-scaled-e1576668413993.jpg\" alt=\"\" width=\"550\" height=\"367\" \/><\/a><p id=\"caption-attachment-121274\" class=\"wp-caption-text\">Atleta sergipana mais uma vez \u00e9 a melhor atleta do Circuito Mundial (Foto: Reprodu\u00e7\u00e3o\/CBV)<\/p><\/div>\n<p style=\"text-align: justify;\">Duda, 21 anos, j\u00e1 havia sido eleita melhor jogadora do mundo na temporada passada, repetindo o feito. No in\u00edcio da semana, a Fivb j\u00e1 havia anunciado a sergipana como melhor jogadora ofensiva do Circuito Mundial 2019. Ao contr\u00e1rio das edi\u00e7\u00f5es anteriores, nesta temporada os pr\u00eamios foram divulgados aos poucos, ao longo de toda semana, com o balan\u00e7o final sendo conhecido no domingo, 15.<\/p>\n<p style=\"text-align: justify;\">Duda comentou a vit\u00f3ria pelo segundo ano no pr\u00eamio principal, de melhor jogadora da temporada, e destacou a import\u00e2ncia da comiss\u00e3o t\u00e9cnica nas conquistas. \u201cN\u00e3o tenho palavras para descrever a felicidade. Foi um ano intenso com a corrida ol\u00edmpica, com v\u00e1rias equipes brasileiras muito fortes competindo por apenas duas vagas aos Jogos de T\u00f3quio e felizmente alcan\u00e7amos o primeiro objetivo principal. Fico feliz por esse reconhecimento, mas estou representando um time. Sem nossa comiss\u00e3o t\u00e9cnica, sem a \u00c1gatha, n\u00e3o venceria nada\u201d, disse Duda, que completou.\u201cO pr\u00eamio de melhor saque \u00e9 muito gostoso, pois passei a treinar desde 2017 o saque viagem com mais frequ\u00eancia, tentando aperfei\u00e7oar o movimento, equilibrar for\u00e7a e t\u00e9cnica. M\u00e9rito tamb\u00e9m da comiss\u00e3o t\u00e9cnica, que me incentivou a evoluir nesse fundamento\u201d, disse.<\/p>\n<p style=\"text-align: justify;\">Duda \u00e9 a terceira brasileira a vencer o pr\u00eamio de melhor jogadora da temporada, criado somente em 2005. Larissa (2006 e 2015) e Juliana (2009, 2010, 2011) tamb\u00e9m conquistaram o pr\u00eamio. A sergipana tricampe\u00e3 mundial sub-19 e bicampe\u00e3 mundial sub-21 j\u00e1 soma sete premia\u00e7\u00f5es individuais do Circuito Mundial (veja todas abaixo).<\/p>\n<p style=\"text-align: justify;\">PR\u00caMIOS INDIVIDUAIS<\/p>\n<p style=\"text-align: justify;\">Duda<br \/>\nMelhor jogadora do Circuito Mundial 2018 e 2019<br \/>\nMelhor jogadora ofensiva do Circuito Mundial 2018 e 2019<br \/>\nMelhor ataque do Circuito Mundial 2018<br \/>\nEleita a melhor novata do Circuito Mundial 2016<br \/>\nMelhor recep\u00e7\u00e3o do Circuito Brasileiro 17\/18<br \/>\nAtleta que mais evoluiu no Circuito Brasileiro 15\/16<br \/>\nEleita revela\u00e7\u00e3o do Circuito Brasileiro 13\/14<\/p>\n<p style=\"text-align: justify;\">Fonte: CBV<\/p>\n<p><a href=\"https:\/\/senoticias.com.br\/se\/wp-content\/uploads\/2019\/12\/Logo-novo-fone.jpg\"><img loading=\"lazy\" decoding=\"async\" class=\"aligncenter size-full wp-image-121259\" src=\"https:\/\/senoticias.com.br\/se\/wp-content\/uploads\/2019\/12\/Logo-novo-fone.jpg\" alt=\"\" width=\"599\" height=\"78\" srcset=\"https:\/\/senoticias.com.br\/se\/wp-content\/uploads\/2019\/12\/Logo-novo-fone.jpg 599w, https:\/\/senoticias.com.br\/se\/wp-content\/uploads\/2019\/12\/Logo-novo-fone-300x39.jpg 300w\" sizes=\"(max-width: 599px) 100vw, 599px\" \/><\/a><\/p>\n<p><em><strong>A<\/strong><strong>companhe tamb\u00e9m o SE Not\u00edcias no\u00a0<a href=\"https:\/\/www.instagram.com\/senoticias\/\">Instagram<\/a>,\u00a0<a href=\"https:\/\/twitter.com\/home\">Twitter<\/a>\u00a0e no\u00a0<a href=\"https:\/\/web.facebook.com\/senoticias1\/\">Facebook<\/a><\/strong><\/em><\/p>\n","protected":false},"excerpt":{"rendered":"<p>A atleta brasileira de v\u00f4lei de praia Duda (SE), que forma parceria com \u00c1gatha (PR), foi anunciada no \u00faltimo s\u00e1bado, 14 como a melhor jogadora da temporada 2019 do Circuito Mundial. A divulga\u00e7\u00e3o do pr\u00eamio individual foi realizada pela Federa\u00e7\u00e3o Internacional de Voleibol (Fivb), que confirmou mais dois pr\u00eamios: melhor saque feminino, que tamb\u00e9m ficou [&hellip;]<\/p>\n","protected":false},"author":6557,"featured_media":0,"comment_status":"closed","ping_status":"closed","sticky":false,"template":"","format":"standard","meta":{"footnotes":""},"categories":[15,39],"tags":[3712,3260,13670],"class_list":{"0":"post-121273","1":"post","2":"type-post","3":"status-publish","4":"format-standard","6":"category-destaques","7":"category-esporte","8":"tag-circuito-mundial","9":"tag-duda","10":"tag-melhor-jogadora"},"_links":{"self":[{"href":"https:\/\/senoticias.com.br\/se\/wp-json\/wp\/v2\/posts\/121273"}],"collection":[{"href":"https:\/\/senoticias.com.br\/se\/wp-json\/wp\/v2\/posts"}],"about":[{"href":"https:\/\/senoticias.com.br\/se\/wp-json\/wp\/v2\/types\/post"}],"author":[{"embeddable":true,"href":"https:\/\/senoticias.com.br\/se\/wp-json\/wp\/v2\/users\/6557"}],"replies":[{"embeddable":true,"href":"https:\/\/senoticias.com.br\/se\/wp-json\/wp\/v2\/comments?post=121273"}],"version-history":[{"count":0,"href":"https:\/\/senoticias.com.br\/se\/wp-json\/wp\/v2\/posts\/121273\/revisions"}],"wp:attachment":[{"href":"https:\/\/senoticias.com.br\/se\/wp-json\/wp\/v2\/media?parent=121273"}],"wp:term":[{"taxonomy":"category","embeddable":true,"href":"https:\/\/senoticias.com.br\/se\/wp-json\/wp\/v2\/categories?post=121273"},{"taxonomy":"post_tag","embeddable":true,"href":"https:\/\/senoticias.com.br\/se\/wp-json\/wp\/v2\/tags?post=121273"}],"curies":[{"name":"wp","href":"https:\/\/api.w.org\/{rel}","templated":true}]}}