{"id":121269,"date":"2019-12-18T07:15:57","date_gmt":"2019-12-18T10:15:57","guid":{"rendered":"https:\/\/senoticias.com.br\/se\/?p=121269"},"modified":"2019-12-18T07:16:45","modified_gmt":"2019-12-18T10:16:45","slug":"medico-apoiador-da-lava-jato-e-um-dos-homens-presos-por-se-divertirem-com-sofrimento-de-caes","status":"publish","type":"post","link":"https:\/\/senoticias.com.br\/se\/medico-apoiador-da-lava-jato-e-um-dos-homens-presos-por-se-divertirem-com-sofrimento-de-caes\/","title":{"rendered":"M\u00e9dico preso em rinha de c\u00e3es em SP \u00e9 de Goi\u00e1s e teve que pagar quase R$ 60 mil de fian\u00e7a"},"content":{"rendered":"<p style=\"text-align: justify;\">O m\u00e9dico Le\u00f4nidas Bueno Fernandes Filho, <a href=\"https:\/\/globoplay.globo.com\/v\/8173324\/\"><strong>preso na rinha de c\u00e3es<\/strong><\/a> em Mairipor\u00e3, \u00e9 o que se pode definir como cidad\u00e3o de bem.<\/p>\n<p style=\"text-align: justify;\">Em seu perfil no Facebook, ele publica mensagens de apoio ao combate \u00e0 corrup\u00e7\u00e3o, com apoio \u00e0 Lava Jato, memes contra Lula e outras lideran\u00e7as de esquerda, e at\u00e9 um post indignado com a morte de uma on\u00e7a que participou de um evento do Ex\u00e9rcito, no Amazonas.<\/p>\n<div id=\"attachment_121270\" style=\"width: 610px\" class=\"wp-caption alignnone\"><a href=\"https:\/\/senoticias.com.br\/se\/wp-content\/uploads\/2019\/12\/captura-de-tela-2019-12-17-as-13-16-26-600x300.png\"><img loading=\"lazy\" decoding=\"async\" aria-describedby=\"caption-attachment-121270\" class=\"size-full wp-image-121270\" src=\"https:\/\/senoticias.com.br\/se\/wp-content\/uploads\/2019\/12\/captura-de-tela-2019-12-17-as-13-16-26-600x300.png\" alt=\"\" width=\"600\" height=\"300\" srcset=\"https:\/\/senoticias.com.br\/se\/wp-content\/uploads\/2019\/12\/captura-de-tela-2019-12-17-as-13-16-26-600x300.png 600w, https:\/\/senoticias.com.br\/se\/wp-content\/uploads\/2019\/12\/captura-de-tela-2019-12-17-as-13-16-26-600x300-300x150.png 300w\" sizes=\"(max-width: 600px) 100vw, 600px\" \/><\/a><p id=\"caption-attachment-121270\" class=\"wp-caption-text\">O m\u00e9dico em dois momentos: quando posava de moralista no Face e ao ser preso na rinha onde animais eram maltratados e mortos<\/p><\/div>\n<p style=\"text-align: justify;\">Ao ser preso, tentou convencer os policiais de que estava ali para buscar um pitbull que lhe havia sido dado de presente.<\/p>\n<p style=\"text-align: justify;\">Ele mora em Goi\u00e2nia, a quase 1.000 quil\u00f4metros de Mairipor\u00e3, e foi buscar um cachorro l\u00e1?<\/p>\n<p>&nbsp;<\/p>\n<p>Para ler a mat\u00e9ria completa <a href=\"https:\/\/www.diariodocentrodomundo.com.br\/cidadao-de-bem-medico-apoiador-da-lava-jato-e-um-dos-homens-presos-por-se-divertirem-com-sofrimento-de-caes\/\"><strong>CLIQUE AQUI.<\/strong><\/a><\/p>\n<p>&nbsp;<\/p>\n<p><a href=\"https:\/\/senoticias.com.br\/se\/wp-content\/uploads\/2019\/12\/Logo-novo-fone.jpg\"><img loading=\"lazy\" decoding=\"async\" class=\"alignnone size-full wp-image-121259\" src=\"https:\/\/senoticias.com.br\/se\/wp-content\/uploads\/2019\/12\/Logo-novo-fone.jpg\" alt=\"\" width=\"599\" height=\"78\" srcset=\"https:\/\/senoticias.com.br\/se\/wp-content\/uploads\/2019\/12\/Logo-novo-fone.jpg 599w, https:\/\/senoticias.com.br\/se\/wp-content\/uploads\/2019\/12\/Logo-novo-fone-300x39.jpg 300w\" sizes=\"(max-width: 599px) 100vw, 599px\" \/><\/a><\/p>\n<p>&nbsp;<\/p>\n<p><em><strong>A<\/strong><strong>companhe tamb\u00e9m o SE Not\u00edcias no\u00a0<a href=\"https:\/\/www.instagram.com\/senoticias\/\">Instagram<\/a>,\u00a0<a href=\"https:\/\/twitter.com\/home\">Twitter<\/a>\u00a0e no\u00a0<a href=\"https:\/\/web.facebook.com\/senoticias1\/\">Facebook<\/a><\/strong><\/em><\/p>\n","protected":false},"excerpt":{"rendered":"<p>O m\u00e9dico Le\u00f4nidas Bueno Fernandes Filho, preso na rinha de c\u00e3es em Mairipor\u00e3, \u00e9 o que se pode definir como cidad\u00e3o de bem. Em seu perfil no Facebook, ele publica mensagens de apoio ao combate \u00e0 corrup\u00e7\u00e3o, com apoio \u00e0 Lava Jato, memes contra Lula e outras lideran\u00e7as de esquerda, e at\u00e9 um post indignado [&hellip;]<\/p>\n","protected":false},"author":6552,"featured_media":121270,"comment_status":"closed","ping_status":"closed","sticky":false,"template":"","format":"standard","meta":{"footnotes":""},"categories":[15,7],"tags":[13669,13668,13667],"class_list":{"0":"post-121269","1":"post","2":"type-post","3":"status-publish","4":"format-standard","5":"has-post-thumbnail","7":"category-destaques","8":"category-policia","9":"tag-medico-preso","10":"tag-rinha-de-caes","11":"tag-sofrimento-de-caes"},"_links":{"self":[{"href":"https:\/\/senoticias.com.br\/se\/wp-json\/wp\/v2\/posts\/121269"}],"collection":[{"href":"https:\/\/senoticias.com.br\/se\/wp-json\/wp\/v2\/posts"}],"about":[{"href":"https:\/\/senoticias.com.br\/se\/wp-json\/wp\/v2\/types\/post"}],"author":[{"embeddable":true,"href":"https:\/\/senoticias.com.br\/se\/wp-json\/wp\/v2\/users\/6552"}],"replies":[{"embeddable":true,"href":"https:\/\/senoticias.com.br\/se\/wp-json\/wp\/v2\/comments?post=121269"}],"version-history":[{"count":0,"href":"https:\/\/senoticias.com.br\/se\/wp-json\/wp\/v2\/posts\/121269\/revisions"}],"wp:featuredmedia":[{"embeddable":true,"href":"https:\/\/senoticias.com.br\/se\/wp-json\/wp\/v2\/media\/121270"}],"wp:attachment":[{"href":"https:\/\/senoticias.com.br\/se\/wp-json\/wp\/v2\/media?parent=121269"}],"wp:term":[{"taxonomy":"category","embeddable":true,"href":"https:\/\/senoticias.com.br\/se\/wp-json\/wp\/v2\/categories?post=121269"},{"taxonomy":"post_tag","embeddable":true,"href":"https:\/\/senoticias.com.br\/se\/wp-json\/wp\/v2\/tags?post=121269"}],"curies":[{"name":"wp","href":"https:\/\/api.w.org\/{rel}","templated":true}]}}