{"id":121252,"date":"2019-12-17T11:50:58","date_gmt":"2019-12-17T14:50:58","guid":{"rendered":"https:\/\/senoticias.com.br\/se\/?p=121252"},"modified":"2019-12-17T11:50:58","modified_gmt":"2019-12-17T14:50:58","slug":"oposicao-ganha-forca-em-aracaju-na-disputa-contra-edvaldo-nogueira-aponta-pesquisa-padrao","status":"publish","type":"post","link":"https:\/\/senoticias.com.br\/se\/oposicao-ganha-forca-em-aracaju-na-disputa-contra-edvaldo-nogueira-aponta-pesquisa-padrao\/","title":{"rendered":"Oposi\u00e7\u00e3o ganha for\u00e7a em Aracaju na disputa contra Edvaldo Nogueira, aponta pesquisa Padr\u00e3o"},"content":{"rendered":"<p style=\"text-align: justify;\">A primeira pesquisa de opini\u00e3o p\u00fablica realizada ap\u00f3s o an\u00fancio da filia\u00e7\u00e3o da delegada Danielle Garcia ao Cidadania, mostra for\u00e7a da oposi\u00e7\u00e3o ao prefeito Edvaldo Nogueira (PCdoB), em Aracaju. O levantamento foi feito pela Padr\u00e3o Pesquisas Cient\u00edficas junto a 705 moradores a partir de 16 anos, entre os dias 12, 13, e 14 de dezembro. A margem de erro \u00e9 de 3,69% dentro de um \u00edndice de 95% de confiabilidade.<\/p>\n<div id=\"attachment_121255\" style=\"width: 609px\" class=\"wp-caption aligncenter\"><a href=\"https:\/\/senoticias.com.br\/se\/wp-content\/uploads\/2019\/12\/Urna-UrnaEletronica-TRE-61-868x644-e1576593891547.jpg\"><img loading=\"lazy\" decoding=\"async\" aria-describedby=\"caption-attachment-121255\" class=\"size-full wp-image-121255\" src=\"https:\/\/senoticias.com.br\/se\/wp-content\/uploads\/2019\/12\/Urna-UrnaEletronica-TRE-61-868x644-e1576593891547.jpg\" alt=\"\" width=\"599\" height=\"444\" \/><\/a><p id=\"caption-attachment-121255\" class=\"wp-caption-text\"><br \/>Segundo o Instituto Padr\u00e3o, Danielle Garcia e Gilmar Carvalho venceriam o prefeito num eventual 2\u00ba turno ( foto: S\u00e9rgio Lima\/Poder 360)<\/p><\/div>\n<p style=\"text-align: justify;\">A Padr\u00e3o estabeleceu dois cen\u00e1rios com uma mescla de candidatos, mas em ambos com os nomes dos principais pr\u00e9-candidatos: Edvaldo Nogueira e Gilmar Carvalho. O prefeito mant\u00e9m uma ligeira vantagem nas duas situa\u00e7\u00f5es, mas que dentro da margem de erro \u00e9 considerado empate t\u00e9cnico.<\/p>\n<p style=\"text-align: justify;\">A surpresa no primeiro cen\u00e1rio \u00e9 o nome da delegada, que ficou em terceiro com 15,6%, atr\u00e1s apenas de Edvaldo e Gilmar, superando Eliane Aquino (PT), Dr. Emerson (do mesmo partido) e Rodrigo Valadares. J\u00e1 num cen\u00e1rio sem Danielle Garcia, tanto Edvaldo como Gilmar crescem, sendo que Valadares Filho e Em\u00edlia Correia empatam tecnicamente no terceiro e quarto lugares, respectivamente.<\/p>\n<p style=\"text-align: justify;\"><strong>CONFRONTOS DIRETOS<\/strong><\/p>\n<p>A Padr\u00e3o tamb\u00e9m estabeleceu seis cen\u00e1rios para um prov\u00e1vel 2\u00ba turno, sendo cinco deles com o nome de Edvaldo Nogueira. O prefeito perde em dois deles: contra Gilmar Carvalho (diferen\u00e7a de 4,2%) e Danielle Garcia (2,4%). Edvaldo ganharia para Eliane Aquino (PT), Valadares Filho (PSB) e para o deputado estadual Iran Barbosa (PT).<\/p>\n<p style=\"text-align: justify;\">Numa disputa entre Danielle Garcia e a vice-governadora Eliane Aquino, a delegada venceria com folga: 43% contra 28,8% da petista. Entre os candidatos do PT: Iran Barbosa, M\u00e1rcio Mac\u00eado e Eliane Aquino, a vice-governadora aparece como a mais forte, com 46,7% das cita\u00e7\u00f5es.<\/p>\n<p style=\"text-align: justify;\"><strong>CONFIRA ABAIXO TODOS OS CEN\u00c1RIOS:<\/strong><\/p>\n<p style=\"text-align: justify;\"><strong>CEN\u00c1RIO 1<\/strong><br \/>\nEdvaldo Nogueira (22,3%)<br \/>\nGilmar Carvalho (19,9%)<br \/>\nDelegada Danielle Garcia (15,6%)<br \/>\nEliane Aquino (12,1%)<br \/>\nDr.Emerson (6,0%)<br \/>\nDeputado Rodrigo Valadares (3,7%)<br \/>\nNenhum\/Branco\/Nulo (16,5%)<br \/>\nN\u00e3o sabe\/indeciso (4,1%)<\/p>\n<p style=\"text-align: justify;\"><strong>CEN\u00c1RIO 2<\/strong><br \/>\nEdvaldo Nogueira (26,7%)<br \/>\nGilmar Carvalho (23,4%)<br \/>\nValadares Filho (11,3%)<br \/>\nVereadora Em\u00edlia Correia (10,8%)<br \/>\nDeputado Iran Barbosa (5,7%)<br \/>\nMilton Andrade (1,6%)<br \/>\nNenhum\/Branco\/Nulo (17%)<br \/>\nN\u00e3o sabe\/indeciso (3,5%)<\/p>\n<p style=\"text-align: justify;\"><strong>CEN\u00c1RIO 3 (2\u00ba turno)<\/strong><br \/>\nDelegada Danielle Garcia (39,1%)<br \/>\nEdvaldo Nogueira (36,7%)<br \/>\nNenhum\/Branco\/Nulo (21%)<br \/>\nN\u00e3o sabe\/indeciso (3,1%)<\/p>\n<p style=\"text-align: justify;\"><strong>CEN\u00c1RIO 4 (2\u00ba turno)<\/strong><br \/>\nEdvaldo Nogueira (33,5%)<br \/>\nEliane Aquino (26,5%)<br \/>\nNenhum\/Branco\/Nulo (36,7%)<br \/>\nN\u00e3o sabe\/indeciso (3,3%)<\/p>\n<p style=\"text-align: justify;\"><strong>CEN\u00c1RIO 5 (2\u00ba turno)<\/strong><br \/>\nEdvaldo Nogueira (39,7%)<br \/>\nValadares Filho (27,5%)<br \/>\nNenhum\/Branco\/Nulo (30,1%)<br \/>\nN\u00e3o sabe\/indeciso (2,7%)<\/p>\n<p style=\"text-align: justify;\"><strong>CEN\u00c1RIO 6 (2\u00ba turno)<\/strong><br \/>\nGilmar Carvalho (37,7%)<br \/>\nEdvaldo Nogueira (33,5%)<br \/>\nNenhum\/Branco\/Nulo (25,8%)<br \/>\nN\u00e3o sabe\/indeciso (3,0%)<\/p>\n<p style=\"text-align: justify;\"><strong>CEN\u00c1RIO 7 (2\u00ba turno)<\/strong><br \/>\nEdvaldo Nogueira (42,1%)<br \/>\nDeputado Iran Barbosa (20,7%)<br \/>\nNenhum\/Branco\/Nulo (34,0%)<br \/>\nN\u00e3o sabe\/indeciso (3,1%)<\/p>\n<p style=\"text-align: justify;\"><strong>CEN\u00c1RIO 6 (2\u00ba turno)<\/strong><br \/>\nDelegada Danielle Garcia (43%)<br \/>\nEliane Aquino (28,8%)<br \/>\nNenhum\/Branco\/Nulo (24,3%)<br \/>\nN\u00e3o sabe\/indeciso (4,0%)<\/p>\n<p style=\"text-align: justify;\"><strong>CEN\u00c1RIO 7 (candidatos do PT)<\/strong><br \/>\nEliane Aquino (46,7%)<br \/>\nDeputado Iran Barbosa (19,6%)<br \/>\nMarcio Mac\u00eado (6,7%)<br \/>\nNenhum deles (14,5%)<br \/>\nN\u00e3o sabe (12,6%)<\/p>\n<p>Mat\u00e9ria extra\u00edda do <a href=\"http:\/\/sergipeemfoco.com.br\/v2\/noticia\/pesquisa-padrao-oposicao-ganha-forca-em-aracaju-na-disputa-contra-edvaldo-nogueira\/22880\"><span style=\"font-size: 14pt;\"><strong>site<\/strong><\/span><\/a> Sergipe em Foco<\/p>\n<p>&nbsp;<\/p>\n<p>&nbsp;<\/p>\n<p><a href=\"https:\/\/senoticias.com.br\/se\/wp-content\/uploads\/2019\/11\/Logo-novo-fone.jpg\"><img loading=\"lazy\" decoding=\"async\" class=\"aligncenter size-full wp-image-120749\" src=\"https:\/\/senoticias.com.br\/se\/wp-content\/uploads\/2019\/11\/Logo-novo-fone.jpg\" alt=\"\" width=\"599\" height=\"78\" srcset=\"https:\/\/senoticias.com.br\/se\/wp-content\/uploads\/2019\/11\/Logo-novo-fone.jpg 599w, https:\/\/senoticias.com.br\/se\/wp-content\/uploads\/2019\/11\/Logo-novo-fone-300x39.jpg 300w\" sizes=\"(max-width: 599px) 100vw, 599px\" \/><\/a><\/p>\n<p>&nbsp;<\/p>\n<p><em><strong>A<\/strong><strong>companhe tamb\u00e9m o SE Not\u00edcias no\u00a0<a href=\"https:\/\/www.instagram.com\/senoticias\/\">Instagram<\/a>,\u00a0<a href=\"https:\/\/twitter.com\/home\">Twitter<\/a>\u00a0e no\u00a0<a href=\"https:\/\/web.facebook.com\/senoticias1\/\">Facebook<\/a><\/strong><\/em><\/p>\n<p>&nbsp;<\/p>\n<p>&nbsp;<\/p>\n","protected":false},"excerpt":{"rendered":"<p>A primeira pesquisa de opini\u00e3o p\u00fablica realizada ap\u00f3s o an\u00fancio da filia\u00e7\u00e3o da delegada Danielle Garcia ao Cidadania, mostra for\u00e7a da oposi\u00e7\u00e3o ao prefeito Edvaldo Nogueira (PCdoB), em Aracaju. O levantamento foi feito pela Padr\u00e3o Pesquisas Cient\u00edficas junto a 705 moradores a partir de 16 anos, entre os dias 12, 13, e 14 de dezembro. [&hellip;]<\/p>\n","protected":false},"author":6557,"featured_media":121255,"comment_status":"closed","ping_status":"closed","sticky":false,"template":"","format":"standard","meta":{"footnotes":""},"categories":[15,6,1],"tags":[6262,12147,13660,10473,698,8507,1564,82,213,697,13661],"class_list":{"0":"post-121252","1":"post","2":"type-post","3":"status-publish","4":"format-standard","5":"has-post-thumbnail","7":"category-destaques","8":"category-politica","9":"category-sem-categoria","10":"tag-daniele-garcia","11":"tag-deputado-iran-barbosa","12":"tag-deputado-rodrigo-valadares","13":"tag-dr-emerson","14":"tag-edvaldo-nogueira","15":"tag-eleicoes-2020","16":"tag-eliane-aquino","17":"tag-gilmar-carvalho","18":"tag-prefeitura-de-aracaju","19":"tag-valadares-filho","20":"tag-vereadora-emilia-correia"},"_links":{"self":[{"href":"https:\/\/senoticias.com.br\/se\/wp-json\/wp\/v2\/posts\/121252"}],"collection":[{"href":"https:\/\/senoticias.com.br\/se\/wp-json\/wp\/v2\/posts"}],"about":[{"href":"https:\/\/senoticias.com.br\/se\/wp-json\/wp\/v2\/types\/post"}],"author":[{"embeddable":true,"href":"https:\/\/senoticias.com.br\/se\/wp-json\/wp\/v2\/users\/6557"}],"replies":[{"embeddable":true,"href":"https:\/\/senoticias.com.br\/se\/wp-json\/wp\/v2\/comments?post=121252"}],"version-history":[{"count":0,"href":"https:\/\/senoticias.com.br\/se\/wp-json\/wp\/v2\/posts\/121252\/revisions"}],"wp:featuredmedia":[{"embeddable":true,"href":"https:\/\/senoticias.com.br\/se\/wp-json\/wp\/v2\/media\/121255"}],"wp:attachment":[{"href":"https:\/\/senoticias.com.br\/se\/wp-json\/wp\/v2\/media?parent=121252"}],"wp:term":[{"taxonomy":"category","embeddable":true,"href":"https:\/\/senoticias.com.br\/se\/wp-json\/wp\/v2\/categories?post=121252"},{"taxonomy":"post_tag","embeddable":true,"href":"https:\/\/senoticias.com.br\/se\/wp-json\/wp\/v2\/tags?post=121252"}],"curies":[{"name":"wp","href":"https:\/\/api.w.org\/{rel}","templated":true}]}}