{"id":121222,"date":"2019-12-16T06:14:44","date_gmt":"2019-12-16T09:14:44","guid":{"rendered":"https:\/\/senoticias.com.br\/se\/?p=121222"},"modified":"2019-12-16T06:14:44","modified_gmt":"2019-12-16T09:14:44","slug":"concurso-publico-da-prefeitura-de-cristinapolis-recebe-inscricoes-ate-o-dia-20","status":"publish","type":"post","link":"https:\/\/senoticias.com.br\/se\/concurso-publico-da-prefeitura-de-cristinapolis-recebe-inscricoes-ate-o-dia-20\/","title":{"rendered":"Concurso P\u00fablico da Prefeitura de Cristin\u00e1polis recebe inscri\u00e7\u00f5es at\u00e9 o dia 20"},"content":{"rendered":"<p style=\"font-weight: 400; text-align: justify;\">Est\u00e3o abertas, at\u00e9 o dia 20 de dezembro, as inscri\u00e7\u00f5es do Concurso P\u00fablico da Prefeitura Municipal de Cristin\u00e1polis\/SE. O certame realizado pela Funda\u00e7\u00e3o Universidade Empresa de Tecnologia e Ci\u00eancias &#8211; Fundatec oferece 121 vagas e forma\u00e7\u00e3o de cadastros de reserva. As oportunidades s\u00e3o para diversos cargos, nos n\u00edveis de escolaridade Superior, M\u00e9dio e Fundamental Completos e Fundamental Incompleto, com sal\u00e1rios de R$ 980 a R$ 8.000,00 e carga hor\u00e1ria de 16h semanais a 160h mensais (veja quadro abaixo).<\/p>\n<div id=\"attachment_113549\" style=\"width: 609px\" class=\"wp-caption alignnone\"><a href=\"https:\/\/senoticias.com.br\/se\/wp-content\/uploads\/2018\/06\/concurso-e1528504348621.jpg\"><img loading=\"lazy\" decoding=\"async\" aria-describedby=\"caption-attachment-113549\" class=\"size-full wp-image-113549\" src=\"https:\/\/senoticias.com.br\/se\/wp-content\/uploads\/2018\/06\/concurso-e1528504348621.jpg\" alt=\"\" width=\"599\" height=\"396\" \/><\/a><p id=\"caption-attachment-113549\" class=\"wp-caption-text\">Certame ser\u00e1 realizado pela Fundatec e oferece 121 oportunidades com sal\u00e1rios de at\u00e9 R$ 8 mil (foto: arquivo\/ag\u00eancia Brasil<\/p><\/div>\n<p style=\"font-weight: 400; text-align: justify;\">As inscri\u00e7\u00f5es devem ser realizadas\u00a0 pelo site\u00a0<a href=\"http:\/\/concursos.fundatec.org.br\/\" data-saferedirecturl=\"https:\/\/www.google.com\/url?q=http:\/\/concursos.fundatec.org.br\/&amp;source=gmail&amp;ust=1576573041736000&amp;usg=AFQjCNFeJcxbhg-oQcB_7H9JaaE5UDTNOg\">concursos.fundatec.org.br<\/a>. A taxa\u00a0varia de R$50 a R$100, conforme n\u00edvel de escolaridade do cargo escolhido. A Fundatec disponibiliza em sua sede (<a href=\"https:\/\/maps.google.com\/?q=Rua.+Prof.+Cristiano+Fischer,+2012&amp;entry=gmail&amp;source=g\" data-saferedirecturl=\"https:\/\/www.google.com\/url?q=https:\/\/maps.google.com\/?q%3DRua.%2BProf.%2BCristiano%2BFischer,%2B2012%26entry%3Dgmail%26source%3Dg&amp;source=gmail&amp;ust=1576573041737000&amp;usg=AFQjCNGkOEoYFKNe07-D8zRgONke4BSspw\">Rua. Prof. Cristiano Fischer, 2012<\/a>), em Porto Alegre, computadores para acesso \u00e0 internet durante o per\u00edodo de inscri\u00e7\u00f5es.\u00a0As provas est\u00e3o previstas para serem aplicadas no dia 16 de fevereiro de 2020.<\/p>\n<p>&nbsp;<\/p>\n<p><a href=\"https:\/\/senoticias.com.br\/se\/wp-content\/uploads\/2019\/11\/Logo-novo-fone.jpg\"><img loading=\"lazy\" decoding=\"async\" class=\"alignnone size-full wp-image-120749\" src=\"https:\/\/senoticias.com.br\/se\/wp-content\/uploads\/2019\/11\/Logo-novo-fone.jpg\" alt=\"\" width=\"599\" height=\"78\" srcset=\"https:\/\/senoticias.com.br\/se\/wp-content\/uploads\/2019\/11\/Logo-novo-fone.jpg 599w, https:\/\/senoticias.com.br\/se\/wp-content\/uploads\/2019\/11\/Logo-novo-fone-300x39.jpg 300w\" sizes=\"(max-width: 599px) 100vw, 599px\" \/><\/a><\/p>\n<p>&nbsp;<\/p>\n<p><em><strong>A<\/strong><strong>companhe tamb\u00e9m o SE Not\u00edcias no\u00a0<a href=\"https:\/\/www.instagram.com\/senoticias\/\">Instagram<\/a>,\u00a0<a href=\"https:\/\/twitter.com\/home\">Twitter<\/a>\u00a0e no\u00a0<a href=\"https:\/\/web.facebook.com\/senoticias1\/\">Facebook<\/a><\/strong><\/em><\/p>\n<p><em>Informa\u00e7\u00f5es da assessoria de imprensa<\/em><\/p>\n","protected":false},"excerpt":{"rendered":"<p>Est\u00e3o abertas, at\u00e9 o dia 20 de dezembro, as inscri\u00e7\u00f5es do Concurso P\u00fablico da Prefeitura Municipal de Cristin\u00e1polis\/SE. O certame realizado pela Funda\u00e7\u00e3o Universidade Empresa de Tecnologia e Ci\u00eancias &#8211; Fundatec oferece 121 vagas e forma\u00e7\u00e3o de cadastros de reserva. As oportunidades s\u00e3o para diversos cargos, nos n\u00edveis de escolaridade Superior, M\u00e9dio e Fundamental Completos [&hellip;]<\/p>\n","protected":false},"author":6552,"featured_media":113549,"comment_status":"closed","ping_status":"closed","sticky":false,"template":"","format":"standard","meta":{"footnotes":""},"categories":[9,15],"tags":[413,13643,13644],"class_list":{"0":"post-121222","1":"post","2":"type-post","3":"status-publish","4":"format-standard","5":"has-post-thumbnail","7":"category-concursos","8":"category-destaques","9":"tag-concurso-publico","10":"tag-fundatec","11":"tag-prefeitura-municipal-de-cristinapolis"},"_links":{"self":[{"href":"https:\/\/senoticias.com.br\/se\/wp-json\/wp\/v2\/posts\/121222"}],"collection":[{"href":"https:\/\/senoticias.com.br\/se\/wp-json\/wp\/v2\/posts"}],"about":[{"href":"https:\/\/senoticias.com.br\/se\/wp-json\/wp\/v2\/types\/post"}],"author":[{"embeddable":true,"href":"https:\/\/senoticias.com.br\/se\/wp-json\/wp\/v2\/users\/6552"}],"replies":[{"embeddable":true,"href":"https:\/\/senoticias.com.br\/se\/wp-json\/wp\/v2\/comments?post=121222"}],"version-history":[{"count":0,"href":"https:\/\/senoticias.com.br\/se\/wp-json\/wp\/v2\/posts\/121222\/revisions"}],"wp:featuredmedia":[{"embeddable":true,"href":"https:\/\/senoticias.com.br\/se\/wp-json\/wp\/v2\/media\/113549"}],"wp:attachment":[{"href":"https:\/\/senoticias.com.br\/se\/wp-json\/wp\/v2\/media?parent=121222"}],"wp:term":[{"taxonomy":"category","embeddable":true,"href":"https:\/\/senoticias.com.br\/se\/wp-json\/wp\/v2\/categories?post=121222"},{"taxonomy":"post_tag","embeddable":true,"href":"https:\/\/senoticias.com.br\/se\/wp-json\/wp\/v2\/tags?post=121222"}],"curies":[{"name":"wp","href":"https:\/\/api.w.org\/{rel}","templated":true}]}}