{"id":121219,"date":"2019-12-15T22:08:57","date_gmt":"2019-12-16T01:08:57","guid":{"rendered":"https:\/\/senoticias.com.br\/se\/?p=121219"},"modified":"2019-12-15T22:08:57","modified_gmt":"2019-12-16T01:08:57","slug":"jamaicana-vence-miss-mundo-e-beleza-negra-domina-concursos","status":"publish","type":"post","link":"https:\/\/senoticias.com.br\/se\/jamaicana-vence-miss-mundo-e-beleza-negra-domina-concursos\/","title":{"rendered":"Jamaicana vence Miss Mundo, e beleza negra domina concursos"},"content":{"rendered":"<p style=\"text-align: justify;\">A jamaicana Toni-Ann Singh, de 23 anos, foi eleita Miss Mundo 2019 durante cerim\u00f4nia em Londres, na Inglaterra, na noite deste s\u00e1bado (14).<\/p>\n<p style=\"text-align: justify;\">A m\u00eddia americana destacou que \u00e9 a primeira vez em que os 5 principais concursos de beleza dos EUA e do mundo t\u00eam representantes negras como misses simultaneamente: Miss USA, Miss Teen USA, Miss Am\u00e9rica, a recentemente anunciada Miss Universo e, agora, a Miss Mundo.<\/p>\n<div id=\"attachment_121220\" style=\"width: 609px\" class=\"wp-caption alignnone\"><a href=\"https:\/\/senoticias.com.br\/se\/wp-content\/uploads\/2019\/12\/miss-mundo-jamaica-e1576458254898.jpg\"><img loading=\"lazy\" decoding=\"async\" aria-describedby=\"caption-attachment-121220\" class=\"size-full wp-image-121220\" src=\"https:\/\/senoticias.com.br\/se\/wp-content\/uploads\/2019\/12\/miss-mundo-jamaica-e1576458254898.jpg\" alt=\"\" width=\"599\" height=\"399\" \/><\/a><p id=\"caption-attachment-121220\" class=\"wp-caption-text\">Toni-Ann Singh, da Jamaica, \u00e9 coroada a nova Miss Mundo em cerim\u00f4nia em Londres na noite de s\u00e1bado, 14. (Foto: Joel C Ryan\/Invision via AP)<\/p><\/div>\n<p style=\"text-align: justify;\">\nFormada em psicologia e estudos sobre a mulher na Universidade Estadual da Fl\u00f3rida, Toni-Ann Singh fez um post sobre a coroa encorajando meninas pelo mundo. &#8220;Para aquela pequena menina em St. Thomas, Jamaica, e para todas as meninas ao redor do mundo, por favor, acredite em voc\u00ea mesma. Por favor, saiba que voc\u00ea \u00e9 merecedora e capaz de alcan\u00e7ar seus sonhos. Esta coroa n\u00e3o \u00e9 minha, mas sua. Voc\u00ea tem um prop\u00f3sito&#8221;, escreveu a Miss Mundo. Ela planeja seguir os estudos na \u00e1rea de medicina.<\/p>\n<p style=\"text-align: justify;\">O p\u00f3dio do Miss Mundo foi completo pelas representantes de Fran\u00e7a e \u00cdndia. Toni-Ann foi coroada pela sua antecessora, Vanessa Ponce de Leon, do M\u00e9xico.<\/p>\n<p style=\"text-align: justify;\">O Brasil tamb\u00e9m fez bonito. El\u00eds Miele Coelho, capixaba que venceu este ano o Miss Brasil Mundo, ficou no top 5 e ainda levou o t\u00edtulo das Am\u00e9ricas.<\/p>\n<p>&nbsp;<\/p>\n<p><a href=\"https:\/\/senoticias.com.br\/se\/wp-content\/uploads\/2019\/11\/Logo-novo-fone.jpg\"><img loading=\"lazy\" decoding=\"async\" class=\"alignnone size-full wp-image-120749\" src=\"https:\/\/senoticias.com.br\/se\/wp-content\/uploads\/2019\/11\/Logo-novo-fone.jpg\" alt=\"\" width=\"599\" height=\"78\" srcset=\"https:\/\/senoticias.com.br\/se\/wp-content\/uploads\/2019\/11\/Logo-novo-fone.jpg 599w, https:\/\/senoticias.com.br\/se\/wp-content\/uploads\/2019\/11\/Logo-novo-fone-300x39.jpg 300w\" sizes=\"(max-width: 599px) 100vw, 599px\" \/><\/a><\/p>\n<p>&nbsp;<\/p>\n<p><em><strong>A<\/strong><strong>companhe tamb\u00e9m o SE Not\u00edcias no\u00a0<a href=\"https:\/\/www.instagram.com\/senoticias\/\">Instagram<\/a>,\u00a0<a href=\"https:\/\/twitter.com\/home\">Twitter<\/a>\u00a0e no\u00a0<a href=\"https:\/\/web.facebook.com\/senoticias1\/\">Facebook<\/a><\/strong><\/em><\/p>\n<p>&nbsp;<\/p>\n<p><em>Por <a href=\"https:\/\/g1.globo.com\/pop-arte\/noticia\/2019\/12\/15\/jamaicana-vence-miss-mundo-e-beleza-negra-domina-concursos.ghtml\"><strong>G1<\/strong><\/a><\/em><\/p>\n","protected":false},"excerpt":{"rendered":"<p>A jamaicana Toni-Ann Singh, de 23 anos, foi eleita Miss Mundo 2019 durante cerim\u00f4nia em Londres, na Inglaterra, na noite deste s\u00e1bado (14). A m\u00eddia americana destacou que \u00e9 a primeira vez em que os 5 principais concursos de beleza dos EUA e do mundo t\u00eam representantes negras como misses simultaneamente: Miss USA, Miss Teen [&hellip;]<\/p>\n","protected":false},"author":6552,"featured_media":0,"comment_status":"closed","ping_status":"closed","sticky":false,"template":"","format":"standard","meta":{"footnotes":""},"categories":[15,8],"tags":[13642,13641,13640],"class_list":{"0":"post-121219","1":"post","2":"type-post","3":"status-publish","4":"format-standard","6":"category-destaques","7":"category-esporte-e-cultura","8":"tag-jamaicana","9":"tag-miss-mundo","10":"tag-toni-ann-singh"},"_links":{"self":[{"href":"https:\/\/senoticias.com.br\/se\/wp-json\/wp\/v2\/posts\/121219"}],"collection":[{"href":"https:\/\/senoticias.com.br\/se\/wp-json\/wp\/v2\/posts"}],"about":[{"href":"https:\/\/senoticias.com.br\/se\/wp-json\/wp\/v2\/types\/post"}],"author":[{"embeddable":true,"href":"https:\/\/senoticias.com.br\/se\/wp-json\/wp\/v2\/users\/6552"}],"replies":[{"embeddable":true,"href":"https:\/\/senoticias.com.br\/se\/wp-json\/wp\/v2\/comments?post=121219"}],"version-history":[{"count":0,"href":"https:\/\/senoticias.com.br\/se\/wp-json\/wp\/v2\/posts\/121219\/revisions"}],"wp:attachment":[{"href":"https:\/\/senoticias.com.br\/se\/wp-json\/wp\/v2\/media?parent=121219"}],"wp:term":[{"taxonomy":"category","embeddable":true,"href":"https:\/\/senoticias.com.br\/se\/wp-json\/wp\/v2\/categories?post=121219"},{"taxonomy":"post_tag","embeddable":true,"href":"https:\/\/senoticias.com.br\/se\/wp-json\/wp\/v2\/tags?post=121219"}],"curies":[{"name":"wp","href":"https:\/\/api.w.org\/{rel}","templated":true}]}}