{"id":121190,"date":"2019-12-13T09:30:29","date_gmt":"2019-12-13T12:30:29","guid":{"rendered":"https:\/\/senoticias.com.br\/se\/?p=121190"},"modified":"2019-12-14T07:21:11","modified_gmt":"2019-12-14T10:21:11","slug":"sergipanos-sao-bicampeoes-da-taca-alagoas-nordeste-de-futsal","status":"publish","type":"post","link":"https:\/\/senoticias.com.br\/se\/sergipanos-sao-bicampeoes-da-taca-alagoas-nordeste-de-futsal\/","title":{"rendered":"Sergipanos s\u00e3o bicampe\u00f5es da Ta\u00e7a Alagoas Nordeste de Futsal"},"content":{"rendered":"<p style=\"text-align: justify;\">Os meninos sergipanos, pelo segundo ano consecutivo, trouxeram para Sergipe a Ta\u00e7a Alagoas Nordeste de Futsal 2019. A grande final foi realizada em Macei\u00f3 no \u00faltimo domingo, 8, e os pequenos atletas da categoria Sub-10 venceram o CSA, \u201cAno passado, os meninos da categoria Sub-9 venceram. Este ano foi a vez dos atletas da categoria Sub-10. Somos bicampe\u00f5es\u201d, comemora Jaminho Fonseca, t\u00e9cnico dos jogadores. Ainda segundo ele, Sergipe disputava com equipes de mais cinco estados: Bahia, Cear\u00e1, Piau\u00ed, Para\u00edba e Alagoas. \u201cFoi um felicidade imensa. Esses meninos t\u00eam muito talento\u201d, destaca Fonseca.<\/p>\n<div id=\"attachment_121191\" style=\"width: 560px\" class=\"wp-caption aligncenter\"><a href=\"https:\/\/senoticias.com.br\/se\/wp-content\/uploads\/2019\/12\/crian\u00e7as-futsal-foto-jaminho-fonsenca-12122019.jpg\"><img loading=\"lazy\" decoding=\"async\" aria-describedby=\"caption-attachment-121191\" class=\"size-full wp-image-121191\" src=\"https:\/\/senoticias.com.br\/se\/wp-content\/uploads\/2019\/12\/crian\u00e7as-futsal-foto-jaminho-fonsenca-12122019.jpg\" alt=\"\" width=\"550\" height=\"330\" srcset=\"https:\/\/senoticias.com.br\/se\/wp-content\/uploads\/2019\/12\/crian\u00e7as-futsal-foto-jaminho-fonsenca-12122019.jpg 550w, https:\/\/senoticias.com.br\/se\/wp-content\/uploads\/2019\/12\/crian\u00e7as-futsal-foto-jaminho-fonsenca-12122019-300x180.jpg 300w\" sizes=\"(max-width: 550px) 100vw, 550px\" \/><\/a><p id=\"caption-attachment-121191\" class=\"wp-caption-text\">A grande final foi realizada em Macei\u00f3 neste \u00faltimo domingo, 8, e os pequenos atletas da categoria Sub-10 venceram o CSA, clube da casa, e se consagraram mais uma vez campe\u00f5es (Foto: Jaminho Fonseca)<\/p><\/div>\n<p style=\"text-align: justify;\">O t\u00e9cnico tamb\u00e9m destaca que outras categorias tamb\u00e9m participaram na competi\u00e7\u00e3o. \u201cN\u00f3s fomos com cinco equipes, as categorias Sub-7, 8, 9,10, e 12. Felizmente conseguimos ganhar com uma delas\u201d, destaca. Jaminho tamb\u00e9m diz acreditar na import\u00e2ncia e no papel social que tem o esporte. \u201cEsses meninos aprendem a trabalhar em equipe e a dividir tarefas. \u00c9 um ganho tamb\u00e9m para a vida pessoal\u201d, avalia.<\/p>\n<p style=\"text-align: justify;\">por Jo\u00e3o Paulo Schneider<\/p>\n<p style=\"text-align: justify;\">clube da casa, e se consagraram mais uma vez campe\u00f5es.<\/p>\n<p><a href=\"https:\/\/senoticias.com.br\/se\/wp-content\/uploads\/2019\/11\/Logo-novo-fone.jpg\"><img loading=\"lazy\" decoding=\"async\" class=\"aligncenter size-full wp-image-120749\" src=\"https:\/\/senoticias.com.br\/se\/wp-content\/uploads\/2019\/11\/Logo-novo-fone.jpg\" alt=\"\" width=\"599\" height=\"78\" srcset=\"https:\/\/senoticias.com.br\/se\/wp-content\/uploads\/2019\/11\/Logo-novo-fone.jpg 599w, https:\/\/senoticias.com.br\/se\/wp-content\/uploads\/2019\/11\/Logo-novo-fone-300x39.jpg 300w\" sizes=\"(max-width: 599px) 100vw, 599px\" \/><\/a><\/p>\n<p><em><strong>A<\/strong><strong>companhe tamb\u00e9m o SE Not\u00edcias no\u00a0<a href=\"https:\/\/www.instagram.com\/senoticias\/\">Instagram<\/a>,\u00a0<a href=\"https:\/\/twitter.com\/home\">Twitter<\/a>\u00a0e no\u00a0<a href=\"https:\/\/web.facebook.com\/senoticias1\/\">Facebook<\/a><\/strong><\/em><\/p>\n","protected":false},"excerpt":{"rendered":"<p>Os meninos sergipanos, pelo segundo ano consecutivo, trouxeram para Sergipe a Ta\u00e7a Alagoas Nordeste de Futsal 2019. A grande final foi realizada em Macei\u00f3 no \u00faltimo domingo, 8, e os pequenos atletas da categoria Sub-10 venceram o CSA, \u201cAno passado, os meninos da categoria Sub-9 venceram. Este ano foi a vez dos atletas da categoria [&hellip;]<\/p>\n","protected":false},"author":6557,"featured_media":0,"comment_status":"closed","ping_status":"closed","sticky":false,"template":"","format":"standard","meta":{"footnotes":""},"categories":[39,26],"tags":[13622,13621],"class_list":{"0":"post-121190","1":"post","2":"type-post","3":"status-publish","4":"format-standard","6":"category-esporte","7":"category-esportes","8":"tag-bicampeoes-da-taca-alagoas-nordeste-de-futsal","9":"tag-sergipanos-sao-bicampeoes"},"_links":{"self":[{"href":"https:\/\/senoticias.com.br\/se\/wp-json\/wp\/v2\/posts\/121190"}],"collection":[{"href":"https:\/\/senoticias.com.br\/se\/wp-json\/wp\/v2\/posts"}],"about":[{"href":"https:\/\/senoticias.com.br\/se\/wp-json\/wp\/v2\/types\/post"}],"author":[{"embeddable":true,"href":"https:\/\/senoticias.com.br\/se\/wp-json\/wp\/v2\/users\/6557"}],"replies":[{"embeddable":true,"href":"https:\/\/senoticias.com.br\/se\/wp-json\/wp\/v2\/comments?post=121190"}],"version-history":[{"count":0,"href":"https:\/\/senoticias.com.br\/se\/wp-json\/wp\/v2\/posts\/121190\/revisions"}],"wp:attachment":[{"href":"https:\/\/senoticias.com.br\/se\/wp-json\/wp\/v2\/media?parent=121190"}],"wp:term":[{"taxonomy":"category","embeddable":true,"href":"https:\/\/senoticias.com.br\/se\/wp-json\/wp\/v2\/categories?post=121190"},{"taxonomy":"post_tag","embeddable":true,"href":"https:\/\/senoticias.com.br\/se\/wp-json\/wp\/v2\/tags?post=121190"}],"curies":[{"name":"wp","href":"https:\/\/api.w.org\/{rel}","templated":true}]}}