{"id":121176,"date":"2019-12-12T16:02:49","date_gmt":"2019-12-12T19:02:49","guid":{"rendered":"https:\/\/senoticias.com.br\/se\/?p=121176"},"modified":"2019-12-12T16:30:08","modified_gmt":"2019-12-12T19:30:08","slug":"bailinho-de-pijama-anima-a-noite-de-sexta-feira-da-criancada","status":"publish","type":"post","link":"https:\/\/senoticias.com.br\/se\/bailinho-de-pijama-anima-a-noite-de-sexta-feira-da-criancada\/","title":{"rendered":"\u2018Bailinho de Pijama\u2019 anima a noite de sexta-feira da crian\u00e7ada"},"content":{"rendered":"<p style=\"text-align: justify;\">Sexta-feira, 13 de dezembro, \u00e9 dia de alegria e divers\u00e3o para toda a fam\u00edlia em Aracaju (SE). Crian\u00e7as, jovens, adultos e idosos est\u00e3o convidados a curtir o \u2018Bailinho de Pijama\u2019 que ser\u00e1 realizado no Shopping Jardins, a partir das 18 horas. O acesso \u00e9 gratuito. Basta retirar o passaporte para a festa antecipadamente, cal\u00e7ar as pantufas, vestir o pijama favorito e aproveitar a noite ao som da banda Sol Kids, no \u2018Jardim das Luzes\u2019 (Estacionamento B).<\/p>\n<div id=\"attachment_121181\" style=\"width: 520px\" class=\"wp-caption aligncenter\"><a href=\"https:\/\/senoticias.com.br\/se\/wp-content\/uploads\/2019\/12\/Jardins-SE-Noticias.jpg\"><img loading=\"lazy\" decoding=\"async\" aria-describedby=\"caption-attachment-121181\" class=\"size-full wp-image-121181\" src=\"https:\/\/senoticias.com.br\/se\/wp-content\/uploads\/2019\/12\/Jardins-SE-Noticias.jpg\" alt=\"\" width=\"510\" height=\"523\" srcset=\"https:\/\/senoticias.com.br\/se\/wp-content\/uploads\/2019\/12\/Jardins-SE-Noticias.jpg 510w, https:\/\/senoticias.com.br\/se\/wp-content\/uploads\/2019\/12\/Jardins-SE-Noticias-293x300.jpg 293w\" sizes=\"(max-width: 510px) 100vw, 510px\" \/><\/a><p id=\"caption-attachment-121181\" class=\"wp-caption-text\">Banda Sol Kids comanda da festa tem\u00e1tica que acontece no Shopping Jardins em 13 de dezembro (foto: divulga\u00e7\u00e3o)<\/p><\/div>\n<p style=\"text-align: justify;\">Dentre as atra\u00e7\u00f5es, est\u00e3o: distribui\u00e7\u00e3o de m\u00e1scaras dos PJMasks &#8211; os queridos super-her\u00f3is de pijamas -, pintura facial gratuita, pipoca e algod\u00e3o doce para a crian\u00e7ada, al\u00e9m de playground, \u00e1rea gourmet, ambientes instagram\u00e1veis com 13 elementos iluminados e os brinquedos el\u00e9tricos que integram o espa\u00e7o tem\u00e1tico instalado na \u00e1rea externa do shopping. \u00c0s 19 horas, a Banda Sol Kids sobe ao \u2018Coreto Iluminado\u2019 e comanda a anima\u00e7\u00e3o de meninos gatos, lagartixos e corujitas. No repert\u00f3rio, estar\u00e3o \u2018Tchu Tchue\u2019, \u2018Xerengotengo\u2019, \u2018Borboletinha\u2019, dentre outras can\u00e7\u00f5es autorais, hits nacionais e cl\u00e1ssicos infantis que estimulam a imagina\u00e7\u00e3o e a criatividade da garotada.<\/p>\n<p style=\"text-align: justify;\">Os adultos respons\u00e1veis pelas crian\u00e7as devem retirar os passaportes para o \u2018Bailinho de Pijama\u2019 no Balc\u00e3o de Informa\u00e7\u00f5es do Shopping Jardins, localizado em frente \u00e0 Portaria A e \u00e0 loja Ri Happy Brinquedos. Est\u00e3o sendo concedidos at\u00e9 dois ingressos por CPF cadastrado. Crian\u00e7as com at\u00e9 tr\u00eas anos de idade n\u00e3o precisam de bilhete, mas dever\u00e3o estar acompanhadas por um adulto respons\u00e1vel portador de passaporte. Os ingressos s\u00e3o limitados.<\/p>\n<p style=\"font-weight: 400;\"><strong><u>\u2018Bailinho de Pijama\u2019<\/u><\/strong><\/p>\n<p style=\"font-weight: 400; text-align: justify;\"><strong>O qu\u00ea?\u00a0<\/strong>Festa infantil tem\u00e1tica ao som da Banda Sol Kids, com pintura facial, pipoca e algod\u00e3o doce gratuitos e muita divers\u00e3o para toda a fam\u00edlia.<\/p>\n<p style=\"font-weight: 400; text-align: justify;\"><strong>Quando?\u00a0<\/strong>Sexta-feira, 13 de dezembro, a partir das 18 horas.<\/p>\n<p style=\"font-weight: 400; text-align: justify;\"><strong>Onde?\u00a0<\/strong>\u2018Jardim das Luzes\u2019, instalado no Estacionamento B do Shopping Jardins \u2013 Avenida Ministro Geraldo Barreto Sobral, 215, bairro Jardins, Aracaju | SE.<\/p>\n<p style=\"font-weight: 400; text-align: justify;\"><strong>Quanto?\u00a0<\/strong>Entrada franca. Distribui\u00e7\u00e3o de ingressos no Balc\u00e3o de Informa\u00e7\u00f5es (em frente \u00e0 Portaria A). Limite de dois bilhetes por CPF cadastrado. Crian\u00e7as com at\u00e9 3 anos n\u00e3o precisam de ingresso, desde que acompanhadas por um adulto portador de passaporte. Bilhetes limitados.<\/p>\n<p style=\"font-weight: 400; text-align: justify;\">Ingressos individuais para trenzinho, carrossel, x\u00edcara maluca e cupcake t\u00eam o valor de R$ 10, cada.<\/p>\n<p style=\"font-weight: 400;\"><strong>Mais informa\u00e7\u00f5es?\u00a0<\/strong>(79) 2107.5555 |\u00a0<a href=\"http:\/\/shoppingjardins.com.br\/\" data-saferedirecturl=\"https:\/\/www.google.com\/url?q=http:\/\/shoppingjardins.com.br&amp;source=gmail&amp;ust=1576260262054000&amp;usg=AFQjCNEmQ7FU8Cz3YjSN8uoV6P63KTnlyw\">shoppingjardins.com.br<\/a><\/p>\n<p>&nbsp;<\/p>\n<p><em><strong>A<\/strong><strong>companhe tamb\u00e9m o SE Not\u00edcias no\u00a0<a href=\"https:\/\/www.instagram.com\/senoticias\/\">Instagram<\/a>,\u00a0<a href=\"https:\/\/twitter.com\/home\">Twitter<\/a>\u00a0e no\u00a0<a href=\"https:\/\/web.facebook.com\/senoticias1\/\">Facebook<\/a><\/strong><\/em><\/p>\n<p>&nbsp;<\/p>\n<p><a href=\"https:\/\/senoticias.com.br\/se\/wp-content\/uploads\/2019\/11\/Logo-novo-fone.jpg\"><img loading=\"lazy\" decoding=\"async\" class=\"aligncenter size-full wp-image-120749\" src=\"https:\/\/senoticias.com.br\/se\/wp-content\/uploads\/2019\/11\/Logo-novo-fone.jpg\" alt=\"\" width=\"599\" height=\"78\" srcset=\"https:\/\/senoticias.com.br\/se\/wp-content\/uploads\/2019\/11\/Logo-novo-fone.jpg 599w, https:\/\/senoticias.com.br\/se\/wp-content\/uploads\/2019\/11\/Logo-novo-fone-300x39.jpg 300w\" sizes=\"(max-width: 599px) 100vw, 599px\" \/><\/a><\/p>\n<p>&nbsp;<\/p>\n","protected":false},"excerpt":{"rendered":"<p>Sexta-feira, 13 de dezembro, \u00e9 dia de alegria e divers\u00e3o para toda a fam\u00edlia em Aracaju (SE). Crian\u00e7as, jovens, adultos e idosos est\u00e3o convidados a curtir o \u2018Bailinho de Pijama\u2019 que ser\u00e1 realizado no Shopping Jardins, a partir das 18 horas. O acesso \u00e9 gratuito. Basta retirar o passaporte para a festa antecipadamente, cal\u00e7ar as [&hellip;]<\/p>\n","protected":false},"author":6557,"featured_media":121181,"comment_status":"closed","ping_status":"closed","sticky":false,"template":"","format":"standard","meta":{"footnotes":""},"categories":[21,1],"tags":[13613,13618,13616,4939,13614,13615],"class_list":{"0":"post-121176","1":"post","2":"type-post","3":"status-publish","4":"format-standard","5":"has-post-thumbnail","7":"category-entretenimento","8":"category-sem-categoria","9":"tag-bailinho-de-pijama","10":"tag-banda-sol-kids","11":"tag-borboletinha","12":"tag-shopping-jardins","13":"tag-tchu-tchue","14":"tag-xerengotengo"},"_links":{"self":[{"href":"https:\/\/senoticias.com.br\/se\/wp-json\/wp\/v2\/posts\/121176"}],"collection":[{"href":"https:\/\/senoticias.com.br\/se\/wp-json\/wp\/v2\/posts"}],"about":[{"href":"https:\/\/senoticias.com.br\/se\/wp-json\/wp\/v2\/types\/post"}],"author":[{"embeddable":true,"href":"https:\/\/senoticias.com.br\/se\/wp-json\/wp\/v2\/users\/6557"}],"replies":[{"embeddable":true,"href":"https:\/\/senoticias.com.br\/se\/wp-json\/wp\/v2\/comments?post=121176"}],"version-history":[{"count":0,"href":"https:\/\/senoticias.com.br\/se\/wp-json\/wp\/v2\/posts\/121176\/revisions"}],"wp:featuredmedia":[{"embeddable":true,"href":"https:\/\/senoticias.com.br\/se\/wp-json\/wp\/v2\/media\/121181"}],"wp:attachment":[{"href":"https:\/\/senoticias.com.br\/se\/wp-json\/wp\/v2\/media?parent=121176"}],"wp:term":[{"taxonomy":"category","embeddable":true,"href":"https:\/\/senoticias.com.br\/se\/wp-json\/wp\/v2\/categories?post=121176"},{"taxonomy":"post_tag","embeddable":true,"href":"https:\/\/senoticias.com.br\/se\/wp-json\/wp\/v2\/tags?post=121176"}],"curies":[{"name":"wp","href":"https:\/\/api.w.org\/{rel}","templated":true}]}}