{"id":121153,"date":"2019-12-11T09:06:47","date_gmt":"2019-12-11T12:06:47","guid":{"rendered":"https:\/\/senoticias.com.br\/se\/?p=121153"},"modified":"2019-12-11T09:06:47","modified_gmt":"2019-12-11T12:06:47","slug":"crianca-morre-afogada-em-piscina-na-zona-de-expansao-em-aracaju","status":"publish","type":"post","link":"https:\/\/senoticias.com.br\/se\/crianca-morre-afogada-em-piscina-na-zona-de-expansao-em-aracaju\/","title":{"rendered":"Crian\u00e7a morre afogada em piscina na zona de expans\u00e3o em Aracaju"},"content":{"rendered":"<p style=\"text-align: justify;\">Uma crian\u00e7a de quatro anos de idade morreu na tarde da \u00faltima ter\u00e7a-feira, 10, com sinais de afogamento em uma resid\u00eancia localizada no povoado Areia Branca, na zona de expans\u00e3o de Aracaju.<\/p>\n<div id=\"attachment_121154\" style=\"width: 560px\" class=\"wp-caption aligncenter\"><a href=\"https:\/\/senoticias.com.br\/se\/wp-content\/uploads\/2019\/12\/iml_infonet.jpg\"><img loading=\"lazy\" decoding=\"async\" aria-describedby=\"caption-attachment-121154\" class=\"size-full wp-image-121154\" src=\"https:\/\/senoticias.com.br\/se\/wp-content\/uploads\/2019\/12\/iml_infonet-e1576065926758.jpg\" alt=\"\" width=\"550\" height=\"366\" \/><\/a><p id=\"caption-attachment-121154\" class=\"wp-caption-text\">O corpo permanece no IML sem previs\u00e3o de libera\u00e7\u00e3o. (Foto: Arquivo Portal Infonet)<\/p><\/div>\n<p style=\"text-align: justify;\">A ocorr\u00eancia n\u00e3o chegou a ser alvo de chamado junto ao Grupamento Mar\u00edtimo (Gmar) do Corpo de Bombeiros, cujo comandante major Caldas esclareceu que, em casos como este, o procedimento padr\u00e3o passa pelo acionamento do Servi\u00e7o de Atendimento M\u00f3vel de Urg\u00eancia (Samu).<\/p>\n<p style=\"text-align: justify;\">\u201cComo ocorreu em uma resid\u00eancia privada, o padr\u00e3o \u00e9 que o Samu seja chamado para tentar fazer a reanima\u00e7\u00e3o. O pr\u00f3prio Samu \u00e9 tamb\u00e9m respons\u00e1vel por acionar o Instituto M\u00e9dico Legal [IML]\u201d, destacou o bombeiro militar.<\/p>\n<p style=\"text-align: justify;\">O cad\u00e1ver da crian\u00e7a foi removido para a base do IML por volta das 18h e ainda n\u00e3o foi liberado para sepultamento.<\/p>\n<p style=\"text-align: justify;\">por Daniel Rezende<\/p>\n<p><a href=\"https:\/\/senoticias.com.br\/se\/wp-content\/uploads\/2019\/11\/Logo-novo-fone.jpg\"><img loading=\"lazy\" decoding=\"async\" class=\"aligncenter size-full wp-image-120749\" src=\"https:\/\/senoticias.com.br\/se\/wp-content\/uploads\/2019\/11\/Logo-novo-fone.jpg\" alt=\"\" width=\"599\" height=\"78\" srcset=\"https:\/\/senoticias.com.br\/se\/wp-content\/uploads\/2019\/11\/Logo-novo-fone.jpg 599w, https:\/\/senoticias.com.br\/se\/wp-content\/uploads\/2019\/11\/Logo-novo-fone-300x39.jpg 300w\" sizes=\"(max-width: 599px) 100vw, 599px\" \/><\/a><\/p>\n<p><em><strong>A<\/strong><strong>companhe tamb\u00e9m o SE Not\u00edcias no\u00a0<a href=\"https:\/\/www.instagram.com\/senoticias\/\">Instagram<\/a>,\u00a0<a href=\"https:\/\/twitter.com\/home\">Twitter<\/a>\u00a0e no\u00a0<a href=\"https:\/\/web.facebook.com\/senoticias1\/\">Facebook<\/a><\/strong><\/em><\/p>\n","protected":false},"excerpt":{"rendered":"<p>Uma crian\u00e7a de quatro anos de idade morreu na tarde da \u00faltima ter\u00e7a-feira, 10, com sinais de afogamento em uma resid\u00eancia localizada no povoado Areia Branca, na zona de expans\u00e3o de Aracaju. A ocorr\u00eancia n\u00e3o chegou a ser alvo de chamado junto ao Grupamento Mar\u00edtimo (Gmar) do Corpo de Bombeiros, cujo comandante major Caldas esclareceu [&hellip;]<\/p>\n","protected":false},"author":6557,"featured_media":0,"comment_status":"closed","ping_status":"closed","sticky":false,"template":"","format":"standard","meta":{"footnotes":""},"categories":[15],"tags":[13449,13598,3283],"class_list":{"0":"post-121153","1":"post","2":"type-post","3":"status-publish","4":"format-standard","6":"category-destaques","7":"tag-crianca-morre-afogada","8":"tag-piscina","9":"tag-zona-de-expansao"},"_links":{"self":[{"href":"https:\/\/senoticias.com.br\/se\/wp-json\/wp\/v2\/posts\/121153"}],"collection":[{"href":"https:\/\/senoticias.com.br\/se\/wp-json\/wp\/v2\/posts"}],"about":[{"href":"https:\/\/senoticias.com.br\/se\/wp-json\/wp\/v2\/types\/post"}],"author":[{"embeddable":true,"href":"https:\/\/senoticias.com.br\/se\/wp-json\/wp\/v2\/users\/6557"}],"replies":[{"embeddable":true,"href":"https:\/\/senoticias.com.br\/se\/wp-json\/wp\/v2\/comments?post=121153"}],"version-history":[{"count":0,"href":"https:\/\/senoticias.com.br\/se\/wp-json\/wp\/v2\/posts\/121153\/revisions"}],"wp:attachment":[{"href":"https:\/\/senoticias.com.br\/se\/wp-json\/wp\/v2\/media?parent=121153"}],"wp:term":[{"taxonomy":"category","embeddable":true,"href":"https:\/\/senoticias.com.br\/se\/wp-json\/wp\/v2\/categories?post=121153"},{"taxonomy":"post_tag","embeddable":true,"href":"https:\/\/senoticias.com.br\/se\/wp-json\/wp\/v2\/tags?post=121153"}],"curies":[{"name":"wp","href":"https:\/\/api.w.org\/{rel}","templated":true}]}}