{"id":121133,"date":"2019-12-10T15:49:56","date_gmt":"2019-12-10T18:49:56","guid":{"rendered":"https:\/\/senoticias.com.br\/se\/?p=121133"},"modified":"2019-12-10T15:58:40","modified_gmt":"2019-12-10T18:58:40","slug":"tce-capacita-servidores-dos-75-municipios-com-alvo-na-melhoria-das-gestoes","status":"publish","type":"post","link":"https:\/\/senoticias.com.br\/se\/tce-capacita-servidores-dos-75-municipios-com-alvo-na-melhoria-das-gestoes\/","title":{"rendered":"TCE capacita servidores dos 75 munic\u00edpios com alvo na melhoria das gest\u00f5es"},"content":{"rendered":"<p style=\"text-align: justify;\">O Tribunal de Contas do Estado de Sergipe (TCE\/SE), atrav\u00e9s da sua Diretoria T\u00e9cnica, concluiu a \u00faltima a rodada de treinamento sobre o \u00cdndice de Efetividade da Gest\u00e3o Municipal (IEGM) 2019, nesta ter\u00e7a-feira, 10, no miniaudit\u00f3rio da Escola de Contas. Foram mais de tr\u00eas meses para capacitar os 75 munic\u00edpios que receberam conhecimentos t\u00e9cnicos, te\u00f3ricos e pr\u00e1ticos para o preenchimento correto dos question\u00e1rios do IEGM.<\/p>\n<div id=\"attachment_121136\" style=\"width: 609px\" class=\"wp-caption aligncenter\"><a href=\"https:\/\/senoticias.com.br\/se\/wp-content\/uploads\/2019\/12\/TCE-SE-NOTICIAS.jpg\"><img loading=\"lazy\" decoding=\"async\" aria-describedby=\"caption-attachment-121136\" class=\"size-full wp-image-121136\" src=\"https:\/\/senoticias.com.br\/se\/wp-content\/uploads\/2019\/12\/TCE-SE-NOTICIAS-e1576003967134.jpg\" alt=\"\" width=\"599\" height=\"399\" \/><\/a><p id=\"caption-attachment-121136\" class=\"wp-caption-text\">TCE capacita servidores dos 75 munic\u00edpios (foto:\u00a0Cleverton Ribeiro \/TCE)<\/p><\/div>\n<p style=\"text-align: justify;\">Nesta \u00faltima reuni\u00e3o, foram alcan\u00e7ados os servidores municipais de Riachuelo, Maruim, Santo Amaro das Brotas, Laranjeiras, N. Sra. do Socorro, Barra dos Coqueiros, S\u00e3o Crist\u00f3v\u00e3o, Itaporanga D\u2019Ajuda e Aracaju.<\/p>\n<p style=\"text-align: justify;\">A assessora de Planejamento do TCE\/SE, Adenilde Tavares, avaliou como positivo todo o esfor\u00e7o do Tribunal em treinar os servidores e acredita que pr\u00f3ximo ano os frutos ser\u00e3o colhidos. \u201cFelizmente, conseguimos atingir a nossa meta que foi capacitar todos os munic\u00edpios no preenchimento correto do IEGM. O nosso foco foi melhorar a gest\u00e3o dos munic\u00edpios. Ficamos muito felizes porque em todos os treinamentos temos uma avalia\u00e7\u00e3o muito positiva dos participantes\u201d, disse a assessora, que dividiu as instru\u00e7\u00f5es com o gerente de projetos do TCE, Wallace Hora.<\/p>\n<p style=\"text-align: justify;\"><strong>Iniciativa<\/strong><\/p>\n<p style=\"text-align: justify;\">O secret\u00e1rio de Controle Interno de N. Sra. do Socorro, Valter de Sousa, destacou a iniciativa do Tribunal. \u201cNo meu entendimento, as principais fun\u00e7\u00f5es do Tribunal \u00e9 orientar e capacitar e n\u00e3o apenas punir. A puni\u00e7\u00e3o seria em \u00faltimo caso. Por isso, \u00e9 de suma import\u00e2ncia esta preocupa\u00e7\u00e3o de orientar os gestores para fazer a coisa correta e n\u00e3o sofrer com multas. E o IEGM como \u00e9 uma ferramenta nova gera d\u00favidas e preocupa\u00e7\u00e3o. No ano passado, tivemos muitas d\u00favidas, mas agora com esta instru\u00e7\u00e3o o \u00edndice de acerto no preenchimento ser\u00e1 bem maior\u201d, afirmou o secret\u00e1rio.<\/p>\n<p style=\"text-align: justify;\">Quem seguiu a mesma linha foi o assessor da Controladoria Geral do Munic\u00edpio de Aracaju, Roberto Santos. \u201cO IEGM tem se tornado um \u00edndice de refer\u00eancia no planejamento estrat\u00e9gico dos munic\u00edpios. S\u00f3 que os servidores envolvidos no preenchimento dos question\u00e1rios tiveram algumas dificuldades, em fun\u00e7\u00e3o de n\u00e3o ter tido inicialmente esta capacita\u00e7\u00e3o para apresentar melhor as informa\u00e7\u00f5es. Ent\u00e3o, esta a\u00e7\u00e3o do Tribunal de Contas vem contribuir muito para que o preenchimento dos pr\u00f3ximos formul\u00e1rios seja o mais pr\u00f3ximo da realidade poss\u00edvel\u201d, disse o assessor.<\/p>\n<p style=\"text-align: justify;\"><strong>Gest\u00e3o P\u00fablica<\/strong><\/p>\n<p style=\"text-align: justify;\">O IEGM permite ao Tribunal de Contas e aos munic\u00edpios jurisdicionados medir e acompanhar o desenvolvimento da gest\u00e3o p\u00fablica e instrumentalizar o controle social. Al\u00e9m disto, proporciona instrumentos para avaliar sete das principais dimens\u00f5es de pol\u00edticas p\u00fablicas: Educa\u00e7\u00e3o, Sa\u00fade, Planejamento, Gest\u00e3o Fiscal, Meio Ambiente, Cidades Protegidas e Governan\u00e7a em Tecnologia da Informa\u00e7\u00e3o, permitindo a autoavalia\u00e7\u00e3o dos jurisdicionados nessas importantes \u00e1reas de gest\u00e3o.<\/p>\n<p>&nbsp;<\/p>\n<p><a href=\"https:\/\/senoticias.com.br\/se\/wp-content\/uploads\/2019\/11\/Logo-novo-fone.jpg\"><img loading=\"lazy\" decoding=\"async\" class=\"aligncenter size-full wp-image-120749\" src=\"https:\/\/senoticias.com.br\/se\/wp-content\/uploads\/2019\/11\/Logo-novo-fone.jpg\" alt=\"\" width=\"599\" height=\"78\" srcset=\"https:\/\/senoticias.com.br\/se\/wp-content\/uploads\/2019\/11\/Logo-novo-fone.jpg 599w, https:\/\/senoticias.com.br\/se\/wp-content\/uploads\/2019\/11\/Logo-novo-fone-300x39.jpg 300w\" sizes=\"(max-width: 599px) 100vw, 599px\" \/><\/a><\/p>\n<p>&nbsp;<\/p>\n<p><em><strong>A<\/strong><strong>companhe tamb\u00e9m o SE Not\u00edcias no\u00a0<a href=\"https:\/\/www.instagram.com\/senoticias\/\">Instagram<\/a>,\u00a0<a href=\"https:\/\/twitter.com\/home\">Twitter<\/a>\u00a0e no\u00a0<a href=\"https:\/\/web.facebook.com\/senoticias1\/\">Facebook<\/a><\/strong><\/em><\/p>\n<p>&nbsp;<\/p>\n<p><em>Por ascom\/TCE<\/em><\/p>\n","protected":false},"excerpt":{"rendered":"<p>O Tribunal de Contas do Estado de Sergipe (TCE\/SE), atrav\u00e9s da sua Diretoria T\u00e9cnica, concluiu a \u00faltima a rodada de treinamento sobre o \u00cdndice de Efetividade da Gest\u00e3o Municipal (IEGM) 2019, nesta ter\u00e7a-feira, 10, no miniaudit\u00f3rio da Escola de Contas. Foram mais de tr\u00eas meses para capacitar os 75 munic\u00edpios que receberam conhecimentos t\u00e9cnicos, te\u00f3ricos [&hellip;]<\/p>\n","protected":false},"author":6557,"featured_media":121136,"comment_status":"closed","ping_status":"closed","sticky":false,"template":"","format":"standard","meta":{"footnotes":""},"categories":[15,6,1],"tags":[4429,529,530],"class_list":{"0":"post-121133","1":"post","2":"type-post","3":"status-publish","4":"format-standard","5":"has-post-thumbnail","7":"category-destaques","8":"category-politica","9":"category-sem-categoria","10":"tag-qualificacao-profissional","11":"tag-tce","12":"tag-tribunal-de-contas-do-estado-de-sergipe"},"_links":{"self":[{"href":"https:\/\/senoticias.com.br\/se\/wp-json\/wp\/v2\/posts\/121133"}],"collection":[{"href":"https:\/\/senoticias.com.br\/se\/wp-json\/wp\/v2\/posts"}],"about":[{"href":"https:\/\/senoticias.com.br\/se\/wp-json\/wp\/v2\/types\/post"}],"author":[{"embeddable":true,"href":"https:\/\/senoticias.com.br\/se\/wp-json\/wp\/v2\/users\/6557"}],"replies":[{"embeddable":true,"href":"https:\/\/senoticias.com.br\/se\/wp-json\/wp\/v2\/comments?post=121133"}],"version-history":[{"count":0,"href":"https:\/\/senoticias.com.br\/se\/wp-json\/wp\/v2\/posts\/121133\/revisions"}],"wp:featuredmedia":[{"embeddable":true,"href":"https:\/\/senoticias.com.br\/se\/wp-json\/wp\/v2\/media\/121136"}],"wp:attachment":[{"href":"https:\/\/senoticias.com.br\/se\/wp-json\/wp\/v2\/media?parent=121133"}],"wp:term":[{"taxonomy":"category","embeddable":true,"href":"https:\/\/senoticias.com.br\/se\/wp-json\/wp\/v2\/categories?post=121133"},{"taxonomy":"post_tag","embeddable":true,"href":"https:\/\/senoticias.com.br\/se\/wp-json\/wp\/v2\/tags?post=121133"}],"curies":[{"name":"wp","href":"https:\/\/api.w.org\/{rel}","templated":true}]}}