{"id":121088,"date":"2019-12-08T16:20:38","date_gmt":"2019-12-08T19:20:38","guid":{"rendered":"https:\/\/senoticias.com.br\/se\/?p=121088"},"modified":"2019-12-08T16:26:23","modified_gmt":"2019-12-08T19:26:23","slug":"prefeito-padre-inaldo-se-filia-ao-pp-em-evento-realizado-em-socorro","status":"publish","type":"post","link":"https:\/\/senoticias.com.br\/se\/prefeito-padre-inaldo-se-filia-ao-pp-em-evento-realizado-em-socorro\/","title":{"rendered":"Prefeito Padre Inaldo se filia ao PP em evento realizado em Socorro"},"content":{"rendered":"<p style=\"text-align: justify;\">Com um grande n\u00famero de participantes, o ato de filia\u00e7\u00e3o que o Partido Progressistas (PP) recebeu o prefeito de Nossa Senhora do Socorro, Padre Inaldo, e seu grupo. A solenidade aconteceu na sexta-feira, 6, em um espa\u00e7o de eventos no conjunto Marcos Freire II e contou com a presen\u00e7a do deputado federal e presidente de honra do Progressistas, La\u00e9rcio Oliveira, e o presidente Progressistas estadual, Fernando Carvalho.<\/p>\n<div id=\"attachment_121089\" style=\"width: 609px\" class=\"wp-caption alignnone\"><a href=\"https:\/\/senoticias.com.br\/se\/wp-content\/uploads\/2019\/12\/Padre-Inaldo-SE-Noticias.jpg\"><img loading=\"lazy\" decoding=\"async\" aria-describedby=\"caption-attachment-121089\" class=\"size-full wp-image-121089\" src=\"https:\/\/senoticias.com.br\/se\/wp-content\/uploads\/2019\/12\/Padre-Inaldo-SE-Noticias-e1575832969449.jpg\" alt=\"\" width=\"599\" height=\"400\" \/><\/a><p id=\"caption-attachment-121089\" class=\"wp-caption-text\">A solenidade aconteceu na sexta-feira, 6, em um espa\u00e7o de eventos no conjunto Marcos Freire II (foto: Elenildes Mesquita)<\/p><\/div>\n<p style=\"text-align: justify;\">Foram centenas de pessoas que acompanharam o ato de filia\u00e7\u00e3o de Padre Inaldo ao Progressistas. O prefeito se emocionou algumas vezes e no seu discurso citou que esse era um grande passo na luta para continuar vendo o crescimento de Socorro. \u201cQuando fui procurado por La\u00e9rcio e Fernando para conversar sobre a mudan\u00e7a de partido, eu disse que ia pensar e fui procurar meus amigos que me apoiaram na \u00faltima elei\u00e7\u00e3o como os deputados Luciano Bispo e Luciano Pimentel, o prefeito de Aracaju, Edvaldo Nogueira, j\u00e1 que al\u00e9m de amigo \u00e9ramos do mesmo partido, e ouvi de todos que procurei que La\u00e9rcio e Fernando eram pessoas de palavra, de compromisso e de honradez. Sei bem o compromisso do deputado La\u00e9rcio com Nossa Senhora do Socorro e o quanto j\u00e1 ajudou ao munic\u00edpio com emendas parlamentares\u201d, explicou o prefeito, acrescentando que a festa n\u00e3o \u00e9 apenas do Progressistas mas de todos os partidos amigos que est\u00e3o na luta pela valoriza\u00e7\u00e3o da comunidade e fez um agradecimento especial ao PCdoB, partido do qual era membro at\u00e9 migrar para o Progressistas.<\/p>\n<p style=\"text-align: justify;\">\u201cQuero agradecer a cada um que tem me ajudado a fazer uma cidade que cresce, se desenvolve e, acima de tudo, respeita sua popula\u00e7\u00e3o. A entrega das creches para os moradores que precisam deixar seus filhos em um local seguro e adequado tem sido motivo de felicidade para continuar trabalhando por um munic\u00edpio cada vez mais desenvolvido com as a\u00e7\u00f5es na melhoria de vida da popula\u00e7\u00e3o\u201d, acrescentou Padre Inaldo.<\/p>\n<p style=\"text-align: justify;\">O presidente de honra do Progressistas, deputado La\u00e9rcio, falou que o povo socorrense sabe do seu amor pelo munic\u00edpio. \u201cEm todo lugar que eu chegar em Socorro, saber\u00e3o que n\u00e3o sou aventureiro. N\u00e3o existe na hist\u00f3ria de Socorro nenhum deputado federal que tenha destinado mais emendas do que eu, pode puxar a conta. Vamos mostrar \u00e0s pessoas o trabalho s\u00e9rio que Padre Inaldo tem feito e que continuar\u00e1 a fazer. N\u00e3o faremos promessas, o que queremos \u00e9 a oportunidade de fazer muito mais. Eu devo muito \u00e0 Nossa Senhora do Socorro e por isso estou aqui para ajudar a fazer muito mais por essa cidade\u201d, assegurou La\u00e9rcio.<\/p>\n<p style=\"text-align: justify;\">O deputado disse que o novo afiliado fortalece o Progressistas, valorizou o trabalho desenvolvido pelo Padre Inaldo na sua gest\u00e3o e defendeu a sua recondu\u00e7\u00e3o ao Executivo para manuten\u00e7\u00e3o do processo de desenvolvimento do munic\u00edpio. \u201cO nome do Padre Inaldo representa uma pol\u00edtica de valor. Todos aqui conhecem a minha hist\u00f3ria, mas tem gente que caminha comigo desde 2006, quando pisei aqui pela primeira vez e fui recebido com muito carinho por essa popula\u00e7\u00e3o. Fui buscar aconselhamento com meu grupo pol\u00edtico e todos disseram que nos apoiariam onde estivermos porque sabem que juntos somos mais fortes. A pol\u00edtica de qualidade \u00e9 essa onde a gente respeita as pessoas e d\u00e1 a cada uma delas a oportunidade de serem ouvidas e ter consenso nas decis\u00f5es\u201d, enfatizou La\u00e9rcio.<\/p>\n<p style=\"text-align: justify;\">O prefeito de Aracaju, Edvaldo Nogueira (PC do B), agora ex-correligion\u00e1rio do Padre Inaldo, refor\u00e7ou que n\u00e3o poderia faltar ao ato de filia\u00e7\u00e3o do prefeito e amigo. \u201cEle est\u00e1 se desfiliando do PCdoB com meu apoio e minha solidariedade, eu tamb\u00e9m pretendo sair do partido. N\u00f3s conversamos muito porque, independente de partido, somos amigos, irm\u00e3os e parceiros. Ele sempre confiou no nosso trabalho durante o tempo em que esteve no PCdoB. Podemos estar em siglas diferentes, mas seguiremos juntos na luta pela melhoria das nossas cidades, que s\u00e3o irm\u00e3s e precisam avan\u00e7ar juntas em v\u00e1rias \u00e1reas\u201d, explicou Edvaldo afirmando que o Progressistas \u00e9 um partido de l\u00edderes importantes que tem lutado incansavelmente em defesa da popula\u00e7\u00e3o sergipana como faz o deputado La\u00e9rcio\u201d.<\/p>\n<p style=\"text-align: justify;\">O governador Belivaldo Chagas afirmou que fez quest\u00e3o em estar presente ao ato de filia\u00e7\u00e3o por acreditar no trabalho e no agrupamento em que faz parte. \u201cQuero dizer que tamb\u00e9m gosto da cor azul, que tamb\u00e9m \u00e9 a cor do meu partido (PSD), mas ter se filiado ao azul do Progressistas do deputado La\u00e9rcio me traz alegria por ter ficado em um partido com pessoas comprometidas com o nosso estado. La\u00e9rcio fez o convite e eu estou aqui prestigiando sua filia\u00e7\u00e3o Padre Inaldo, aqui estamos ao lado de amigos e irm\u00e3os, nossos deputados estaduais, vereadores e lideran\u00e7as. N\u00e3o tem sido f\u00e1cil governador nos dia de hoje, seja governador, seja prefeito, mas o senhor tem sido uma pessoa correta e tem trabalhado com dignidade em prol dos socorrenses, \u00e9 uma pessoa do bem e de bem e, agora, nesse time refor\u00e7ado por La\u00e9rcio, que sabe os caminhos das pedra e percorrer em Bras\u00edlia, tem ajudado muito a Sergipe s\u00f3 vai ser bom para Socorro\u201d, enfatizou Belivaldo.<\/p>\n<p style=\"text-align: justify;\">O presidente do Progressistas em Sergipe, Fernando Carvalho, falou da import\u00e2ncia de fortalecer o partido com pessoas comprometidas como padre Inaldo. \u201cN\u00f3s estamos em processo de filia\u00e7\u00e3o e fortalecimento do partido, assim como foi o nosso ato de filia\u00e7\u00e3o com v\u00e1rios prefeitos e lideran\u00e7as. Assim como os prefeitos de Campo do Brito Marcell Souza e de Santana do S\u00e3o Francisco, Junior Barroso, ambos do Progressistas e que est\u00e3o aqui prestigiando. Agora chega ao Progressistas o prefeito Padre Inaldo e em breve teremos mais filiados em outras solenidades em v\u00e1rios munic\u00edpios\u201d, relatou.<\/p>\n<p>&nbsp;<\/p>\n<p><a href=\"https:\/\/senoticias.com.br\/se\/wp-content\/uploads\/2019\/11\/Logo-novo-fone.jpg\"><img loading=\"lazy\" decoding=\"async\" class=\"alignnone size-full wp-image-120749\" src=\"https:\/\/senoticias.com.br\/se\/wp-content\/uploads\/2019\/11\/Logo-novo-fone.jpg\" alt=\"\" width=\"599\" height=\"78\" srcset=\"https:\/\/senoticias.com.br\/se\/wp-content\/uploads\/2019\/11\/Logo-novo-fone.jpg 599w, https:\/\/senoticias.com.br\/se\/wp-content\/uploads\/2019\/11\/Logo-novo-fone-300x39.jpg 300w\" sizes=\"(max-width: 599px) 100vw, 599px\" \/><\/a><\/p>\n<p>&nbsp;<\/p>\n<p><em><strong>A<\/strong><strong>companhe tamb\u00e9m o SE Not\u00edcias no\u00a0<a href=\"https:\/\/www.instagram.com\/senoticias\/\">Instagram<\/a>,\u00a0<a href=\"https:\/\/twitter.com\/home\">Twitter<\/a>\u00a0e no\u00a0<a href=\"https:\/\/web.facebook.com\/senoticias1\/\">Facebook<\/a><\/strong><\/em><\/p>\n<p><em>Por Elenildes Mesquita<\/em><\/p>\n","protected":false},"excerpt":{"rendered":"<p>Com um grande n\u00famero de participantes, o ato de filia\u00e7\u00e3o que o Partido Progressistas (PP) recebeu o prefeito de Nossa Senhora do Socorro, Padre Inaldo, e seu grupo. A solenidade aconteceu na sexta-feira, 6, em um espa\u00e7o de eventos no conjunto Marcos Freire II e contou com a presen\u00e7a do deputado federal e presidente de [&hellip;]<\/p>\n","protected":false},"author":6552,"featured_media":121089,"comment_status":"closed","ping_status":"closed","sticky":false,"template":"","format":"standard","meta":{"footnotes":""},"categories":[15,6],"tags":[8507,3718,1913,13570,9311,9535],"class_list":{"0":"post-121088","1":"post","2":"type-post","3":"status-publish","4":"format-standard","5":"has-post-thumbnail","7":"category-destaques","8":"category-politica","9":"tag-eleicoes-2020","10":"tag-laercio-oliveira","11":"tag-padre-inaldo","12":"tag-partido-progressistas","13":"tag-pp","14":"tag-progressistas"},"_links":{"self":[{"href":"https:\/\/senoticias.com.br\/se\/wp-json\/wp\/v2\/posts\/121088"}],"collection":[{"href":"https:\/\/senoticias.com.br\/se\/wp-json\/wp\/v2\/posts"}],"about":[{"href":"https:\/\/senoticias.com.br\/se\/wp-json\/wp\/v2\/types\/post"}],"author":[{"embeddable":true,"href":"https:\/\/senoticias.com.br\/se\/wp-json\/wp\/v2\/users\/6552"}],"replies":[{"embeddable":true,"href":"https:\/\/senoticias.com.br\/se\/wp-json\/wp\/v2\/comments?post=121088"}],"version-history":[{"count":0,"href":"https:\/\/senoticias.com.br\/se\/wp-json\/wp\/v2\/posts\/121088\/revisions"}],"wp:featuredmedia":[{"embeddable":true,"href":"https:\/\/senoticias.com.br\/se\/wp-json\/wp\/v2\/media\/121089"}],"wp:attachment":[{"href":"https:\/\/senoticias.com.br\/se\/wp-json\/wp\/v2\/media?parent=121088"}],"wp:term":[{"taxonomy":"category","embeddable":true,"href":"https:\/\/senoticias.com.br\/se\/wp-json\/wp\/v2\/categories?post=121088"},{"taxonomy":"post_tag","embeddable":true,"href":"https:\/\/senoticias.com.br\/se\/wp-json\/wp\/v2\/tags?post=121088"}],"curies":[{"name":"wp","href":"https:\/\/api.w.org\/{rel}","templated":true}]}}