{"id":121083,"date":"2019-12-07T17:18:52","date_gmt":"2019-12-07T20:18:52","guid":{"rendered":"https:\/\/senoticias.com.br\/se\/?p=121083"},"modified":"2019-12-07T17:18:52","modified_gmt":"2019-12-07T20:18:52","slug":"prefeito-de-sao-cristovao-participa-de-reuniao-com-mpf-marisqueiras-e-pescadores","status":"publish","type":"post","link":"https:\/\/senoticias.com.br\/se\/prefeito-de-sao-cristovao-participa-de-reuniao-com-mpf-marisqueiras-e-pescadores\/","title":{"rendered":"Prefeito de S\u00e3o Crist\u00f3v\u00e3o participa de reuni\u00e3o com MPF, marisqueiras e pescadores"},"content":{"rendered":"<p style=\"text-align: justify;\">Na manh\u00e3 desta sexta-feira, 06, no Clube Recreativo e Cultural Prefeito Ant\u00f4nio Carlos Franco, na cidade de Laranjeiras, o prefeito de S\u00e3o Crist\u00f3v\u00e3o, Marcos Santana participou de reuni\u00e3o convocada pelo Minist\u00e9rio P\u00fablico Federal com a presen\u00e7a de representantes das col\u00f4nias de pescadores de Sergipe, dos munic\u00edpios afetados pelo vazamento de \u00f3leo e representantes das Secretarias Estaduais de Agricultura e de Assist\u00eancia Social al\u00e9m de representantes de associa\u00e7\u00f5es, col\u00f4nias, quilombos e marisqueiras.<\/p>\n<div id=\"attachment_121084\" style=\"width: 609px\" class=\"wp-caption alignnone\"><a href=\"https:\/\/senoticias.com.br\/se\/wp-content\/uploads\/2019\/12\/Marcos-Santana-com-pescadores-SE-Noticias.jpg\"><img loading=\"lazy\" decoding=\"async\" aria-describedby=\"caption-attachment-121084\" class=\"size-full wp-image-121084\" src=\"https:\/\/senoticias.com.br\/se\/wp-content\/uploads\/2019\/12\/Marcos-Santana-com-pescadores-SE-Noticias-e1575749661245.jpg\" alt=\"\" width=\"599\" height=\"398\" \/><\/a><p id=\"caption-attachment-121084\" class=\"wp-caption-text\">O prefeito Marcos Santana informou que o munic\u00edpio de S\u00e3o Crist\u00f3v\u00e3o vem acompanhando de perto a situa\u00e7\u00e3o vivida pelos pescadores e marisqueiras, inclusive, pedindo ao IBAMA que inclu\u00edsse o munic\u00edpio na lista de locais atingidos pelo \u00f3leo (foto: Dani Santos\/PMSC)<\/p><\/div>\n<p style=\"text-align: justify;\">Na ocasi\u00e3o, o prefeito Marcos Santana informou que o munic\u00edpio de S\u00e3o Crist\u00f3v\u00e3o vem acompanhando de perto a situa\u00e7\u00e3o vivida pelos pescadores e marisqueiras, inclusive, pedindo ao IBAMA que inclu\u00edsse o munic\u00edpio na lista de locais atingidos pelo \u00f3leo. \u201cNossa cidade participou desta reuni\u00e3o com o MPF atrav\u00e9s de uma comitiva formada por pescadores e marisqueiras que est\u00e3o sofrendo com toda essa situa\u00e7\u00e3o. O impacto social, pela repercuss\u00e3o que o \u00f3leo trouxe, para estas pessoas foi muito grande por conta do n\u00e3o consumo dos produtos comercializados por nossos pescadores e marisqueiras. Estamos acompanhando de perto a situa\u00e7\u00e3o destas pessoas, atrav\u00e9s dos trabalhos da Semast e da Semap, que diariamente est\u00e3o perto de todos agindo para minimizar o problema, seja a prefeitura ofertando cestas b\u00e1sicas ou dando todo o suporte, como hoje nesta reuni\u00e3o, contribuindo para que os tr\u00e2mites legais sejam feitos garantindo assim os benef\u00edcios para tantas fam\u00edlias de nossas cidades, que trabalham com a pesca, a partir do estu\u00e1rio do Rio Vaza-Barris. Nos colocamos \u00e0 disposi\u00e7\u00e3o do MPF para que juntos acionemos juridicamente o Governo Federal garantindo os direitos de nossos cidad\u00e3os\u201d, frisou o prefeito.<\/p>\n<p style=\"text-align: justify;\">De acordo com secret\u00e1rio de meio ambiente, agricultura e pesca, Thiago Corr\u00eaa, a reuni\u00e3o com o MPF serviu para esclarecer como os pescadores e marisqueiras dever\u00e3o agir de agora em diante. \u201cFoi importante este encontro porque tirou d\u00favidas e indicou o cronograma de a\u00e7\u00e3o que o MPF pretende empregar no nosso estado, a partir da semana que vem, para que os munic\u00edpios que foram atingidos possam se somar numa grande a\u00e7\u00e3o p\u00fablica\u201d, disse.<\/p>\n<p style=\"text-align: justify;\">J\u00e1 a secret\u00e1ria de assist\u00eancia social e do trabalho, Lucianne Rocha, explicou que todos os servidores da Semast est\u00e3o envolvidos em resolver a situa\u00e7\u00e3o dos pescadores e marisqueiras. \u201cDentro do que compete \u00e0 Semast n\u00f3s estamos acompanhando de perto todas as pessoas atingidas pelo problema do \u00f3leo, resolvendo quest\u00f5es ligadas ao cadastro e organizando a documenta\u00e7\u00e3o dos mesmos. Agora com esse respaldo do MPF certamente ganharemos mais for\u00e7a. S\u00e3o Crist\u00f3v\u00e3o far\u00e1 parte deste processo, e n\u00f3s daremos todo o apoio aos nossos pescadores e marisqueiras para que estes sejam contemplados nas pol\u00edticas de assist\u00eancia p\u00fablica\u201d, explicou a secret\u00e1ria.<\/p>\n<p style=\"text-align: justify;\"><strong>MPF<\/strong><\/p>\n<p style=\"text-align: justify;\">O foco da reuni\u00e3o foi a apresenta\u00e7\u00e3o, pela Seagri, do cronograma de cadastramento de todos os pescadores, marisqueiras, extrativistas do mar, estu\u00e1rios e manguezais, afetados pelo incidente com \u00f3leo que atingiu o estado de Sergipe, no m\u00eas de setembro. O cadastro servir\u00e1 para quantificar os trabalhadores artesanais afetados pelo derramamento de \u00f3leo.<\/p>\n<p style=\"text-align: justify;\">\u201cO objetivo \u00e9 saber quem s\u00e3o, de fato, as pessoas afetadas pelo desastre ambiental e, assim, pleitear a inclus\u00e3o delas junto ao Minist\u00e9rio da Agricultura Pecu\u00e1ria e Abastecimento para o recebimento do Aux\u00edlio Emergencial Pecuni\u00e1rio institu\u00eddo pela Medida Provis\u00f3ria n\u00ba 908\/2019. Esperamos poder ajudar a resolver esta situa\u00e7\u00e3o, com esse acompanhamento que j\u00e1 fazemos h\u00e1 meses, desde quando sentimos que estas pessoas estavam com dificuldades de conseguir fazer a comercializa\u00e7\u00e3o de seus produtos por conta do \u00f3leo. A partir da pr\u00f3xima semana vamos dar entrada numa a\u00e7\u00e3o civil p\u00fablica, de car\u00e1ter de urg\u00eancia\u201d, disse a procuradora regional dos direitos do cidad\u00e3o, Martha Figueiredo.<\/p>\n<p style=\"text-align: justify;\">Durante o encontro foram apresentados: o plano para o recadastramento dos trabalhadores artesanais e a metodologia que ser\u00e1 utilizada e o cronograma definido. O cadastramento ser\u00e1 realizado pelo Estado de Sergipe, por meio da Seagri e da Seit, em parcerias com as prefeituras (de 11 a 17 de dezembro).<\/p>\n<p style=\"text-align: justify;\">\u201cOs pescadores e as marisqueiras sergipanos d\u00e3o orgulho ao nosso estado e ao Brasil por seus trabalhos. A regi\u00e3o nordeste, e em especial Sergipe tamb\u00e9m nos enche de orgulho por sua resist\u00eancia perante a esse problema. Todos far\u00e3o parte dessa batalha que faremos perante o Congresso Nacional. Queremos deixar claro que os profissionais que n\u00e3o puderam estar aqui nesta reuni\u00e3o hoje tamb\u00e9m ser\u00e3o contemplados nesta a\u00e7\u00e3o. Pedimos que estes profissionais sejam os fiscais e denunciem os aproveitadores que queiram usar desta situa\u00e7\u00e3o para tirar alguma vantagem. Pedimos ainda que os pescadores e marisqueiras tamb\u00e9m cobrem mais atitudes de apoio dos nossos vereadores, deputados e prefeitos\u201d, enfatizou o procurador do Minist\u00e9rio P\u00fablico Federal, Ramiro Rockenbach.<\/p>\n<p style=\"text-align: justify;\">Participaram da reuni\u00e3o, prefeitos e representantes munic\u00edpios de: Aracaju, Barra dos Coqueiros, Brejo Grande, Est\u00e2ncia, Ilha das Flores, Indiaroba, Itaporanga D\u2019Ajuda, Laranjeiras, Maruim, Nossa Senhora do Socorro, Pacatuba, Pirambu, Santo Amaro das Brotas, Santa Luzia do Itanhy e S\u00e3o Crist\u00f3v\u00e3o.<\/p>\n<p>&nbsp;<\/p>\n<p><a href=\"https:\/\/senoticias.com.br\/se\/wp-content\/uploads\/2019\/11\/Logo-novo-fone.jpg\"><img loading=\"lazy\" decoding=\"async\" class=\"alignnone size-full wp-image-120749\" src=\"https:\/\/senoticias.com.br\/se\/wp-content\/uploads\/2019\/11\/Logo-novo-fone.jpg\" alt=\"\" width=\"599\" height=\"78\" srcset=\"https:\/\/senoticias.com.br\/se\/wp-content\/uploads\/2019\/11\/Logo-novo-fone.jpg 599w, https:\/\/senoticias.com.br\/se\/wp-content\/uploads\/2019\/11\/Logo-novo-fone-300x39.jpg 300w\" sizes=\"(max-width: 599px) 100vw, 599px\" \/><\/a><\/p>\n<p>&nbsp;<\/p>\n<p><em><strong>A<\/strong><strong>companhe tamb\u00e9m o SE Not\u00edcias no\u00a0<a href=\"https:\/\/www.instagram.com\/senoticias\/\">Instagram<\/a>,\u00a0<a href=\"https:\/\/twitter.com\/home\">Twitter<\/a>\u00a0e no\u00a0<a href=\"https:\/\/web.facebook.com\/senoticias1\/\">Facebook<\/a><\/strong><\/em><\/p>\n<p><em>Com informa\u00e7\u00f5es da ascom\/PMSC<\/em><\/p>\n","protected":false},"excerpt":{"rendered":"<p>Na manh\u00e3 desta sexta-feira, 06, no Clube Recreativo e Cultural Prefeito Ant\u00f4nio Carlos Franco, na cidade de Laranjeiras, o prefeito de S\u00e3o Crist\u00f3v\u00e3o, Marcos Santana participou de reuni\u00e3o convocada pelo Minist\u00e9rio P\u00fablico Federal com a presen\u00e7a de representantes das col\u00f4nias de pescadores de Sergipe, dos munic\u00edpios afetados pelo vazamento de \u00f3leo e representantes das Secretarias [&hellip;]<\/p>\n","protected":false},"author":6552,"featured_media":121084,"comment_status":"closed","ping_status":"closed","sticky":false,"template":"","format":"standard","meta":{"footnotes":""},"categories":[15,38],"tags":[13529,1536,13568,4608,4589,8776,335],"class_list":{"0":"post-121083","1":"post","2":"type-post","3":"status-publish","4":"format-standard","5":"has-post-thumbnail","7":"category-destaques","8":"category-municipios","9":"tag-auxilio-emergencial-pecuniario","10":"tag-ibama","11":"tag-martha-figueiredo","12":"tag-ministerio-publico-federal","13":"tag-prefeito-marcos-santana","14":"tag-ramiro-rockenbach","15":"tag-sao-cristovao"},"_links":{"self":[{"href":"https:\/\/senoticias.com.br\/se\/wp-json\/wp\/v2\/posts\/121083"}],"collection":[{"href":"https:\/\/senoticias.com.br\/se\/wp-json\/wp\/v2\/posts"}],"about":[{"href":"https:\/\/senoticias.com.br\/se\/wp-json\/wp\/v2\/types\/post"}],"author":[{"embeddable":true,"href":"https:\/\/senoticias.com.br\/se\/wp-json\/wp\/v2\/users\/6552"}],"replies":[{"embeddable":true,"href":"https:\/\/senoticias.com.br\/se\/wp-json\/wp\/v2\/comments?post=121083"}],"version-history":[{"count":0,"href":"https:\/\/senoticias.com.br\/se\/wp-json\/wp\/v2\/posts\/121083\/revisions"}],"wp:featuredmedia":[{"embeddable":true,"href":"https:\/\/senoticias.com.br\/se\/wp-json\/wp\/v2\/media\/121084"}],"wp:attachment":[{"href":"https:\/\/senoticias.com.br\/se\/wp-json\/wp\/v2\/media?parent=121083"}],"wp:term":[{"taxonomy":"category","embeddable":true,"href":"https:\/\/senoticias.com.br\/se\/wp-json\/wp\/v2\/categories?post=121083"},{"taxonomy":"post_tag","embeddable":true,"href":"https:\/\/senoticias.com.br\/se\/wp-json\/wp\/v2\/tags?post=121083"}],"curies":[{"name":"wp","href":"https:\/\/api.w.org\/{rel}","templated":true}]}}