{"id":121040,"date":"2019-12-05T06:12:46","date_gmt":"2019-12-05T09:12:46","guid":{"rendered":"https:\/\/senoticias.com.br\/se\/?p=121040"},"modified":"2019-12-05T06:20:37","modified_gmt":"2019-12-05T09:20:37","slug":"baiano-ze-de-lessa-lider-da-faccao-bdm-na-bahia-e-em-sergipe-e-morto-pela-policia-em-mato-grosso-do-sul","status":"publish","type":"post","link":"https:\/\/senoticias.com.br\/se\/baiano-ze-de-lessa-lider-da-faccao-bdm-na-bahia-e-em-sergipe-e-morto-pela-policia-em-mato-grosso-do-sul\/","title":{"rendered":"Baiano Z\u00e9 de Lessa, l\u00edder da fac\u00e7\u00e3o BDM na Bahia e em Sergipe, \u00e9 morto pela pol\u00edcia em Mato Grosso do Sul"},"content":{"rendered":"<p style=\"text-align: justify;\">Morreu em confronto com policiais Jos\u00e9 Francisco Lumes, vulgo \u201cZ\u00e9 de Lessa\u201d, apontado como l\u00edder da fac\u00e7\u00e3o Bonde do Maluco, com atua\u00e7\u00e3o nos Estados da Bahia e Sergipe.<\/p>\n<div id=\"attachment_121046\" style=\"width: 480px\" class=\"wp-caption alignnone\"><a href=\"https:\/\/senoticias.com.br\/se\/wp-content\/uploads\/2019\/12\/csm_ze_de_lessa_505ccf1908.jpg\"><img loading=\"lazy\" decoding=\"async\" aria-describedby=\"caption-attachment-121046\" class=\"size-full wp-image-121046\" src=\"https:\/\/senoticias.com.br\/se\/wp-content\/uploads\/2019\/12\/csm_ze_de_lessa_505ccf1908.jpg\" alt=\"\" width=\"470\" height=\"613\" srcset=\"https:\/\/senoticias.com.br\/se\/wp-content\/uploads\/2019\/12\/csm_ze_de_lessa_505ccf1908.jpg 470w, https:\/\/senoticias.com.br\/se\/wp-content\/uploads\/2019\/12\/csm_ze_de_lessa_505ccf1908-230x300.jpg 230w\" sizes=\"(max-width: 470px) 100vw, 470px\" \/><\/a><p id=\"caption-attachment-121046\" class=\"wp-caption-text\"><br \/>Fundador e l\u00edder da fac\u00e7\u00e3o criminosa Bonde do Maluco (BDM), de maior atua\u00e7\u00e3o na Bahia.<\/p><\/div>\n<p style=\"text-align: justify;\">Apontado pela Secretaria da Seguran\u00e7a P\u00fablica da Bahia (SSP-BA) como o bandido mais procurado do estado, o baiano Jos\u00e9 Francisco Lumes, o Z\u00e9 de Lessa, <a href=\"https:\/\/capitalnews.com.br\/policia\/confronto-com-quadrilha-que-atacou-carro-forte-termina-em-morte\/336513\"><strong>foi morto na manh\u00e3 desta quarta-feira (4)<\/strong><\/a> pela pol\u00edcia no estado do Mato Grosso do Sul. A informa\u00e7\u00e3o foi confirmada ao CORREIO pela SSP-BA &#8211; a pasta foi comunicada pelo Batalh\u00e3o de Opera\u00e7\u00f5es Policiais Especiais da PM do MS que Z\u00e9 de Lessa havia sido morto em confronto.<\/p>\n<p style=\"text-align: justify;\">Fundador e l\u00edder da fac\u00e7\u00e3o criminosa Bonde do Maluco (BDM), de maior atua\u00e7\u00e3o na Bahia, ele era o \u00e1s de ouros do Baralho do Crime da SSP, um arquivo que re\u00fane os principais criminosos do estado. A SSP-BA destacou que Z\u00e9 de Lessa tinha envolvimento com ataques a bancos, assaltos a carros-forte, sequestro e tr\u00e1fico de drogas. Ele estava escondido no Paraguai. Em 2018, ele quase foi preso, segundo a SSP-BA, mas fugiu.<\/p>\n<p>&nbsp;<\/p>\n<p><a href=\"https:\/\/senoticias.com.br\/se\/wp-content\/uploads\/2019\/11\/Logo-novo-fone.jpg\"><img loading=\"lazy\" decoding=\"async\" class=\"alignnone size-full wp-image-120749\" src=\"https:\/\/senoticias.com.br\/se\/wp-content\/uploads\/2019\/11\/Logo-novo-fone.jpg\" alt=\"\" width=\"599\" height=\"78\" srcset=\"https:\/\/senoticias.com.br\/se\/wp-content\/uploads\/2019\/11\/Logo-novo-fone.jpg 599w, https:\/\/senoticias.com.br\/se\/wp-content\/uploads\/2019\/11\/Logo-novo-fone-300x39.jpg 300w\" sizes=\"(max-width: 599px) 100vw, 599px\" \/><\/a><\/p>\n<p>&nbsp;<\/p>\n<p><em><strong>A<\/strong><strong>companhe tamb\u00e9m o SE Not\u00edcias no\u00a0<a href=\"https:\/\/www.instagram.com\/senoticias\/\">Instagram<\/a>,\u00a0<a href=\"https:\/\/twitter.com\/home\">Twitter<\/a>\u00a0e no\u00a0<a href=\"https:\/\/web.facebook.com\/senoticias1\/\">Facebook<\/a><\/strong><\/em><\/p>\n<p>&nbsp;<\/p>\n<p><em>Com informa\u00e7\u00f5es do Correio da Bahia<\/em><\/p>\n","protected":false},"excerpt":{"rendered":"<p>Morreu em confronto com policiais Jos\u00e9 Francisco Lumes, vulgo \u201cZ\u00e9 de Lessa\u201d, apontado como l\u00edder da fac\u00e7\u00e3o Bonde do Maluco, com atua\u00e7\u00e3o nos Estados da Bahia e Sergipe. Apontado pela Secretaria da Seguran\u00e7a P\u00fablica da Bahia (SSP-BA) como o bandido mais procurado do estado, o baiano Jos\u00e9 Francisco Lumes, o Z\u00e9 de Lessa, foi morto [&hellip;]<\/p>\n","protected":false},"author":6552,"featured_media":121046,"comment_status":"closed","ping_status":"closed","sticky":false,"template":"","format":"standard","meta":{"footnotes":""},"categories":[15,7],"tags":[7531,13545,13544],"class_list":{"0":"post-121040","1":"post","2":"type-post","3":"status-publish","4":"format-standard","5":"has-post-thumbnail","7":"category-destaques","8":"category-policia","9":"tag-bonde-do-maluco","10":"tag-morre-ze-de-lessa","11":"tag-ze-de-lessa"},"_links":{"self":[{"href":"https:\/\/senoticias.com.br\/se\/wp-json\/wp\/v2\/posts\/121040"}],"collection":[{"href":"https:\/\/senoticias.com.br\/se\/wp-json\/wp\/v2\/posts"}],"about":[{"href":"https:\/\/senoticias.com.br\/se\/wp-json\/wp\/v2\/types\/post"}],"author":[{"embeddable":true,"href":"https:\/\/senoticias.com.br\/se\/wp-json\/wp\/v2\/users\/6552"}],"replies":[{"embeddable":true,"href":"https:\/\/senoticias.com.br\/se\/wp-json\/wp\/v2\/comments?post=121040"}],"version-history":[{"count":0,"href":"https:\/\/senoticias.com.br\/se\/wp-json\/wp\/v2\/posts\/121040\/revisions"}],"wp:featuredmedia":[{"embeddable":true,"href":"https:\/\/senoticias.com.br\/se\/wp-json\/wp\/v2\/media\/121046"}],"wp:attachment":[{"href":"https:\/\/senoticias.com.br\/se\/wp-json\/wp\/v2\/media?parent=121040"}],"wp:term":[{"taxonomy":"category","embeddable":true,"href":"https:\/\/senoticias.com.br\/se\/wp-json\/wp\/v2\/categories?post=121040"},{"taxonomy":"post_tag","embeddable":true,"href":"https:\/\/senoticias.com.br\/se\/wp-json\/wp\/v2\/tags?post=121040"}],"curies":[{"name":"wp","href":"https:\/\/api.w.org\/{rel}","templated":true}]}}