{"id":121038,"date":"2019-12-04T06:26:35","date_gmt":"2019-12-04T09:26:35","guid":{"rendered":"https:\/\/senoticias.com.br\/se\/?p=121038"},"modified":"2019-12-04T06:26:35","modified_gmt":"2019-12-04T09:26:35","slug":"vista-se-de-preto-a-black-party-vai-agitar-a-sexta-feira-6","status":"publish","type":"post","link":"https:\/\/senoticias.com.br\/se\/vista-se-de-preto-a-black-party-vai-agitar-a-sexta-feira-6\/","title":{"rendered":"Vista-se de preto: a Black Party vai agitar a sexta-feira, 6"},"content":{"rendered":"<p style=\"text-align: justify;\">Vista sua roupa preta. Nesta sexta-feira, 06, a Black Paty vai agitar o Mambo Aju.\u00a0O cantor Xand Avi\u00e3o que tamb\u00e9m contar\u00e1 com show de Matheus e Kauan e apresenta\u00e7\u00e3o do DJ Ralk.<\/p>\n<p style=\"text-align: justify;\">Os ingressos ser\u00e3o vendidos na Central do Ticket, do Shopping Riomar.<\/p>\n<div id=\"attachment_121039\" style=\"width: 542px\" class=\"wp-caption aligncenter\"><a href=\"https:\/\/senoticias.com.br\/se\/wp-content\/uploads\/2019\/12\/Sem_T\u00edtulo-10.jpg\"><img loading=\"lazy\" decoding=\"async\" aria-describedby=\"caption-attachment-121039\" class=\"size-full wp-image-121039\" src=\"https:\/\/senoticias.com.br\/se\/wp-content\/uploads\/2019\/12\/Sem_T\u00edtulo-10.jpg\" alt=\"\" width=\"532\" height=\"570\" srcset=\"https:\/\/senoticias.com.br\/se\/wp-content\/uploads\/2019\/12\/Sem_T\u00edtulo-10.jpg 532w, https:\/\/senoticias.com.br\/se\/wp-content\/uploads\/2019\/12\/Sem_T\u00edtulo-10-280x300.jpg 280w\" sizes=\"(max-width: 532px) 100vw, 532px\" \/><\/a><p id=\"caption-attachment-121039\" class=\"wp-caption-text\">Festa ter\u00e1 shows de Xand Avi\u00e3o, DJ Ralk, Matheus e Kauan (foto: August&#8217;us)<\/p><\/div>\n<p>&nbsp;<\/p>\n<p>&nbsp;<\/p>\n<p>&nbsp;<\/p>\n<p><a href=\"https:\/\/senoticias.com.br\/se\/wp-content\/uploads\/2019\/11\/Logo-novo-fone.jpg\"><img loading=\"lazy\" decoding=\"async\" class=\"aligncenter size-full wp-image-120749\" src=\"https:\/\/senoticias.com.br\/se\/wp-content\/uploads\/2019\/11\/Logo-novo-fone.jpg\" alt=\"\" width=\"599\" height=\"78\" srcset=\"https:\/\/senoticias.com.br\/se\/wp-content\/uploads\/2019\/11\/Logo-novo-fone.jpg 599w, https:\/\/senoticias.com.br\/se\/wp-content\/uploads\/2019\/11\/Logo-novo-fone-300x39.jpg 300w\" sizes=\"(max-width: 599px) 100vw, 599px\" \/><\/a><\/p>\n<p>&nbsp;<\/p>\n<p>&nbsp;<\/p>\n<p><em><strong>A<\/strong><strong>companhe tamb\u00e9m o SE Not\u00edcias no\u00a0<a href=\"https:\/\/www.instagram.com\/senoticias\/\">Instagram<\/a>,\u00a0<a href=\"https:\/\/twitter.com\/home\">Twitter<\/a>\u00a0e no\u00a0<a href=\"https:\/\/web.facebook.com\/senoticias1\/\">Facebook<\/a><\/strong><\/em><\/p>\n<p>&nbsp;<\/p>\n<p>Com informa\u00e7\u00f5es da August&#8217;us Produ\u00e7\u00f5es<\/p>\n","protected":false},"excerpt":{"rendered":"<p>Vista sua roupa preta. Nesta sexta-feira, 06, a Black Paty vai agitar o Mambo Aju.\u00a0O cantor Xand Avi\u00e3o que tamb\u00e9m contar\u00e1 com show de Matheus e Kauan e apresenta\u00e7\u00e3o do DJ Ralk. Os ingressos ser\u00e3o vendidos na Central do Ticket, do Shopping Riomar. &nbsp; &nbsp; &nbsp; &nbsp; &nbsp; Acompanhe tamb\u00e9m o SE Not\u00edcias no\u00a0Instagram,\u00a0Twitter\u00a0e no\u00a0Facebook [&hellip;]<\/p>\n","protected":false},"author":6552,"featured_media":121039,"comment_status":"closed","ping_status":"closed","sticky":false,"template":"","format":"standard","meta":{"footnotes":""},"categories":[21],"tags":[13540,13538,13541,13539,13537],"class_list":{"0":"post-121038","1":"post","2":"type-post","3":"status-publish","4":"format-standard","5":"has-post-thumbnail","7":"category-entretenimento","8":"tag-black-party","9":"tag-dj-ralk","10":"tag-mambo-aju","11":"tag-matheus-e-kauan","12":"tag-xand-aviao"},"_links":{"self":[{"href":"https:\/\/senoticias.com.br\/se\/wp-json\/wp\/v2\/posts\/121038"}],"collection":[{"href":"https:\/\/senoticias.com.br\/se\/wp-json\/wp\/v2\/posts"}],"about":[{"href":"https:\/\/senoticias.com.br\/se\/wp-json\/wp\/v2\/types\/post"}],"author":[{"embeddable":true,"href":"https:\/\/senoticias.com.br\/se\/wp-json\/wp\/v2\/users\/6552"}],"replies":[{"embeddable":true,"href":"https:\/\/senoticias.com.br\/se\/wp-json\/wp\/v2\/comments?post=121038"}],"version-history":[{"count":0,"href":"https:\/\/senoticias.com.br\/se\/wp-json\/wp\/v2\/posts\/121038\/revisions"}],"wp:featuredmedia":[{"embeddable":true,"href":"https:\/\/senoticias.com.br\/se\/wp-json\/wp\/v2\/media\/121039"}],"wp:attachment":[{"href":"https:\/\/senoticias.com.br\/se\/wp-json\/wp\/v2\/media?parent=121038"}],"wp:term":[{"taxonomy":"category","embeddable":true,"href":"https:\/\/senoticias.com.br\/se\/wp-json\/wp\/v2\/categories?post=121038"},{"taxonomy":"post_tag","embeddable":true,"href":"https:\/\/senoticias.com.br\/se\/wp-json\/wp\/v2\/tags?post=121038"}],"curies":[{"name":"wp","href":"https:\/\/api.w.org\/{rel}","templated":true}]}}