{"id":121019,"date":"2019-12-03T09:53:14","date_gmt":"2019-12-03T12:53:14","guid":{"rendered":"https:\/\/senoticias.com.br\/se\/?p=121019"},"modified":"2019-12-03T09:53:14","modified_gmt":"2019-12-03T12:53:14","slug":"tradicional-festival-do-jegue-acontece-neste-fim-de-semana-em-itabi","status":"publish","type":"post","link":"https:\/\/senoticias.com.br\/se\/tradicional-festival-do-jegue-acontece-neste-fim-de-semana-em-itabi\/","title":{"rendered":"Tradicional Festival do Jegue acontece neste fim de semana em Itabi"},"content":{"rendered":"<p style=\"text-align: justify;\">Neste fim de semana, milhares de pessoas se reunir\u00e3o no munic\u00edpio de Itabi, interior sergipano, para prestigiar a 39\u00aa Festa do Jegue, uma tradi\u00e7\u00e3o cultural que come\u00e7ou em 1979. Entre os dias 07 e 09 de dezembro, a popula\u00e7\u00e3o e visitantes estar\u00e3o reunidos para prestigiar o animal que \u00e9 considerado sagrado pelos sertanejos.<\/p>\n<div id=\"attachment_121020\" style=\"width: 609px\" class=\"wp-caption aligncenter\"><a href=\"https:\/\/senoticias.com.br\/se\/wp-content\/uploads\/2019\/12\/Corrida-do-jegue-02-divulga\u00e7\u00e3o-e1575377446664.jpeg\"><img loading=\"lazy\" decoding=\"async\" aria-describedby=\"caption-attachment-121020\" class=\"size-full wp-image-121020\" src=\"https:\/\/senoticias.com.br\/se\/wp-content\/uploads\/2019\/12\/Corrida-do-jegue-02-divulga\u00e7\u00e3o-e1575377446664.jpeg\" alt=\"\" width=\"599\" height=\"399\" \/><\/a><p id=\"caption-attachment-121020\" class=\"wp-caption-text\">Festa do Jegue, uma tradi\u00e7\u00e3o cultural que come\u00e7ou em 1979 (foto: divulga\u00e7\u00e3o)<\/p><\/div>\n<p style=\"text-align: justify;\">Esse ano, a programa\u00e7\u00e3o contar\u00e1 com a tradicional corrida de jegues, shows, cavalgada e a 2\u00aa etapa do campeonato sergipano de \u2018motocross&#8217;. Al\u00e9m da corrida, ser\u00e1 realizado concurso para escolher o jegue melhor fantasiado. Os vencedores da corrida de jegues e do concurso de fantasias ser\u00e3o premiados com trof\u00e9us e pr\u00eamios em dinheiro que ultrapassam os R$ 13 mil.<\/p>\n<p style=\"text-align: justify;\">\u201cEssa \u00e9 uma festa original e muito animada que faz parte da cultura do nosso povo e \u00e9 famosa no Brasil inteiro. Al\u00e9m da divers\u00e3o que proporciona ao p\u00fablico, o Festival do Jegue \u00e9 uma fonte de trabalho e renda para o povo itabiense\u201d, destaca o prefeito do munic\u00edpio, Manoel do Povo.<\/p>\n<p style=\"text-align: justify;\"><strong>Encontro Cultural<\/strong><\/p>\n<p style=\"text-align: justify;\">Esse ano, a Prefeitura realizar\u00e1 a terceira edi\u00e7\u00e3o do Encontro Cultural de Itabi, que acontecer\u00e1 na sexta-feira, 06 de dezembro, com o tema \u201cMeu sert\u00e3o tem de tudo\u201d. Nele, diversos artistas sergipanos estar\u00e3o exibindo a cultura popular por meio de apresenta\u00e7\u00f5es de dan\u00e7a, m\u00fasica, folclore e teatro. Entre as atra\u00e7\u00f5es, apresenta\u00e7\u00f5es da Orquestra Sanf\u00f4nica de Aracaju, da quadrilha junina Assum Preto, do grupo de cordas \u201cL\u00e1 do Sert\u00e3o\u201d, do grupo de bacamarteiros do povoado Pinga Fogo (General Maynard), al\u00e9m da pe\u00e7a teatral \u201cSenhora dos Restos\u201d e dos shows de Ago das Vaquejadas e Jeanny Lins e Ded\u00e9 Brasil.<\/p>\n<p style=\"text-align: justify;\">J\u00e1 o Festival do Jegue, contar\u00e1 com uma programa\u00e7\u00e3o especial de artistas locais e nacionais. Shows que prometem agitar a regi\u00e3o. Confira a programa\u00e7\u00e3o:<\/p>\n<p><strong>S\u00e1bado (07\/12)<\/strong><\/p>\n<p>20h &#8211; Amor Cigano<br \/>\n22h30 &#8211; S\u00e9rgio Lucas<br \/>\n1h &#8211; Joelma<br \/>\n3h &#8211; Xand e Nanda<\/p>\n<p><strong>Domingo (08\/12)<\/strong><\/p>\n<p>10h &#8211; 2\u00aa etapa do Campeonato Sergipano de Motocross<br \/>\n14h &#8211; Corridas de Jegues \/ Desfile de Jegues fantasiados<br \/>\n19h &#8211; Banda Cintura Fina<br \/>\n22h &#8211; Luan Estilizado<br \/>\n00h15 &#8211; Solange Almeida<br \/>\n2h &#8211; Banda Calcinha Preta<\/p>\n<p>&nbsp;<\/p>\n<p>&nbsp;<\/p>\n<p><a href=\"https:\/\/senoticias.com.br\/se\/wp-content\/uploads\/2019\/11\/Logo-novo-fone.jpg\"><img loading=\"lazy\" decoding=\"async\" class=\"aligncenter size-full wp-image-120749\" src=\"https:\/\/senoticias.com.br\/se\/wp-content\/uploads\/2019\/11\/Logo-novo-fone.jpg\" alt=\"\" width=\"599\" height=\"78\" srcset=\"https:\/\/senoticias.com.br\/se\/wp-content\/uploads\/2019\/11\/Logo-novo-fone.jpg 599w, https:\/\/senoticias.com.br\/se\/wp-content\/uploads\/2019\/11\/Logo-novo-fone-300x39.jpg 300w\" sizes=\"(max-width: 599px) 100vw, 599px\" \/><\/a><\/p>\n<p>&nbsp;<\/p>\n<p><em><strong>A<\/strong><strong>companhe tamb\u00e9m o SE Not\u00edcias no\u00a0<a href=\"https:\/\/www.instagram.com\/senoticias\/\">Instagram<\/a>,\u00a0<a href=\"https:\/\/twitter.com\/home\">Twitter<\/a>\u00a0e no\u00a0<a href=\"https:\/\/web.facebook.com\/senoticias1\/\">Facebook<\/a><\/strong><\/em><\/p>\n<p>Igor David S\u00e1\/Assessor de Comunica\u00e7\u00e3o<\/p>\n<p>&nbsp;<\/p>\n","protected":false},"excerpt":{"rendered":"<p>Neste fim de semana, milhares de pessoas se reunir\u00e3o no munic\u00edpio de Itabi, interior sergipano, para prestigiar a 39\u00aa Festa do Jegue, uma tradi\u00e7\u00e3o cultural que come\u00e7ou em 1979. Entre os dias 07 e 09 de dezembro, a popula\u00e7\u00e3o e visitantes estar\u00e3o reunidos para prestigiar o animal que \u00e9 considerado sagrado pelos sertanejos. Esse ano, [&hellip;]<\/p>\n","protected":false},"author":6557,"featured_media":121020,"comment_status":"closed","ping_status":"closed","sticky":false,"template":"","format":"standard","meta":{"footnotes":""},"categories":[15,21],"tags":[13526,13527,7450,3623],"class_list":{"0":"post-121019","1":"post","2":"type-post","3":"status-publish","4":"format-standard","5":"has-post-thumbnail","7":"category-destaques","8":"category-entretenimento","9":"tag-encontro-cultural-de-itabi","10":"tag-festa-do-jegue","11":"tag-festival-do-jegue","12":"tag-itabi"},"_links":{"self":[{"href":"https:\/\/senoticias.com.br\/se\/wp-json\/wp\/v2\/posts\/121019"}],"collection":[{"href":"https:\/\/senoticias.com.br\/se\/wp-json\/wp\/v2\/posts"}],"about":[{"href":"https:\/\/senoticias.com.br\/se\/wp-json\/wp\/v2\/types\/post"}],"author":[{"embeddable":true,"href":"https:\/\/senoticias.com.br\/se\/wp-json\/wp\/v2\/users\/6557"}],"replies":[{"embeddable":true,"href":"https:\/\/senoticias.com.br\/se\/wp-json\/wp\/v2\/comments?post=121019"}],"version-history":[{"count":0,"href":"https:\/\/senoticias.com.br\/se\/wp-json\/wp\/v2\/posts\/121019\/revisions"}],"wp:featuredmedia":[{"embeddable":true,"href":"https:\/\/senoticias.com.br\/se\/wp-json\/wp\/v2\/media\/121020"}],"wp:attachment":[{"href":"https:\/\/senoticias.com.br\/se\/wp-json\/wp\/v2\/media?parent=121019"}],"wp:term":[{"taxonomy":"category","embeddable":true,"href":"https:\/\/senoticias.com.br\/se\/wp-json\/wp\/v2\/categories?post=121019"},{"taxonomy":"post_tag","embeddable":true,"href":"https:\/\/senoticias.com.br\/se\/wp-json\/wp\/v2\/tags?post=121019"}],"curies":[{"name":"wp","href":"https:\/\/api.w.org\/{rel}","templated":true}]}}