{"id":121008,"date":"2019-12-02T16:12:30","date_gmt":"2019-12-02T19:12:30","guid":{"rendered":"https:\/\/senoticias.com.br\/se\/?p=121008"},"modified":"2019-12-02T16:20:13","modified_gmt":"2019-12-02T19:20:13","slug":"decoracao-de-natal-do-parque-da-sementeira-sera-inaugurada-nesta-quinta-feira","status":"publish","type":"post","link":"https:\/\/senoticias.com.br\/se\/decoracao-de-natal-do-parque-da-sementeira-sera-inaugurada-nesta-quinta-feira\/","title":{"rendered":"Decora\u00e7\u00e3o de Natal do Parque da Sementeira ser\u00e1 inaugurada nesta quinta-feira"},"content":{"rendered":"<p style=\"text-align: justify;\">A Energisa Sergipe, em parceria com a Prefeitura de Aracaju, presenteia a popula\u00e7\u00e3o sergipana com uma majestosa decora\u00e7\u00e3o natalina no Parque Governador Augusto Franco, conhecido como Parque da Sementeira, localizado na zona Sul de Aracaju. Toda popula\u00e7\u00e3o est\u00e1 convidada a participar do momento m\u00e1gico de acendimento das luzes do Natal Iluminado 2019, que acontece nesta quinta-feira, 5, \u00e0s 17h, com a chegada do Papai Noel, show pirot\u00e9cnico e apresenta\u00e7\u00e3o musical.<\/p>\n<div id=\"attachment_121009\" style=\"width: 609px\" class=\"wp-caption aligncenter\"><a href=\"https:\/\/senoticias.com.br\/se\/wp-content\/uploads\/2019\/12\/Natal-Iluminado-no-Parque-da-Sementeira_2-e1575314194245.jpg\"><img loading=\"lazy\" decoding=\"async\" aria-describedby=\"caption-attachment-121009\" class=\"size-full wp-image-121009\" src=\"https:\/\/senoticias.com.br\/se\/wp-content\/uploads\/2019\/12\/Natal-Iluminado-no-Parque-da-Sementeira_2-e1575314194245.jpg\" alt=\"\" width=\"599\" height=\"383\" \/><\/a><p id=\"caption-attachment-121009\" class=\"wp-caption-text\">Decora\u00e7\u00e3o de Natal do Parque da Sementeira ser\u00e1 inaugurada quinta-feira (foto: Lotti+Caldas)<\/p><\/div>\n<p style=\"text-align: justify;\">Este ano, o projeto conta com 1 milh\u00e3o de pontos de luz, o dobro da quantidade de 2018. Oito \u00e1rvores de sete metros de altura e letras iluminadas desejando feliz Natal embelezam a \u00e1rea dos lagos e as palmeiras e a ponte ganham ilumina\u00e7\u00e3o especial, compondo um lindo cen\u00e1rio que tamb\u00e9m poder\u00e1 ser apreciado por quem passa pela avenida Beira Mar.<\/p>\n<p style=\"text-align: justify;\">Dando as boas-vindas ao p\u00fablico, a alameda principal do Parque da Sementeira ganha decora\u00e7\u00e3o com bolas, presentes, estrelas e enfeites gigantes e luminosos. Uma das novidades \u00e9 a tecnologia Noite e Dia que permitir\u00e1 aos visitantes apreciarem os elementos decorativos a qualquer hora.<\/p>\n<p style=\"text-align: justify;\">A popula\u00e7\u00e3o sergipana e os turistas tamb\u00e9m ter\u00e3o a oportunidade de tirar lindas fotos com asas de anjos iluminadas e de esclarecer d\u00favidas sobre os servi\u00e7os prestados pela empresa, visitando o Caminh\u00e3o de Efici\u00eancia Energ\u00e9tica da Energisa estacionado no Parque durante o per\u00edodo natalino.<\/p>\n<p style=\"text-align: justify;\">Para o presidente da Energisa, Roberto Carlos Currais, este \u00e9 um presente da empresa em agradecimento ao carinho da popula\u00e7\u00e3o sergipana, que busca proporcionar um Natal ainda mais iluminado e alegre a todos. \u201cVai valer a pena ir conferir a decora\u00e7\u00e3o natalina do Parque da Sementeira. Ser\u00e3o muitas inova\u00e7\u00f5es, como a tecnologia que permite contemplar a decora\u00e7\u00e3o tamb\u00e9m durante o dia, uma \u00e1rvore de Natal de oito metros ao final do Parque e enfeites para que a popula\u00e7\u00e3o possa fazer selfie e tirar fotos com a fam\u00edlia. Al\u00e9m disso, na avenida Beira Mar, todas as palmeiras estar\u00e3o iluminadas\u201d, detalha o presidente da concession\u00e1ria de energia.<\/p>\n<p style=\"text-align: justify;\">De acordo com o prefeito de Aracaju, Edvaldo Nogueira, as parcerias s\u00e3o fundamentais para viabilizar as melhorias na cidade e proporcionar op\u00e7\u00f5es de lazer e divers\u00e3o para os aracajuanos e turistas. \u201cGra\u00e7as \u00e0 parceria com a Energisa, o Natal Iluminado 2019 ser\u00e1 ainda mais amplo do que o ano passado. O Parque da Sementeira estar\u00e1 lindo, pronto para receber os visitantes e para que fa\u00e7am muitas fotos com a decora\u00e7\u00e3o natalina\u201d, destacou o prefeito.<\/p>\n<p style=\"text-align: justify;\">Com o objetivo de proporcionar \u00e0 popula\u00e7\u00e3o um espet\u00e1culo de luzes e encantamento na celebra\u00e7\u00e3o do Natal mais iluminado que Aracaju j\u00e1 recebeu, al\u00e9m da Sementeira, outros locais recebem decora\u00e7\u00e3o especial. O Natal Iluminado 2019, desenvolvido em parceria entre a Prefeitura de Aracaju, Energisa, Fecom\u00e9rcio e outros \u00f3rg\u00e3os e empresas, contempla as pra\u00e7as Ol\u00edmpio Campos e Fausto Cardoso, no centro de Aracaju, com 1,5 milh\u00e3o de pontos de luz, t\u00fanel de luz e som, carrossel, ilumina\u00e7\u00e3o em \u00e1rvores e coretos e a tradicional casa do Papai Noel. Al\u00e9m da grandiosa ornamenta\u00e7\u00e3o, a programa\u00e7\u00e3o natalina do Centro conta com apresenta\u00e7\u00f5es culturais durante 38 dias.<\/p>\n<p>A Energisa ainda far\u00e1 a decora\u00e7\u00e3o natalina do Edif\u00edcio Maria Feliciana, no Centro da capital, e da Ponte Aracaju-Barra dos Coqueiros.<\/p>\n<p>Em anexo, seguem imagens do projeto de decora\u00e7\u00e3o do Parque da Sementeira.<\/p>\n<p>&nbsp;<\/p>\n<p><a href=\"https:\/\/senoticias.com.br\/se\/wp-content\/uploads\/2019\/11\/Logo-novo-fone.jpg\"><img loading=\"lazy\" decoding=\"async\" class=\"aligncenter size-full wp-image-120749\" src=\"https:\/\/senoticias.com.br\/se\/wp-content\/uploads\/2019\/11\/Logo-novo-fone.jpg\" alt=\"\" width=\"599\" height=\"78\" srcset=\"https:\/\/senoticias.com.br\/se\/wp-content\/uploads\/2019\/11\/Logo-novo-fone.jpg 599w, https:\/\/senoticias.com.br\/se\/wp-content\/uploads\/2019\/11\/Logo-novo-fone-300x39.jpg 300w\" sizes=\"(max-width: 599px) 100vw, 599px\" \/><\/a><\/p>\n<p>&nbsp;<\/p>\n<p><em><strong>A<\/strong><strong>companhe tamb\u00e9m o SE Not\u00edcias no\u00a0<a href=\"https:\/\/www.instagram.com\/senoticias\/\">Instagram<\/a>,\u00a0<a href=\"https:\/\/twitter.com\/home\">Twitter<\/a>\u00a0e no\u00a0<a href=\"https:\/\/web.facebook.com\/senoticias1\/\">Facebook<\/a><\/strong><\/em><\/p>\n<p><em>por Lotti+Caldas Comunica\u00e7\u00e3o<\/em><\/p>\n","protected":false},"excerpt":{"rendered":"<p>A Energisa Sergipe, em parceria com a Prefeitura de Aracaju, presenteia a popula\u00e7\u00e3o sergipana com uma majestosa decora\u00e7\u00e3o natalina no Parque Governador Augusto Franco, conhecido como Parque da Sementeira, localizado na zona Sul de Aracaju. Toda popula\u00e7\u00e3o est\u00e1 convidada a participar do momento m\u00e1gico de acendimento das luzes do Natal Iluminado 2019, que acontece nesta [&hellip;]<\/p>\n","protected":false},"author":6557,"featured_media":121009,"comment_status":"closed","ping_status":"closed","sticky":false,"template":"","format":"standard","meta":{"footnotes":""},"categories":[15,21],"tags":[13524,5967,6956,13523],"class_list":{"0":"post-121008","1":"post","2":"type-post","3":"status-publish","4":"format-standard","5":"has-post-thumbnail","7":"category-destaques","8":"category-entretenimento","9":"tag-decoracao-de-natal-do-parque-da-sementeira","10":"tag-energisa","11":"tag-natal","12":"tag-natal-do-parque-da-sementeira"},"_links":{"self":[{"href":"https:\/\/senoticias.com.br\/se\/wp-json\/wp\/v2\/posts\/121008"}],"collection":[{"href":"https:\/\/senoticias.com.br\/se\/wp-json\/wp\/v2\/posts"}],"about":[{"href":"https:\/\/senoticias.com.br\/se\/wp-json\/wp\/v2\/types\/post"}],"author":[{"embeddable":true,"href":"https:\/\/senoticias.com.br\/se\/wp-json\/wp\/v2\/users\/6557"}],"replies":[{"embeddable":true,"href":"https:\/\/senoticias.com.br\/se\/wp-json\/wp\/v2\/comments?post=121008"}],"version-history":[{"count":0,"href":"https:\/\/senoticias.com.br\/se\/wp-json\/wp\/v2\/posts\/121008\/revisions"}],"wp:featuredmedia":[{"embeddable":true,"href":"https:\/\/senoticias.com.br\/se\/wp-json\/wp\/v2\/media\/121009"}],"wp:attachment":[{"href":"https:\/\/senoticias.com.br\/se\/wp-json\/wp\/v2\/media?parent=121008"}],"wp:term":[{"taxonomy":"category","embeddable":true,"href":"https:\/\/senoticias.com.br\/se\/wp-json\/wp\/v2\/categories?post=121008"},{"taxonomy":"post_tag","embeddable":true,"href":"https:\/\/senoticias.com.br\/se\/wp-json\/wp\/v2\/tags?post=121008"}],"curies":[{"name":"wp","href":"https:\/\/api.w.org\/{rel}","templated":true}]}}