{"id":120954,"date":"2019-11-26T17:48:02","date_gmt":"2019-11-26T20:48:02","guid":{"rendered":"https:\/\/senoticias.com.br\/se\/?p=120954"},"modified":"2019-11-26T17:57:42","modified_gmt":"2019-11-26T20:57:42","slug":"defesa-civil-estadual-indica-previsao-de-chuvas-em-sergipe-ate-sexta-29","status":"publish","type":"post","link":"https:\/\/senoticias.com.br\/se\/defesa-civil-estadual-indica-previsao-de-chuvas-em-sergipe-ate-sexta-29\/","title":{"rendered":"Defesa Civil Estadual indica previs\u00e3o de chuvas em Sergipe at\u00e9 sexta-feira, 29"},"content":{"rendered":"<p style=\"text-align: justify;\">Com base em boletins recebidos do Instituto Nacional de Meteorologia (INMET), do Centro de Previs\u00e3o de Tempo e Estudos Clim\u00e1ticos (CPTEC) e do Centro de Meteorologia da Secretaria de Estado do Meio Ambiente e dos Recursos H\u00eddricos (Semarh), o Departamento Estadual de Prote\u00e7\u00e3o e Defesa Civil da Secretaria de Estado de Inclus\u00e3o, Assist\u00eancia Social e do Trabalho (Depec\/Seit) informa a popula\u00e7\u00e3o sobre a possibilidade de acumulado de chuva at\u00e9 esta sexta-feira, 29.<\/p>\n<div id=\"attachment_104181\" style=\"width: 609px\" class=\"wp-caption alignnone\"><a href=\"https:\/\/senoticias.com.br\/se\/wp-content\/uploads\/2017\/06\/inverno-SENOTICIAS-e1497988959364.jpg\"><img loading=\"lazy\" decoding=\"async\" aria-describedby=\"caption-attachment-104181\" class=\"size-full wp-image-104181\" src=\"https:\/\/senoticias.com.br\/se\/wp-content\/uploads\/2017\/06\/inverno-SENOTICIAS-e1497988959364.jpg\" alt=\"\" width=\"599\" height=\"449\" \/><\/a><p id=\"caption-attachment-104181\" class=\"wp-caption-text\">De acordo com os boletins, \u00e9 indicada a ocorr\u00eancia em 43 munic\u00edpios sergipanos (foto: arquivo\/ASN)<\/p><\/div>\n<p style=\"text-align: justify;\">A previs\u00e3o indica risco moderado para ocorr\u00eancia de fen\u00f4meno meteorol\u00f3gico adverso dentro das pr\u00f3ximas 72 horas, com chuva entre 30 a 60 mm\/h ou 50 a 100 mm\/dia. A popula\u00e7\u00e3o deve manter-se atenta \u00e0 possibilidade de alagamentos, deslizamentos de encostas e transbordamentos de rios nas cidades com estas \u00e1reas de risco.<\/p>\n<p style=\"text-align: justify;\">De acordo com os boletins, \u00e9 indicada a ocorr\u00eancia em 43 munic\u00edpios sergipanos: Aracaju, Arau\u00e1, Areia Branca, Boquim, Campo Do Brito, Carira, Cristin\u00e1polis, Divina Pastora, Est\u00e2ncia, Feira Nova, Frei Paulo, Indiaroba, Itabaiana, Itabaianinha, <strong>Itaporanga D\u2019Ajuda<\/strong>, Lagarto, Laranjeiras, Macambira, Malhador, Maruim, Moita Bonita, Monte Alegre, Nossa Senhora Aparecida, Nossa Senhora da Gl\u00f3ria, Nossa Senhora das Dores, Nossa Senhora do Socorro, Pedra Mole, Pedrinhas, Pinh\u00e3o, Po\u00e7o Verde, Riachuelo, Riach\u00e3o do Dantas, Ribeir\u00f3polis, Salgado, Santa Luzia do Itanhy, Santa Rosa de Lima, Sim\u00e3o Dias,<strong> S\u00e3o Crist\u00f3v\u00e3o<\/strong>, S\u00e3o Domingos, S\u00e3o Miguel Do Aleixo, Tobias Barreto, Tomar do Geru, Umba\u00faba.<\/p>\n<p style=\"text-align: justify;\">A Defesa Civil Estadual recomenda que a popula\u00e7\u00e3o evite enfrentar o mau tempo. \u201cAs pessoas devem manter-se abrigadas em locais seguros e que n\u00e3o apresentem risco de destelhamento. \u00c9 preciso tamb\u00e9m redobrar a aten\u00e7\u00e3o \u00e0s encostas e evitar usar aparelhos eletr\u00f4nicos ligados \u00e0 tomada. As coordenadorias de Defesa Civil nos munic\u00edpios tamb\u00e9m devem se manter em alerta, para o caso de precisarem acionar seus planos de conting\u00eancia em \u00e1reas de risco\u201d, destaca o diretor da Defesa Civil Estadual, cel. Alexandre Jos\u00e9.<\/p>\n<p style=\"text-align: justify;\">Quem desejar receber os alertas da Defesa Civil Estadual via SMS, deve enviar mensagem para o n\u00famero 40199, informando o CEP da localidade. Situa\u00e7\u00f5es de emerg\u00eancia devem ser informadas pelo telefone 193. Na capital, intercorr\u00eancias tamb\u00e9m podem ser informadas pelo n\u00famero 199.<\/p>\n<p>&nbsp;<\/p>\n<p>&nbsp;<\/p>\n<p><a href=\"https:\/\/senoticias.com.br\/se\/wp-content\/uploads\/2019\/11\/Logo-novo-fone.jpg\"><img loading=\"lazy\" decoding=\"async\" class=\"alignnone size-full wp-image-120749\" src=\"https:\/\/senoticias.com.br\/se\/wp-content\/uploads\/2019\/11\/Logo-novo-fone.jpg\" alt=\"\" width=\"599\" height=\"78\" srcset=\"https:\/\/senoticias.com.br\/se\/wp-content\/uploads\/2019\/11\/Logo-novo-fone.jpg 599w, https:\/\/senoticias.com.br\/se\/wp-content\/uploads\/2019\/11\/Logo-novo-fone-300x39.jpg 300w\" sizes=\"(max-width: 599px) 100vw, 599px\" \/><\/a><\/p>\n<p>&nbsp;<\/p>\n<p>&nbsp;<\/p>\n<p>&nbsp;<\/p>\n<p><em><strong>Acompanhe tamb\u00e9m o SE Not\u00edcias no\u00a0<a href=\"https:\/\/www.instagram.com\/senoticias\/\">Instagram<\/a>,\u00a0<a href=\"https:\/\/twitter.com\/home\">Twitter<\/a>\u00a0e no\u00a0<a href=\"https:\/\/web.facebook.com\/senoticias1\/\">Facebook<\/a><\/strong><\/em><\/p>\n<p>&nbsp;<\/p>\n<p><em>Por Ag\u00eancia Sergipe de Not\u00edcias<\/em><\/p>\n","protected":false},"excerpt":{"rendered":"<p>Com base em boletins recebidos do Instituto Nacional de Meteorologia (INMET), do Centro de Previs\u00e3o de Tempo e Estudos Clim\u00e1ticos (CPTEC) e do Centro de Meteorologia da Secretaria de Estado do Meio Ambiente e dos Recursos H\u00eddricos (Semarh), o Departamento Estadual de Prote\u00e7\u00e3o e Defesa Civil da Secretaria de Estado de Inclus\u00e3o, Assist\u00eancia Social e [&hellip;]<\/p>\n","protected":false},"author":6552,"featured_media":104181,"comment_status":"closed","ping_status":"closed","sticky":false,"template":"","format":"standard","meta":{"footnotes":""},"categories":[15,6,1],"tags":[119,8023,6314,11172],"class_list":{"0":"post-120954","1":"post","2":"type-post","3":"status-publish","4":"format-standard","5":"has-post-thumbnail","7":"category-destaques","8":"category-politica","9":"category-sem-categoria","10":"tag-chuvas","11":"tag-chuvas-em-sergipe","12":"tag-defesa-civil","13":"tag-previsao-de-chuvas"},"_links":{"self":[{"href":"https:\/\/senoticias.com.br\/se\/wp-json\/wp\/v2\/posts\/120954"}],"collection":[{"href":"https:\/\/senoticias.com.br\/se\/wp-json\/wp\/v2\/posts"}],"about":[{"href":"https:\/\/senoticias.com.br\/se\/wp-json\/wp\/v2\/types\/post"}],"author":[{"embeddable":true,"href":"https:\/\/senoticias.com.br\/se\/wp-json\/wp\/v2\/users\/6552"}],"replies":[{"embeddable":true,"href":"https:\/\/senoticias.com.br\/se\/wp-json\/wp\/v2\/comments?post=120954"}],"version-history":[{"count":0,"href":"https:\/\/senoticias.com.br\/se\/wp-json\/wp\/v2\/posts\/120954\/revisions"}],"wp:featuredmedia":[{"embeddable":true,"href":"https:\/\/senoticias.com.br\/se\/wp-json\/wp\/v2\/media\/104181"}],"wp:attachment":[{"href":"https:\/\/senoticias.com.br\/se\/wp-json\/wp\/v2\/media?parent=120954"}],"wp:term":[{"taxonomy":"category","embeddable":true,"href":"https:\/\/senoticias.com.br\/se\/wp-json\/wp\/v2\/categories?post=120954"},{"taxonomy":"post_tag","embeddable":true,"href":"https:\/\/senoticias.com.br\/se\/wp-json\/wp\/v2\/tags?post=120954"}],"curies":[{"name":"wp","href":"https:\/\/api.w.org\/{rel}","templated":true}]}}