{"id":120950,"date":"2019-11-26T14:02:46","date_gmt":"2019-11-26T17:02:46","guid":{"rendered":"https:\/\/senoticias.com.br\/se\/?p=120950"},"modified":"2019-11-26T14:22:47","modified_gmt":"2019-11-26T17:22:47","slug":"homem-e-assassinado-dentro-de-um-onibus-do-transporte-coletivo-no-centro-de-aracaju","status":"publish","type":"post","link":"https:\/\/senoticias.com.br\/se\/homem-e-assassinado-dentro-de-um-onibus-do-transporte-coletivo-no-centro-de-aracaju\/","title":{"rendered":"Homem \u00e9 assassinado dentro de um \u00f4nibus do transporte coletivo no Centro de Aracaju"},"content":{"rendered":"<p>&nbsp;<\/p>\n<p style=\"text-align: justify;\">Um homem, ainda n\u00e3o identificado, foi perseguido e acabou executado a tiros dentro de um \u00f4nibus da linha urbana, crime ocorrido no final desta manh\u00e3, 26, no centro de Aracaju. A v\u00edtima estava sem documentos e vinha sendo perseguida por tr\u00eas homens armados, conforme informa\u00e7\u00f5es do tenente Adenilmo Menezes, comandante da 6a Companhia Independente da Pol\u00edcia Militar de Sergipe (CIPM).<\/p>\n<div id=\"attachment_120952\" style=\"width: 431px\" class=\"wp-caption aligncenter\"><a href=\"https:\/\/senoticias.com.br\/se\/wp-content\/uploads\/2019\/11\/Homem-morto-SE-Noticias.jpg\"><img loading=\"lazy\" decoding=\"async\" aria-describedby=\"caption-attachment-120952\" class=\"size-full wp-image-120952\" src=\"https:\/\/senoticias.com.br\/se\/wp-content\/uploads\/2019\/11\/Homem-morto-SE-Noticias.jpg\" alt=\"\" width=\"421\" height=\"350\" srcset=\"https:\/\/senoticias.com.br\/se\/wp-content\/uploads\/2019\/11\/Homem-morto-SE-Noticias.jpg 421w, https:\/\/senoticias.com.br\/se\/wp-content\/uploads\/2019\/11\/Homem-morto-SE-Noticias-300x249.jpg 300w\" sizes=\"(max-width: 421px) 100vw, 421px\" \/><\/a><p id=\"caption-attachment-120952\" class=\"wp-caption-text\"><br \/>Uma equipe do Samu foi acionado e constatou o \u00f3bito da v\u00edtima, que estava sem documentos (foto: redes sociais)<\/p><\/div>\n<p style=\"text-align: justify;\">O homic\u00eddio foi registrado por volta das 11h. Os primeiros levantamentos realizados pela Pol\u00edcia Militar indicam que a v\u00edtima tentou se esconder dos tr\u00eas homens que o perseguiam. A v\u00edtima teria sa\u00eddo correndo de dentro do Terminal Rodovi\u00e1rio Luiz Garcia, a Rodovi\u00e1ria Velha, e pulou a grade do Terminal de Integra\u00e7\u00e3o Fernando S\u00e1vio, no centro da cidade.<\/p>\n<p style=\"text-align: justify;\">No terminal de integra\u00e7\u00e3o do sistema de transporte p\u00fablico, a v\u00edtima entrou no coletivo, o \u00f4nibus da linha 720 [Beira Mar\/Augusto Franco], mas acabou localizado pelos agressores. Os tr\u00eas homens que o perseguiam, dispararam tiros e a v\u00edtima foi atingida na altura do t\u00f3rax. Ap\u00f3s os tiros, os acusados sa\u00edram do terminal de integra\u00e7\u00e3o a p\u00e9, mas n\u00e3o foram localizados.<\/p>\n<p style=\"text-align: justify;\">A Pol\u00edcia Militar est\u00e1 realizando dilig\u00eancias com o objetivo de localizar os respons\u00e1veis. Quem tiver alguma informa\u00e7\u00e3o pode ligar para o Disque-Den\u00fancia, pelo n\u00famero 181. O sigilo \u00e9 garantido.<\/p>\n<p>&nbsp;<\/p>\n<p><a href=\"https:\/\/senoticias.com.br\/se\/wp-content\/uploads\/2019\/11\/Logo-novo-fone.jpg\"><img loading=\"lazy\" decoding=\"async\" class=\"aligncenter size-full wp-image-120749\" src=\"https:\/\/senoticias.com.br\/se\/wp-content\/uploads\/2019\/11\/Logo-novo-fone.jpg\" alt=\"\" width=\"599\" height=\"78\" srcset=\"https:\/\/senoticias.com.br\/se\/wp-content\/uploads\/2019\/11\/Logo-novo-fone.jpg 599w, https:\/\/senoticias.com.br\/se\/wp-content\/uploads\/2019\/11\/Logo-novo-fone-300x39.jpg 300w\" sizes=\"(max-width: 599px) 100vw, 599px\" \/><\/a><\/p>\n<p>&nbsp;<\/p>\n<p><em><strong>A<\/strong><strong>companhe tamb\u00e9m o SE Not\u00edcias no\u00a0<a href=\"https:\/\/www.instagram.com\/senoticias\/\">Instagram<\/a>,\u00a0<a href=\"https:\/\/twitter.com\/home\">Twitter<\/a>\u00a0e no\u00a0<a href=\"https:\/\/web.facebook.com\/senoticias1\/\">Facebook<\/a><\/strong><\/em><\/p>\n<p><em>Com informa\u00e7\u00f5es da Infonet<\/em><\/p>\n","protected":false},"excerpt":{"rendered":"<p>&nbsp; Um homem, ainda n\u00e3o identificado, foi perseguido e acabou executado a tiros dentro de um \u00f4nibus da linha urbana, crime ocorrido no final desta manh\u00e3, 26, no centro de Aracaju. A v\u00edtima estava sem documentos e vinha sendo perseguida por tr\u00eas homens armados, conforme informa\u00e7\u00f5es do tenente Adenilmo Menezes, comandante da 6a Companhia Independente [&hellip;]<\/p>\n","protected":false},"author":6557,"featured_media":120952,"comment_status":"closed","ping_status":"closed","sticky":false,"template":"","format":"standard","meta":{"footnotes":""},"categories":[15,7,1],"tags":[13495,86,13496,13497],"class_list":{"0":"post-120950","1":"post","2":"type-post","3":"status-publish","4":"format-standard","5":"has-post-thumbnail","7":"category-destaques","8":"category-policia","9":"category-sem-categoria","10":"tag-homem-morto","11":"tag-policia-militar","12":"tag-terminal-do-centro","13":"tag-terminal-fernando-savio"},"_links":{"self":[{"href":"https:\/\/senoticias.com.br\/se\/wp-json\/wp\/v2\/posts\/120950"}],"collection":[{"href":"https:\/\/senoticias.com.br\/se\/wp-json\/wp\/v2\/posts"}],"about":[{"href":"https:\/\/senoticias.com.br\/se\/wp-json\/wp\/v2\/types\/post"}],"author":[{"embeddable":true,"href":"https:\/\/senoticias.com.br\/se\/wp-json\/wp\/v2\/users\/6557"}],"replies":[{"embeddable":true,"href":"https:\/\/senoticias.com.br\/se\/wp-json\/wp\/v2\/comments?post=120950"}],"version-history":[{"count":0,"href":"https:\/\/senoticias.com.br\/se\/wp-json\/wp\/v2\/posts\/120950\/revisions"}],"wp:featuredmedia":[{"embeddable":true,"href":"https:\/\/senoticias.com.br\/se\/wp-json\/wp\/v2\/media\/120952"}],"wp:attachment":[{"href":"https:\/\/senoticias.com.br\/se\/wp-json\/wp\/v2\/media?parent=120950"}],"wp:term":[{"taxonomy":"category","embeddable":true,"href":"https:\/\/senoticias.com.br\/se\/wp-json\/wp\/v2\/categories?post=120950"},{"taxonomy":"post_tag","embeddable":true,"href":"https:\/\/senoticias.com.br\/se\/wp-json\/wp\/v2\/tags?post=120950"}],"curies":[{"name":"wp","href":"https:\/\/api.w.org\/{rel}","templated":true}]}}