{"id":120947,"date":"2019-11-26T12:13:58","date_gmt":"2019-11-26T15:13:58","guid":{"rendered":"https:\/\/senoticias.com.br\/se\/?p=120947"},"modified":"2019-11-26T12:24:15","modified_gmt":"2019-11-26T15:24:15","slug":"policia-civil-prende-dupla-com-mais-de-120-kg-de-maconha-no-luzia","status":"publish","type":"post","link":"https:\/\/senoticias.com.br\/se\/policia-civil-prende-dupla-com-mais-de-120-kg-de-maconha-no-luzia\/","title":{"rendered":"Pol\u00edcia Civil prende dupla com mais de 120 kg de maconha no Luzia"},"content":{"rendered":"<p style=\"font-weight: 400; text-align: justify;\"><span style=\"font-weight: 400;\">Na tarde dessa segunda-feira, 25, policiais civis do Departamento de Narc\u00f3ticos (Denarc) prenderam em flagrante dois suspeitos por tr\u00e1fico de drogas com mais de 120 quilos de maconha no bairro Luzia, zona sul de Aracaju.\u00a0 Douglas dos Santos Lima e Edmilson Gomes do Nascimento J\u00fanior, ambos com 23 anos. s\u00e3o reincidentes criminais.<\/span><\/p>\n<div id=\"attachment_120948\" style=\"width: 609px\" class=\"wp-caption aligncenter\"><a href=\"https:\/\/senoticias.com.br\/se\/wp-content\/uploads\/2019\/11\/denarc.jpg\"><img loading=\"lazy\" decoding=\"async\" aria-describedby=\"caption-attachment-120948\" class=\"size-full wp-image-120948\" src=\"https:\/\/senoticias.com.br\/se\/wp-content\/uploads\/2019\/11\/denarc-e1574781470687.jpg\" alt=\"\" width=\"599\" height=\"271\" \/><\/a><p id=\"caption-attachment-120948\" class=\"wp-caption-text\">Os suspeitos mantinham um ponto de armazenamento e distribui\u00e7\u00e3o de drogas em uma resid\u00eancia do bairro<\/p><\/div>\n<p style=\"font-weight: 400; text-align: justify;\"><span style=\"font-weight: 400;\">De acordo com o delegado Osvaldo Rezende, ap\u00f3s o recebimento do Disque Den\u00fancia (181) relatando a a\u00e7\u00e3o criminosa de traficantes em uma resid\u00eancia do bairro Luzia, as equipes do Denarc iniciaram as investiga\u00e7\u00f5es. \u201cH\u00e1 cerca de duas semanas verificamos onde funcionava o ponto de armazenamento e distribui\u00e7\u00e3o de subst\u00e2ncias entorpecentes, notadamente maconha e coca\u00edna.\u201d, explica o delegado respons\u00e1vel pela opera\u00e7\u00e3o.<\/span><\/p>\n<p style=\"font-weight: 400; text-align: justify;\"><span style=\"font-weight: 400;\">A investiga\u00e7\u00e3o resultou na pris\u00e3o do suspeito Douglas Lima, que j\u00e1 tem tr\u00eas condena\u00e7\u00f5es criminais por roubo e falsa identidade, e do Edmilson J\u00fanior, que estava de tornozeleira eletr\u00f4nica e tem quatro condena\u00e7\u00f5es criminais, todas por tr\u00e1fico. \u201cOs suspeitos foram presos quando estava saindo da resid\u00eancia onde foi encontrada 120 quilos de maconha e 1,5 kg de tablete de coca\u00edna\u201d, esclarece o delegado.\u00a0<\/span><\/p>\n<p style=\"font-weight: 400; text-align: justify;\"><span style=\"font-weight: 400;\">Conforme o delegado, a maconha estava sendo distribu\u00edda em tabletes, facilitando a entrega dos criminosos. \u201cAinda foram encontrados dez tabletes de maconha em um ve\u00edculo Gol e\u00a0 quatro tabletes de maconha em um ve\u00edculo Etios. Tamb\u00e9m foram encontrados 1,5 tablete de coca\u00edna com estampa de dois peixes carpa, uma balan\u00e7a digital usada para pesar os narc\u00f3ticos e um rolo de pl\u00e1stico filme utilizado para embalar a droga\u201d, completa. <\/span><\/p>\n<p style=\"font-weight: 400; text-align: justify;\"><span style=\"font-weight: 400;\">Dando continuidade a opera\u00e7\u00e3o, os policiais civis se dirigiram at\u00e9 o apartamento de Edmilson, no bairro Grageru, onde ainda encontraram e apreenderam uma pistola calibre 38,\u00a0com 20 muni\u00e7\u00f5es de id\u00eantico calibre. Os flagrados e o material apreendido foram encaminhados para a sede do Denarc, onde foram autuados por tr\u00e1fico, associa\u00e7\u00e3o ao tr\u00e1fico e posse irregular de arma de fogo.<\/span><\/p>\n<p>&nbsp;<\/p>\n<p><a href=\"https:\/\/senoticias.com.br\/se\/wp-content\/uploads\/2019\/11\/Logo-novo-fone.jpg\"><img loading=\"lazy\" decoding=\"async\" class=\"aligncenter size-full wp-image-120749\" src=\"https:\/\/senoticias.com.br\/se\/wp-content\/uploads\/2019\/11\/Logo-novo-fone.jpg\" alt=\"\" width=\"599\" height=\"78\" srcset=\"https:\/\/senoticias.com.br\/se\/wp-content\/uploads\/2019\/11\/Logo-novo-fone.jpg 599w, https:\/\/senoticias.com.br\/se\/wp-content\/uploads\/2019\/11\/Logo-novo-fone-300x39.jpg 300w\" sizes=\"(max-width: 599px) 100vw, 599px\" \/><\/a><\/p>\n<p>&nbsp;<\/p>\n<p>&nbsp;<\/p>\n<p><em><strong>A<\/strong><strong>companhe tamb\u00e9m o SE Not\u00edcias no\u00a0<a href=\"https:\/\/www.instagram.com\/senoticias\/\">Instagram<\/a>,\u00a0<a href=\"https:\/\/twitter.com\/home\">Twitter<\/a>\u00a0e no\u00a0<a href=\"https:\/\/web.facebook.com\/senoticias1\/\">Facebook<\/a><\/strong><\/em><\/p>\n<p>&nbsp;<\/p>\n<p><em>Mat\u00e9ria postada originalmente no site da SSP\/SE<\/em><\/p>\n","protected":false},"excerpt":{"rendered":"<p>Na tarde dessa segunda-feira, 25, policiais civis do Departamento de Narc\u00f3ticos (Denarc) prenderam em flagrante dois suspeitos por tr\u00e1fico de drogas com mais de 120 quilos de maconha no bairro Luzia, zona sul de Aracaju.\u00a0 Douglas dos Santos Lima e Edmilson Gomes do Nascimento J\u00fanior, ambos com 23 anos. s\u00e3o reincidentes criminais. De acordo com [&hellip;]<\/p>\n","protected":false},"author":6557,"featured_media":120948,"comment_status":"closed","ping_status":"closed","sticky":false,"template":"","format":"standard","meta":{"footnotes":""},"categories":[15,7,1],"tags":[13494,76,2497,78],"class_list":{"0":"post-120947","1":"post","2":"type-post","3":"status-publish","4":"format-standard","5":"has-post-thumbnail","7":"category-destaques","8":"category-policia","9":"category-sem-categoria","10":"tag-120-kg-de-maconha-no-luzia","11":"tag-denarc","12":"tag-drogas","13":"tag-policia-civil"},"_links":{"self":[{"href":"https:\/\/senoticias.com.br\/se\/wp-json\/wp\/v2\/posts\/120947"}],"collection":[{"href":"https:\/\/senoticias.com.br\/se\/wp-json\/wp\/v2\/posts"}],"about":[{"href":"https:\/\/senoticias.com.br\/se\/wp-json\/wp\/v2\/types\/post"}],"author":[{"embeddable":true,"href":"https:\/\/senoticias.com.br\/se\/wp-json\/wp\/v2\/users\/6557"}],"replies":[{"embeddable":true,"href":"https:\/\/senoticias.com.br\/se\/wp-json\/wp\/v2\/comments?post=120947"}],"version-history":[{"count":0,"href":"https:\/\/senoticias.com.br\/se\/wp-json\/wp\/v2\/posts\/120947\/revisions"}],"wp:featuredmedia":[{"embeddable":true,"href":"https:\/\/senoticias.com.br\/se\/wp-json\/wp\/v2\/media\/120948"}],"wp:attachment":[{"href":"https:\/\/senoticias.com.br\/se\/wp-json\/wp\/v2\/media?parent=120947"}],"wp:term":[{"taxonomy":"category","embeddable":true,"href":"https:\/\/senoticias.com.br\/se\/wp-json\/wp\/v2\/categories?post=120947"},{"taxonomy":"post_tag","embeddable":true,"href":"https:\/\/senoticias.com.br\/se\/wp-json\/wp\/v2\/tags?post=120947"}],"curies":[{"name":"wp","href":"https:\/\/api.w.org\/{rel}","templated":true}]}}