{"id":120910,"date":"2019-11-21T15:17:16","date_gmt":"2019-11-21T18:17:16","guid":{"rendered":"https:\/\/senoticias.com.br\/se\/?p=120910"},"modified":"2019-11-21T15:23:14","modified_gmt":"2019-11-21T18:23:14","slug":"prefeitura-de-sao-cristovao-entrega-mais-uma-escola-reformada-e-climatizada-no-madre-paulina","status":"publish","type":"post","link":"https:\/\/senoticias.com.br\/se\/prefeitura-de-sao-cristovao-entrega-mais-uma-escola-reformada-e-climatizada-no-madre-paulina\/","title":{"rendered":"Prefeitura de S\u00e3o Crist\u00f3v\u00e3o entrega mais uma escola reformada e climatizada no Madre Paulina"},"content":{"rendered":"<p style=\"text-align: justify;\">A Prefeitura de S\u00e3o Crist\u00f3v\u00e3o por meio da Secretaria Municipal de Educa\u00e7\u00e3o (Semed) realizou na manh\u00e3 desta quinta-feira (21) cerim\u00f4nia de entrega da requalifica\u00e7\u00e3o na infraestrutura e climatiza\u00e7\u00e3o das salas da Escola Municipal (EMEF) Maria Oliveira Santos, no bairro Madre Paulina.<\/p>\n<div id=\"attachment_120911\" style=\"width: 609px\" class=\"wp-caption aligncenter\"><a href=\"https:\/\/senoticias.com.br\/se\/wp-content\/uploads\/2019\/11\/Escola-Madre-Paulina.jpg\"><img loading=\"lazy\" decoding=\"async\" aria-describedby=\"caption-attachment-120911\" class=\"size-full wp-image-120911\" src=\"https:\/\/senoticias.com.br\/se\/wp-content\/uploads\/2019\/11\/Escola-Madre-Paulina-e1574360386819.jpg\" alt=\"\" width=\"599\" height=\"400\" \/><\/a><p id=\"caption-attachment-120911\" class=\"wp-caption-text\">Os investimentos feitos inauguram um novo padr\u00e3o de ensino das escolas de S\u00e3o Crist\u00f3v\u00e3o com salas climatizadas, al\u00e9m de ilumina\u00e7\u00e3o adequada, banheiros e cantinas prontos para atender os alunos e alunas (foto: Heitor Xavier)<\/p><\/div>\n<p style=\"text-align: justify;\">O prefeito Marcos Santana, presente na ocasi\u00e3o, falou sobre os investimentos e o fortalecimento da rede municipal de ensino. \u201cHoje estamos entregando a 13\u00aa escola readequada, j\u00e1 s\u00e3o mais de R$ 3 milh\u00f5es investidos com recursos pr\u00f3prios em educa\u00e7\u00e3o. N\u00e3o estamos fazendo apenas reformas f\u00edsicas, estamos transformando a educa\u00e7\u00e3o do munic\u00edpio com projetos como o \u2018Meu Primeiro Lanchinho\u2019, reconhecido pelo Minist\u00e9rio P\u00fablico Estadual e Federal\u201d.<\/p>\n<p style=\"text-align: justify;\">Durante o discurso, o gestor informou tamb\u00e9m que a prefeitura ir\u00e1 realizar obra de pavimenta\u00e7\u00e3o da rua \u2018D\u2019\u2019D\u2019, que garante o acesso dos alunos \u00e0 escola. \u201cN\u00e3o podemos ter uma escola t\u00e3o bonita que respeita os alunos, professores e a comunidade e n\u00e3o ter uma rua pavimentada. At\u00e9 fevereiro de 2020 a prefeitura inicia as obras\u201d.<\/p>\n<p style=\"text-align: justify;\">A requalifica\u00e7\u00e3o incluiu pintura interna e externa, climatiza\u00e7\u00e3o das salas, reforma da quadra de esportes, revis\u00e3o hidr\u00e1ulica e el\u00e9trica, instala\u00e7\u00e3o de lumin\u00e1ria LED, constru\u00e7\u00e3o de passarela coberta e revitaliza\u00e7\u00e3o e polimento de piso de alta resist\u00eancia. O investimento de R$ 85 mil com recursos pr\u00f3prios oferece mais conforto para cerca de 270 alunos e professores. Atualmente a EMEF Maria Oliveira Santos, a oferta ensino fundamental nos turnos da manh\u00e3 e da tarde.<\/p>\n<p style=\"text-align: justify;\">De acordo com a secret\u00e1ria municipal de educa\u00e7\u00e3o, Quit\u00e9ria de Barros, as escolas est\u00e3o sendo preparadas para receber cada melhor os alunos. \u201cAs obras de qualifica\u00e7\u00e3o s\u00e3o consequ\u00eancia de um projeto que quer acolher cada vez melhor a comunidade. N\u00f3s entendemos que esta escola n\u00e3o \u00e9 apenas um lugar que se d\u00e1 o processo de ensino aprendizagem, mas \u00e9 tamb\u00e9m onde acontece a organiza\u00e7\u00e3o pol\u00edtica da comunidade\u201d, observou.<\/p>\n<p style=\"text-align: justify;\">A diretora da EMEF Maria Oliveira Santos, Marlene Moura, falou com emo\u00e7\u00e3o sobre o bom momento por que passa a educa\u00e7\u00e3o da cidade de S\u00e3o Crist\u00f3v\u00e3o. \u201cEstou muito emocionada por ver o desenvolvimento da escola, o carinho das crian\u00e7as e o que a comunidade alcan\u00e7ou com o aprimoramento da estrutura do da educa\u00e7\u00e3o. Com essa requalifica\u00e7\u00e3o a escola se tornar\u00e1 cada vez mais pr\u00f3xima da comunidade. Teremos um ambiente mais acolhedor, saud\u00e1vel e favor\u00e1vel para que juntos possamos usufruir. S\u00f3 tenho que agradecer a gest\u00e3o pelo compromisso com a educa\u00e7\u00e3o de qualidade e com padr\u00f5es mais elevados para o munic\u00edpio\u201d.<\/p>\n<p>&nbsp;<\/p>\n<p><a href=\"https:\/\/senoticias.com.br\/se\/wp-content\/uploads\/2019\/11\/Logo-novo-fone.jpg\"><img loading=\"lazy\" decoding=\"async\" class=\"aligncenter size-full wp-image-120749\" src=\"https:\/\/senoticias.com.br\/se\/wp-content\/uploads\/2019\/11\/Logo-novo-fone.jpg\" alt=\"\" width=\"599\" height=\"78\" srcset=\"https:\/\/senoticias.com.br\/se\/wp-content\/uploads\/2019\/11\/Logo-novo-fone.jpg 599w, https:\/\/senoticias.com.br\/se\/wp-content\/uploads\/2019\/11\/Logo-novo-fone-300x39.jpg 300w\" sizes=\"(max-width: 599px) 100vw, 599px\" \/><\/a><\/p>\n<p>&nbsp;<\/p>\n<p><em><strong>Acompanhe tamb\u00e9m o SE Not\u00edcias no\u00a0<a href=\"https:\/\/www.instagram.com\/senoticias\/\">Instagram<\/a>,\u00a0<a href=\"https:\/\/twitter.com\/home\">Twitter<\/a>\u00a0e no\u00a0<a href=\"https:\/\/web.facebook.com\/senoticias1\/\">Facebook<\/a><\/strong><\/em><\/p>\n<p><em>Com informa\u00e7\u00f5es da ascom\/S\u00e3o Crist\u00f3v\u00e3o<\/em><\/p>\n","protected":false},"excerpt":{"rendered":"<p>A Prefeitura de S\u00e3o Crist\u00f3v\u00e3o por meio da Secretaria Municipal de Educa\u00e7\u00e3o (Semed) realizou na manh\u00e3 desta quinta-feira (21) cerim\u00f4nia de entrega da requalifica\u00e7\u00e3o na infraestrutura e climatiza\u00e7\u00e3o das salas da Escola Municipal (EMEF) Maria Oliveira Santos, no bairro Madre Paulina. O prefeito Marcos Santana, presente na ocasi\u00e3o, falou sobre os investimentos e o fortalecimento [&hellip;]<\/p>\n","protected":false},"author":6557,"featured_media":120911,"comment_status":"closed","ping_status":"closed","sticky":false,"template":"","format":"standard","meta":{"footnotes":""},"categories":[15,38,1],"tags":[11942,13479,11059,4589,81],"class_list":{"0":"post-120910","1":"post","2":"type-post","3":"status-publish","4":"format-standard","5":"has-post-thumbnail","7":"category-destaques","8":"category-municipios","9":"category-sem-categoria","10":"tag-escolas-climatizadas","11":"tag-inauguracao-de-escolas","12":"tag-meu-primeiro-lanchinho","13":"tag-prefeito-marcos-santana","14":"tag-prefeitura-de-sao-cristovao"},"_links":{"self":[{"href":"https:\/\/senoticias.com.br\/se\/wp-json\/wp\/v2\/posts\/120910"}],"collection":[{"href":"https:\/\/senoticias.com.br\/se\/wp-json\/wp\/v2\/posts"}],"about":[{"href":"https:\/\/senoticias.com.br\/se\/wp-json\/wp\/v2\/types\/post"}],"author":[{"embeddable":true,"href":"https:\/\/senoticias.com.br\/se\/wp-json\/wp\/v2\/users\/6557"}],"replies":[{"embeddable":true,"href":"https:\/\/senoticias.com.br\/se\/wp-json\/wp\/v2\/comments?post=120910"}],"version-history":[{"count":0,"href":"https:\/\/senoticias.com.br\/se\/wp-json\/wp\/v2\/posts\/120910\/revisions"}],"wp:featuredmedia":[{"embeddable":true,"href":"https:\/\/senoticias.com.br\/se\/wp-json\/wp\/v2\/media\/120911"}],"wp:attachment":[{"href":"https:\/\/senoticias.com.br\/se\/wp-json\/wp\/v2\/media?parent=120910"}],"wp:term":[{"taxonomy":"category","embeddable":true,"href":"https:\/\/senoticias.com.br\/se\/wp-json\/wp\/v2\/categories?post=120910"},{"taxonomy":"post_tag","embeddable":true,"href":"https:\/\/senoticias.com.br\/se\/wp-json\/wp\/v2\/tags?post=120910"}],"curies":[{"name":"wp","href":"https:\/\/api.w.org\/{rel}","templated":true}]}}