{"id":120908,"date":"2019-11-21T12:10:51","date_gmt":"2019-11-21T15:10:51","guid":{"rendered":"https:\/\/senoticias.com.br\/se\/?p=120908"},"modified":"2019-11-21T12:10:51","modified_gmt":"2019-11-21T15:10:51","slug":"sargento-vieira-e-um-eterno-candidato-que-tenta-usar-os-militares-para-se-promover-politicamente-diz-secretario","status":"publish","type":"post","link":"https:\/\/senoticias.com.br\/se\/sargento-vieira-e-um-eterno-candidato-que-tenta-usar-os-militares-para-se-promover-politicamente-diz-secretario\/","title":{"rendered":"Sargento Vieira \u00e9 um eterno candidato que tenta usar os militares para se promover politicamente, diz secret\u00e1rio"},"content":{"rendered":"<p style=\"text-align: justify;\">O secret\u00e1rio de Estado da Comunica\u00e7\u00e3o Social, Sales Neto, encarou com naturalidade a manifesta\u00e7\u00e3o dos profissionais da seguran\u00e7a p\u00fablica, que ocorre nesta manh\u00e3 nas proximidades do Pal\u00e1cio do Governo, na Avenida Ad\u00e9lia Franco, contra o governador Belivaldo Chagas, mas repudiou declara\u00e7\u00f5es do sargento Vieira contra o governador.<\/p>\n<div id=\"attachment_120909\" style=\"width: 560px\" class=\"wp-caption aligncenter\"><a href=\"https:\/\/senoticias.com.br\/se\/wp-content\/uploads\/2019\/11\/foto-sales-neto-1-e1574348788907.jpg\"><img loading=\"lazy\" decoding=\"async\" aria-describedby=\"caption-attachment-120909\" class=\"size-full wp-image-120909\" src=\"https:\/\/senoticias.com.br\/se\/wp-content\/uploads\/2019\/11\/foto-sales-neto-1-e1574348788907.jpg\" alt=\"\" width=\"550\" height=\"376\" \/><\/a><p id=\"caption-attachment-120909\" class=\"wp-caption-text\">Foto divulga\u00e7\u00e3o<\/p><\/div>\n<p style=\"text-align: justify;\">Policiais militares, al\u00e9m de bombeiros, peritos criminais, papiloscopistas e agentes educacionais reivindicam a reajuste salarial e melhores condi\u00e7\u00f5es de trabalho. J\u00e1 os policiais civis, reivindicam apenas o envio \u00e0 Assembleia Legislativa de Sergipe do pr\u00e9-projeto de lei que unifica a carreira de policial civil em Oficial de Pol\u00edcia Civil (OPC).<\/p>\n<p style=\"text-align: justify;\">\u201cO Governo do Estado respeita, de forma democr\u00e1tica, toda e qualquer manifesta\u00e7\u00e3o das categorias de trabalhadores. Infelizmente, devido as grandes dificuldades financeiras pela qual a administra\u00e7\u00e3o estadual passa, n\u00e3o h\u00e1 espa\u00e7o financeiro para atender as reivindica\u00e7\u00f5es sob pena de n\u00e3o se ter recursos para honrar qualquer tipo de reajuste que impacte na folha de pagamento\u201d, explica o secret\u00e1rio Sales Neto.<\/p>\n<p style=\"text-align: justify;\">Um dos organizadores do ato \u00e9 o sargento Vieira, que teria chamado o governador Belivaldo Chagas de traidor por n\u00e3o ter cumprido com algumas promessas feitas aos policiais militares.<\/p>\n<p style=\"text-align: justify;\">O secret\u00e1rio Sales Neto repudiou as declara\u00e7\u00f5es do sargento Vieira as classificando de agressivas. Segundo o secret\u00e1rio, o sargento da reserva, que \u201c\u00e9 um eterno candidato\u201d a vereador, se aproveita do per\u00edodo eleitoral para tentar usar a categoria e se promover politicamente.<\/p>\n<p style=\"text-align: justify;\">\u201cSempre que se aproxima o ano eleitoral o sargento Vieira fica muito agressivo. Ele \u00e9 um eterno candidato e enxerga nessa agressividade uma forma de se promover politicamente e tentar usar a categoria que est\u00e1 cada vez mais esclarecida sobre esse interesse dele\u201d, critica Sales Neto.<\/p>\n<p style=\"text-align: justify;\">Por Reda\u00e7\u00e3o Hora News<\/p>\n<p><a href=\"https:\/\/senoticias.com.br\/se\/wp-content\/uploads\/2019\/11\/Logo-novo-fone.jpg\"><img loading=\"lazy\" decoding=\"async\" class=\"aligncenter size-full wp-image-120749\" src=\"https:\/\/senoticias.com.br\/se\/wp-content\/uploads\/2019\/11\/Logo-novo-fone.jpg\" alt=\"\" width=\"599\" height=\"78\" srcset=\"https:\/\/senoticias.com.br\/se\/wp-content\/uploads\/2019\/11\/Logo-novo-fone.jpg 599w, https:\/\/senoticias.com.br\/se\/wp-content\/uploads\/2019\/11\/Logo-novo-fone-300x39.jpg 300w\" sizes=\"(max-width: 599px) 100vw, 599px\" \/><\/a><\/p>\n<p><em><strong>Acompanhe tamb\u00e9m o SE Not\u00edcias no\u00a0<a href=\"https:\/\/www.instagram.com\/senoticias\/\">Instagram<\/a>,\u00a0<a href=\"https:\/\/twitter.com\/home\">Twitter<\/a>\u00a0e no\u00a0<a href=\"https:\/\/web.facebook.com\/senoticias1\/\">Facebook<\/a><\/strong><\/em><\/p>\n","protected":false},"excerpt":{"rendered":"<p>O secret\u00e1rio de Estado da Comunica\u00e7\u00e3o Social, Sales Neto, encarou com naturalidade a manifesta\u00e7\u00e3o dos profissionais da seguran\u00e7a p\u00fablica, que ocorre nesta manh\u00e3 nas proximidades do Pal\u00e1cio do Governo, na Avenida Ad\u00e9lia Franco, contra o governador Belivaldo Chagas, mas repudiou declara\u00e7\u00f5es do sargento Vieira contra o governador. Policiais militares, al\u00e9m de bombeiros, peritos criminais, papiloscopistas [&hellip;]<\/p>\n","protected":false},"author":6557,"featured_media":0,"comment_status":"closed","ping_status":"closed","sticky":false,"template":"","format":"standard","meta":{"footnotes":""},"categories":[15,6],"tags":[13478,13475,13477,13476],"class_list":{"0":"post-120908","1":"post","2":"type-post","3":"status-publish","4":"format-standard","6":"category-destaques","7":"category-politica","8":"tag-diz-secretario","9":"tag-sargento-vieira","10":"tag-se-promover","11":"tag-usar-os-militares"},"_links":{"self":[{"href":"https:\/\/senoticias.com.br\/se\/wp-json\/wp\/v2\/posts\/120908"}],"collection":[{"href":"https:\/\/senoticias.com.br\/se\/wp-json\/wp\/v2\/posts"}],"about":[{"href":"https:\/\/senoticias.com.br\/se\/wp-json\/wp\/v2\/types\/post"}],"author":[{"embeddable":true,"href":"https:\/\/senoticias.com.br\/se\/wp-json\/wp\/v2\/users\/6557"}],"replies":[{"embeddable":true,"href":"https:\/\/senoticias.com.br\/se\/wp-json\/wp\/v2\/comments?post=120908"}],"version-history":[{"count":0,"href":"https:\/\/senoticias.com.br\/se\/wp-json\/wp\/v2\/posts\/120908\/revisions"}],"wp:attachment":[{"href":"https:\/\/senoticias.com.br\/se\/wp-json\/wp\/v2\/media?parent=120908"}],"wp:term":[{"taxonomy":"category","embeddable":true,"href":"https:\/\/senoticias.com.br\/se\/wp-json\/wp\/v2\/categories?post=120908"},{"taxonomy":"post_tag","embeddable":true,"href":"https:\/\/senoticias.com.br\/se\/wp-json\/wp\/v2\/tags?post=120908"}],"curies":[{"name":"wp","href":"https:\/\/api.w.org\/{rel}","templated":true}]}}