{"id":120896,"date":"2019-11-20T08:14:51","date_gmt":"2019-11-20T11:14:51","guid":{"rendered":"https:\/\/senoticias.com.br\/se\/?p=120896"},"modified":"2019-11-20T08:14:51","modified_gmt":"2019-11-20T11:14:51","slug":"mpe-investiga-remuneracoes-pagas-ao-governador-belivaldo-chagas","status":"publish","type":"post","link":"https:\/\/senoticias.com.br\/se\/mpe-investiga-remuneracoes-pagas-ao-governador-belivaldo-chagas\/","title":{"rendered":"MPE investiga remunera\u00e7\u00f5es pagas ao governador Belivaldo Chagas"},"content":{"rendered":"<p style=\"text-align: justify;\">O Minist\u00e9rio P\u00fablico do Estado de Sergipe (MPE) abriu inqu\u00e9rito civil para apurar poss\u00edvel irregularidade no pagamento de benef\u00edcios feito pelo Estado ao governador Belivaldo Chagas (PSD). Den\u00fancias an\u00f4nimas encaminhadas \u00e0 Ouvidoria do Minist\u00e9rio P\u00fablico Estadual indicam que o governador acumula subs\u00eddios [traduz-se em remunera\u00e7\u00f5es], em valores que ultrapassam o limite permitido pela legisla\u00e7\u00e3o brasileira.<\/p>\n<div id=\"attachment_120897\" style=\"width: 560px\" class=\"wp-caption aligncenter\"><a href=\"https:\/\/senoticias.com.br\/se\/wp-content\/uploads\/2019\/11\/belivaldo_chagas_governador_foto_facebook_belivaldo_chagas_10102019.jpg\"><img loading=\"lazy\" decoding=\"async\" aria-describedby=\"caption-attachment-120897\" class=\"size-full wp-image-120897\" src=\"https:\/\/senoticias.com.br\/se\/wp-content\/uploads\/2019\/11\/belivaldo_chagas_governador_foto_facebook_belivaldo_chagas_10102019.jpg\" alt=\"\" width=\"550\" height=\"330\" srcset=\"https:\/\/senoticias.com.br\/se\/wp-content\/uploads\/2019\/11\/belivaldo_chagas_governador_foto_facebook_belivaldo_chagas_10102019.jpg 550w, https:\/\/senoticias.com.br\/se\/wp-content\/uploads\/2019\/11\/belivaldo_chagas_governador_foto_facebook_belivaldo_chagas_10102019-300x180.jpg 300w\" sizes=\"(max-width: 550px) 100vw, 550px\" \/><\/a><p id=\"caption-attachment-120897\" class=\"wp-caption-text\">Governador Belivaldo Chagas \u00e9 acusado de acumular remunera\u00e7\u00f5es que ultrapassam o teto constitucional (Foto: Facebook\/Belivaldo Chagas)<\/p><\/div>\n<p style=\"text-align: justify;\">O teto dos servidores p\u00fablicos n\u00e3o deve ser superior \u00e0 remunera\u00e7\u00e3o de um ministro do Supremo Tribunal Federal (STF), estabelecido em R$ 39,2 mil. O Inqu\u00e9rito Civil est\u00e1 sendo conduzido pela 1\u00aa Promotoria de Justi\u00e7a dos Direitos do Cidad\u00e3o, Especializada na Defesa do Patrim\u00f4nio P\u00fablico, da Previd\u00eancia P\u00fablica e da Ordem Tribut\u00e1ria. A assessoria de imprensa do Minist\u00e9rio P\u00fablico Estadual confirmou a instaura\u00e7\u00e3o do inqu\u00e9rito civil para apurar esse epis\u00f3dio, mas informou que o promotor respons\u00e1vel pela condu\u00e7\u00e3o do procedimento est\u00e1 proibido de prestar esclarecimentos porque a investiga\u00e7\u00e3o tramita, no \u00e2mbito do MPE, em segredo de justi\u00e7a.<\/p>\n<p style=\"text-align: justify;\">Conforme a den\u00fancia, o governador Belivaldo Chagas acumula duas aposentadorias [uma por ter ocupado o cargo de deputado estadual e a outra pela ocupa\u00e7\u00e3o original dele como defensor p\u00fablico], al\u00e9m do sal\u00e1rio regular pela fun\u00e7\u00e3o que exerce atualmente ocupando o cargo de governador do estado. Esse ac\u00famulo de remunera\u00e7\u00e3o, que ultrapassaria o teto constitucional, conforme a den\u00fancia, j\u00e1 foi alvo de cr\u00edticas no \u00e2mbito do movimento sindical.No dia 1\u00b0 deste m\u00eas, em evento organizado pela Central \u00danica dos Trabalhadores (CUT) e pela Central dos Trabalhadores do Brasil (CTB), o presidente da CUT, Rubens Marques \u2013 o professor Dudu, criticou a proposta de reforma da Previd\u00eancia Social e sugeriu que o governador tomasse iniciativa pr\u00f3pria para abdicar de um desses benef\u00edcios, como forma de contribuir efetivamente para viabilizar a previd\u00eancia social dos servidores p\u00fablicos estaduais. \u201cSe o problema do estado \u00e9 a previd\u00eancia, Belivaldo deveria abrir m\u00e3o de uma das suas duas aposentadorias\u201d, bradou o professor Dudu \u00e0 \u00e9poca.<\/p>\n<p style=\"text-align: justify;\">Den\u00fancia fantasiosa<\/p>\n<p style=\"text-align: justify;\">Em nota enviada \u00e0 imprensa, a Secretaria de Estado de Comunica\u00e7\u00e3o Social (Secom) informou que n\u00e3o h\u00e1 ilegalidade no pagamento dos benef\u00edcios destinados ao governador Belivaldo Chagas. \u201cN\u00e3o h\u00e1 qualquer ilegalidade, ilicitude ou irregularidade na percep\u00e7\u00e3o das verbas pelo governador, uma vez que o mesmo aufere o subs\u00eddio decorrente do cargo de governador do Estado, pela Administra\u00e7\u00e3o Direta, e os proventos de aposentadoria do cargo de defensor p\u00fablico pagos pelo SergipePrevid\u00eancia, observando-se a regra do teto em cada verba, conforme parecer proferido pela PGE [Procuradoria Geral do Estado]\u201d, destaca um trecho da nota.<\/p>\n<p style=\"text-align: justify;\">A Secom nega que o governador tenha sido contemplado com uma outra aposentadoria decorrente do cargo que ocupou como deputado estadual. \u201cN\u00e3o obstante tenha direito \u00e0 pens\u00e3o parlamentar gerida pelo Iplese [Instituto de Previd\u00eancia do Legislativo do Estado de Sergipe] em decorr\u00eancia do exerc\u00edcio dos mandatos de deputado estadual, em raz\u00e3o de ocupar outro cargo eletivo, n\u00e3o recebe qualquer pagamento relacionado ao citado benef\u00edcio, revelando-se fantasiosa a den\u00fancia suscitada\u201d, complementa a nota.<\/p>\n<p style=\"text-align: justify;\">por Cassia Santana<\/p>\n<p><a href=\"https:\/\/senoticias.com.br\/se\/wp-content\/uploads\/2019\/11\/Logo-novo-fone.jpg\"><img loading=\"lazy\" decoding=\"async\" class=\"aligncenter size-full wp-image-120749\" src=\"https:\/\/senoticias.com.br\/se\/wp-content\/uploads\/2019\/11\/Logo-novo-fone.jpg\" alt=\"\" width=\"599\" height=\"78\" srcset=\"https:\/\/senoticias.com.br\/se\/wp-content\/uploads\/2019\/11\/Logo-novo-fone.jpg 599w, https:\/\/senoticias.com.br\/se\/wp-content\/uploads\/2019\/11\/Logo-novo-fone-300x39.jpg 300w\" sizes=\"(max-width: 599px) 100vw, 599px\" \/><\/a><\/p>\n<p><em><strong>Acompanhe tamb\u00e9m o SE Not\u00edcias no\u00a0<a href=\"https:\/\/www.instagram.com\/senoticias\/\">Instagram<\/a>,\u00a0<a href=\"https:\/\/twitter.com\/home\">Twitter<\/a>\u00a0e no\u00a0<a href=\"https:\/\/web.facebook.com\/senoticias1\/\">Facebook<\/a><\/strong><\/em><\/p>\n","protected":false},"excerpt":{"rendered":"<p>O Minist\u00e9rio P\u00fablico do Estado de Sergipe (MPE) abriu inqu\u00e9rito civil para apurar poss\u00edvel irregularidade no pagamento de benef\u00edcios feito pelo Estado ao governador Belivaldo Chagas (PSD). Den\u00fancias an\u00f4nimas encaminhadas \u00e0 Ouvidoria do Minist\u00e9rio P\u00fablico Estadual indicam que o governador acumula subs\u00eddios [traduz-se em remunera\u00e7\u00f5es], em valores que ultrapassam o limite permitido pela legisla\u00e7\u00e3o brasileira. [&hellip;]<\/p>\n","protected":false},"author":6557,"featured_media":0,"comment_status":"closed","ping_status":"closed","sticky":false,"template":"","format":"standard","meta":{"footnotes":""},"categories":[15],"tags":[9463,4491,2910,13471],"class_list":{"0":"post-120896","1":"post","2":"type-post","3":"status-publish","4":"format-standard","6":"category-destaques","7":"tag-governador-belivaldo-chagas","8":"tag-investiga","9":"tag-mpe","10":"tag-remuneracoes"},"_links":{"self":[{"href":"https:\/\/senoticias.com.br\/se\/wp-json\/wp\/v2\/posts\/120896"}],"collection":[{"href":"https:\/\/senoticias.com.br\/se\/wp-json\/wp\/v2\/posts"}],"about":[{"href":"https:\/\/senoticias.com.br\/se\/wp-json\/wp\/v2\/types\/post"}],"author":[{"embeddable":true,"href":"https:\/\/senoticias.com.br\/se\/wp-json\/wp\/v2\/users\/6557"}],"replies":[{"embeddable":true,"href":"https:\/\/senoticias.com.br\/se\/wp-json\/wp\/v2\/comments?post=120896"}],"version-history":[{"count":0,"href":"https:\/\/senoticias.com.br\/se\/wp-json\/wp\/v2\/posts\/120896\/revisions"}],"wp:attachment":[{"href":"https:\/\/senoticias.com.br\/se\/wp-json\/wp\/v2\/media?parent=120896"}],"wp:term":[{"taxonomy":"category","embeddable":true,"href":"https:\/\/senoticias.com.br\/se\/wp-json\/wp\/v2\/categories?post=120896"},{"taxonomy":"post_tag","embeddable":true,"href":"https:\/\/senoticias.com.br\/se\/wp-json\/wp\/v2\/tags?post=120896"}],"curies":[{"name":"wp","href":"https:\/\/api.w.org\/{rel}","templated":true}]}}