{"id":120781,"date":"2019-11-11T08:59:52","date_gmt":"2019-11-11T11:59:52","guid":{"rendered":"https:\/\/senoticias.com.br\/se\/?p=120781"},"modified":"2019-11-11T08:59:52","modified_gmt":"2019-11-11T11:59:52","slug":"enem-teve-menor-taxa-de-ausentes-na-prova-desde-2009","status":"publish","type":"post","link":"https:\/\/senoticias.com.br\/se\/enem-teve-menor-taxa-de-ausentes-na-prova-desde-2009\/","title":{"rendered":"Enem teve menor taxa de ausentes na prova desde 2009"},"content":{"rendered":"<p style=\"text-align: justify;\">Os gabaritos oficiais ser\u00e3o divulgados na pr\u00f3xima quarta-feira, 13, no site do Inep . Tamb\u00e9m ser\u00e3o divulgados os Cadernos de Quest\u00f5es, em todas as suas vers\u00f5es. No total, ser\u00e3o seis gabaritos para cada dia de aplica\u00e7\u00e3o e seis Cadernos de Quest\u00f5es, de acordo com as cores da prova e op\u00e7\u00f5es acess\u00edveis.<\/p>\n<div id=\"attachment_120785\" style=\"width: 560px\" class=\"wp-caption aligncenter\"><a href=\"https:\/\/senoticias.com.br\/se\/wp-content\/uploads\/2019\/11\/20190506104054960541u-e1573473402303.jpg\"><img loading=\"lazy\" decoding=\"async\" aria-describedby=\"caption-attachment-120785\" class=\"size-full wp-image-120785\" src=\"https:\/\/senoticias.com.br\/se\/wp-content\/uploads\/2019\/11\/20190506104054960541u-e1573473402303.jpg\" alt=\"\" width=\"550\" height=\"330\" \/><\/a><p id=\"caption-attachment-120785\" class=\"wp-caption-text\">Foto: imagem\/ Reprodu\u00e7\u00e3o internet<\/p><\/div>\n<p style=\"text-align: justify;\">Os participantes dever\u00e3o ficar atentos para conferir o gabarito relativo \u00e0 cor de prova que fez em cada domingo de aplica\u00e7\u00e3o.<\/p>\n<p style=\"text-align: justify;\">Os resultados individuais do Enem 2019 ser\u00e3o divulgados na P\u00e1gina do Participante e no aplicativo do Enem, em janeiro de 2020, a partir de consulta com CPF e senha.<\/p>\n<p style=\"text-align: justify;\">O resultado dos participantes eliminados, segundo o Inep, n\u00e3o ser\u00e1 divulgado, mesmo que eles tenham realizado o Enem nos dois dias de aplica\u00e7\u00e3o. Para os treineiros, que fazem o exame para autoavalia\u00e7\u00e3o de conhecimentos, a consulta s\u00f3 ser\u00e1 liberada em mar\u00e7o do ano que vem.<\/p>\n<p style=\"text-align: justify;\">Reaplica\u00e7\u00e3o<br \/>\nO estudante que se sentiu prejudicado no Enem poder\u00e1 informar o Inep, pela P\u00e1gina do Participante, entre os dias 11 e 18. Cada caso ser\u00e1 analisado e o participante poder\u00e1 ter direito a fazer a prova novamente.\u201c[O candidato] vai entrar na P\u00e1gina do Participante e vai apresentar um recurso, vai contar a hist\u00f3ria do porqu\u00ea se sentiu prejudicado. E no dia 27 de novembro daremos uma resposta\u201d, diz o presidente do Inep, Alexandre Lopes, que orientou que mesmo que os participantes tenham d\u00favidas se t\u00eam ou n\u00e3o direito a reaplica\u00e7\u00e3o, que fa\u00e7am o recurso.<\/p>\n<p style=\"text-align: justify;\">De acordo com o edital do exame, podem ter direito \u00e0 reaplica\u00e7\u00e3o aqueles que foram afetados por problemas log\u00edsticos. S\u00e3o considerados problemas log\u00edsticos fatores como desastres naturais que prejudiquem a aplica\u00e7\u00e3o devido ao comprometimento da infraestrutura do local; falta de energia el\u00e9trica que comprometa a visibilidade da prova pela aus\u00eancia de luz natural; e erro de execu\u00e7\u00e3o de procedimento de aplica\u00e7\u00e3o pelo aplicador que leve ao comprovado preju\u00edzo do participante.<\/p>\n<p style=\"text-align: justify;\">Os estudantes que sentiram alguma indisposi\u00e7\u00e3o ou problema de sa\u00fade e tiveram que sair da sala onde estava sendo aplicada a prova n\u00e3o ter\u00e3o direito \u00e0 reaplica\u00e7\u00e3o, segundo as regras do exame.<\/p>\n<p style=\"text-align: justify;\">O resultado da solicita\u00e7\u00e3o poder\u00e1 ser consultado, tamb\u00e9m, na P\u00e1gina do Participante, no dia 27 de novembro. A reaplica\u00e7\u00e3o do Enem 2019 ir\u00e1 acontecer nos dias 10 e 11 de dezembro, para quem tiver o pedido aprovado.<\/p>\n<p style=\"text-align: justify;\">Fonte: Ag\u00eancia Brasil<\/p>\n<p><a href=\"https:\/\/senoticias.com.br\/se\/wp-content\/uploads\/2019\/11\/Logo-novo-fone.jpg\"><img loading=\"lazy\" decoding=\"async\" class=\"aligncenter size-full wp-image-120749\" src=\"https:\/\/senoticias.com.br\/se\/wp-content\/uploads\/2019\/11\/Logo-novo-fone.jpg\" alt=\"\" width=\"599\" height=\"78\" srcset=\"https:\/\/senoticias.com.br\/se\/wp-content\/uploads\/2019\/11\/Logo-novo-fone.jpg 599w, https:\/\/senoticias.com.br\/se\/wp-content\/uploads\/2019\/11\/Logo-novo-fone-300x39.jpg 300w\" sizes=\"(max-width: 599px) 100vw, 599px\" \/><\/a><\/p>\n<p><em><strong>Acompanhe tamb\u00e9m o SE Not\u00edcias no\u00a0<a href=\"https:\/\/www.instagram.com\/senoticias\/\">Instagram<\/a>,\u00a0<a href=\"https:\/\/twitter.com\/home\">Twitter<\/a>\u00a0e no\u00a0<a href=\"https:\/\/web.facebook.com\/senoticias1\/\">Facebook<\/a><\/strong><\/em><\/p>\n","protected":false},"excerpt":{"rendered":"<p>Os gabaritos oficiais ser\u00e3o divulgados na pr\u00f3xima quarta-feira, 13, no site do Inep . Tamb\u00e9m ser\u00e3o divulgados os Cadernos de Quest\u00f5es, em todas as suas vers\u00f5es. No total, ser\u00e3o seis gabaritos para cada dia de aplica\u00e7\u00e3o e seis Cadernos de Quest\u00f5es, de acordo com as cores da prova e op\u00e7\u00f5es acess\u00edveis. Os participantes dever\u00e3o ficar [&hellip;]<\/p>\n","protected":false},"author":6557,"featured_media":0,"comment_status":"closed","ping_status":"closed","sticky":false,"template":"","format":"standard","meta":{"footnotes":""},"categories":[15,44],"tags":[13428,764,13427],"class_list":{"0":"post-120781","1":"post","2":"type-post","3":"status-publish","4":"format-standard","6":"category-destaques","7":"category-educacao","8":"tag-ausentes","9":"tag-enem","10":"tag-menor-taxa"},"_links":{"self":[{"href":"https:\/\/senoticias.com.br\/se\/wp-json\/wp\/v2\/posts\/120781"}],"collection":[{"href":"https:\/\/senoticias.com.br\/se\/wp-json\/wp\/v2\/posts"}],"about":[{"href":"https:\/\/senoticias.com.br\/se\/wp-json\/wp\/v2\/types\/post"}],"author":[{"embeddable":true,"href":"https:\/\/senoticias.com.br\/se\/wp-json\/wp\/v2\/users\/6557"}],"replies":[{"embeddable":true,"href":"https:\/\/senoticias.com.br\/se\/wp-json\/wp\/v2\/comments?post=120781"}],"version-history":[{"count":0,"href":"https:\/\/senoticias.com.br\/se\/wp-json\/wp\/v2\/posts\/120781\/revisions"}],"wp:attachment":[{"href":"https:\/\/senoticias.com.br\/se\/wp-json\/wp\/v2\/media?parent=120781"}],"wp:term":[{"taxonomy":"category","embeddable":true,"href":"https:\/\/senoticias.com.br\/se\/wp-json\/wp\/v2\/categories?post=120781"},{"taxonomy":"post_tag","embeddable":true,"href":"https:\/\/senoticias.com.br\/se\/wp-json\/wp\/v2\/tags?post=120781"}],"curies":[{"name":"wp","href":"https:\/\/api.w.org\/{rel}","templated":true}]}}