{"id":120744,"date":"2019-11-07T06:32:29","date_gmt":"2019-11-07T09:32:29","guid":{"rendered":"https:\/\/senoticias.com.br\/se\/?p=120744"},"modified":"2019-11-07T06:32:29","modified_gmt":"2019-11-07T09:32:29","slug":"agentes-penitenciarios-protestam-contra-a-terceirizacao-e-cobram-a-convocacao-dos-aprovados-no-concurso-da-categoria","status":"publish","type":"post","link":"https:\/\/senoticias.com.br\/se\/agentes-penitenciarios-protestam-contra-a-terceirizacao-e-cobram-a-convocacao-dos-aprovados-no-concurso-da-categoria\/","title":{"rendered":"Agentes penitenci\u00e1rios protestam contra a terceiriza\u00e7\u00e3o e cobram a convoca\u00e7\u00e3o dos aprovados no concurso da categoria"},"content":{"rendered":"<p style=\"text-align: justify;\">O Sindicato dos Agentes Penitenci\u00e1rios e Servidores da Sejuc (Sindpen) reuniu a categoria e os candidatos aprovados no concurso p\u00fablico de agente prisional para protestar contra a terceiriza\u00e7\u00e3o da seguran\u00e7a nos pres\u00eddios e cobrar a convoca\u00e7\u00e3o dos novos agentes. O ato ocorreu nesta ter\u00e7a-feira, 7, em frente ao Tribunal de Contas do Estado de Sergipe.<\/p>\n<div id=\"attachment_120745\" style=\"width: 560px\" class=\"wp-caption aligncenter\"><a href=\"https:\/\/senoticias.com.br\/se\/wp-content\/uploads\/2019\/11\/r5.jpg\"><img loading=\"lazy\" decoding=\"async\" aria-describedby=\"caption-attachment-120745\" class=\"size-full wp-image-120745\" src=\"https:\/\/senoticias.com.br\/se\/wp-content\/uploads\/2019\/11\/r5.jpg\" alt=\"\" width=\"550\" height=\"366\" srcset=\"https:\/\/senoticias.com.br\/se\/wp-content\/uploads\/2019\/11\/r5.jpg 550w, https:\/\/senoticias.com.br\/se\/wp-content\/uploads\/2019\/11\/r5-300x200.jpg 300w, https:\/\/senoticias.com.br\/se\/wp-content\/uploads\/2019\/11\/r5-90x60.jpg 90w, https:\/\/senoticias.com.br\/se\/wp-content\/uploads\/2019\/11\/r5-180x120.jpg 180w, https:\/\/senoticias.com.br\/se\/wp-content\/uploads\/2019\/11\/r5-95x64.jpg 95w\" sizes=\"(max-width: 550px) 100vw, 550px\" \/><\/a><p id=\"caption-attachment-120745\" class=\"wp-caption-text\">Ato ocorreu em frente ao TCE; Representantes do Sindpen e dos aprovados se reuniram com a conselheira Susana Azevedo (foto: Cleverton Ribeiro\/TCE)<\/p><\/div>\n<p style=\"text-align: justify;\">Logo ap\u00f3s o ato, os representantes do Sindpen e dos aprovados se reuniram com a conselheira Susana Azevedo. \u201cSolicitamos ao TCE que reveja a terceiriza\u00e7\u00e3o e determine que o Estado convoque os aprovados. Isso traria uma economia substancial ao Estado, que gasta R$ 61 milh\u00f5es por ano com a Reviver\u201d, conta o presidente do Sindpen, Wesley Souza. \u201cEsse ato mostra a uni\u00e3o entre os agentes e os concursados. De um lado, agentes sofrendo as consequ\u00eancias do baixo efetivo, vendendo seus dias de folga para tentar suprir a seguran\u00e7a das unidades. E do outro, pessoas que t\u00eam o direito de serem convocadas, pois estudaram e passaram no concurso\u201d, completa.<\/p>\n<p style=\"text-align: justify;\">Wesley Souza explica que o Sindpen defende a reformula\u00e7\u00e3o do contrato do Estado com a empresa Reviver. \u201cO Sindpen age de acordo com a legisla\u00e7\u00e3o, que diz que a terceiriza\u00e7\u00e3o da atividade-fim, neste caso, da seguran\u00e7a, incluindo os servi\u00e7os de escolta e vigil\u00e2ncia, \u00e9 proibida. Defendemos que deve ocorrer a reformula\u00e7\u00e3o do contrato, excluindo a seguran\u00e7a das m\u00e3os da Reviver e deixando que a empresa cuide das atividades meio, como hotelaria, limpeza, manuten\u00e7\u00e3o e servi\u00e7os administrativos\u201d.<\/p>\n<p style=\"text-align: justify;\">Ainda de acordo com Wesley, atualmente, Sergipe tem um d\u00e9ficit de 1000 agentes prisionais. \u201cSe som\u00e1ssemos o efetivo ideal para cada pres\u00eddio, mas o n\u00famero de agentes necess\u00e1rios para atuar nas unidades hoje terceirizadas e para substituir os 130 que est\u00e3o para se aposentar em 2020, chegar\u00edamos a 1000 profissionais\u201d, detalha o presidente do Sindpen.<\/p>\n<p style=\"text-align: justify;\">Marciana Batista, que \u00e9 moradora de Telha e foi aprovada no concurso, destaca que o Sindpen e os candidatos aprovados est\u00e3o unidos em prol da convoca\u00e7\u00e3o. \u201cA participa\u00e7\u00e3o do Sindpen em nossa causa tem nos ajudado muito. Trata-se de movimento em conjunto, onde todos n\u00f3s buscamos a convoca\u00e7\u00e3o dos aprovados no concurso e a reestrutura\u00e7\u00e3o do sistema prisional\u201d, ressalta.<\/p>\n<p style=\"text-align: justify;\">A deputada estadual Kitty Lima participou do ato e manifestou apoio ao Sindpen. \u201cEssa \u00e9 uma luta antiga. Esses guerreiros precisam de voz e n\u00f3s estamos aqui para dar a nossa for\u00e7a e mostrar que a causa \u00e9 justa. Ouvimos falar em terceiriza\u00e7\u00e3o, mas n\u00e3o h\u00e1 uma preocupa\u00e7\u00e3o com a seguran\u00e7a p\u00fablica em nosso estado. Isso nos deixa muito tristes. N\u00e3o h\u00e1 uma sintonia no discurso dessa gest\u00e3o e n\u00f3s n\u00e3o entendemos o que eles pretendem. Est\u00e3o a\u00ed os concursados, pessoas capazes que se dedicaram \u00e0 essa miss\u00e3o, mas n\u00e3o h\u00e1 resposta alguma\u201d, lamenta a deputada.<\/p>\n<p style=\"text-align: justify;\">Susana Azevedo foi a relatora do processo que, em fevereiro de 2017, determinou a ativa\u00e7\u00e3o do pres\u00eddio do munic\u00edpio de Areia Branca, j\u00e1 que a unidade se encontrava com estrutura f\u00edsica apta e havia superlota\u00e7\u00e3o nas unidades em opera\u00e7\u00e3o. Naquela \u00e9poca, o Tribunal autorizou o Governo a firmar contrato emergencial para suprir a operacionaliza\u00e7\u00e3o do pres\u00eddio (incluindo a parte de recursos humanos), de modo a coloc\u00e1-lo em atividade no mais breve espa\u00e7o de tempo.<\/p>\n<p style=\"text-align: justify;\">A conselheira explicou os termos da decis\u00e3o e orientou os sindicalistas a formalizarem sua manifesta\u00e7\u00e3o por meio de protocolo que ser\u00e1 analisado pela conselheira Ang\u00e9lica Guimar\u00e3es, que \u00e9 a atual relatora das contas da Secretaria de Estado de Justi\u00e7a e de Defesa do Consumidor (Sejuc).<\/p>\n<p style=\"text-align: justify;\">\u201cRecebemos com prazer a Comiss\u00e3o dos Agentes Penitenci\u00e1rios, j\u00e1 que eles sempre foram parceiros e amigos. Eles estiveram aqui com algumas demandas do sistema prisional e n\u00f3s solicitamos que atrav\u00e9s de sua assessoria jur\u00eddica, oficializem os pedidos para que o TCE e sua \u00e1rea de atua\u00e7\u00e3o na Sejuc possa rapidamente ter as respostas que a categoria precisa\u201d, conclui a conselheira.<\/p>\n<p>&nbsp;<\/p>\n<p><a href=\"https:\/\/senoticias.com.br\/se\/wp-content\/uploads\/2019\/08\/Logo-novo-fone.jpg\"><img loading=\"lazy\" decoding=\"async\" class=\"aligncenter size-full wp-image-119612\" src=\"https:\/\/senoticias.com.br\/se\/wp-content\/uploads\/2019\/08\/Logo-novo-fone.jpg\" alt=\"\" width=\"599\" height=\"78\" srcset=\"https:\/\/senoticias.com.br\/se\/wp-content\/uploads\/2019\/08\/Logo-novo-fone.jpg 599w, https:\/\/senoticias.com.br\/se\/wp-content\/uploads\/2019\/08\/Logo-novo-fone-300x39.jpg 300w\" sizes=\"(max-width: 599px) 100vw, 599px\" \/><\/a><\/p>\n<p>&nbsp;<\/p>\n<p><em><strong>Acompanhe tamb\u00e9m o SE Not\u00edcias no\u00a0<a href=\"https:\/\/www.instagram.com\/senoticias\/\">Instagram<\/a>,\u00a0<a href=\"https:\/\/twitter.com\/home\">Twitter<\/a>\u00a0e no\u00a0<a href=\"https:\/\/web.facebook.com\/senoticias1\/\">Facebook<\/a><\/strong><\/em><\/p>\n<p>&nbsp;<\/p>\n<p><em>Por\u00a0Nara Barreto\/ Ascom Sindpen<\/em><\/p>\n","protected":false},"excerpt":{"rendered":"<p>O Sindicato dos Agentes Penitenci\u00e1rios e Servidores da Sejuc (Sindpen) reuniu a categoria e os candidatos aprovados no concurso p\u00fablico de agente prisional para protestar contra a terceiriza\u00e7\u00e3o da seguran\u00e7a nos pres\u00eddios e cobrar a convoca\u00e7\u00e3o dos novos agentes. O ato ocorreu nesta ter\u00e7a-feira, 7, em frente ao Tribunal de Contas do Estado de Sergipe. [&hellip;]<\/p>\n","protected":false},"author":6552,"featured_media":120745,"comment_status":"closed","ping_status":"closed","sticky":false,"template":"","format":"standard","meta":{"footnotes":""},"categories":[15,6],"tags":[13409,13410,6626,530],"class_list":{"0":"post-120744","1":"post","2":"type-post","3":"status-publish","4":"format-standard","5":"has-post-thumbnail","7":"category-destaques","8":"category-politica","9":"tag-reviver","10":"tag-sindicato-dos-agentes-penitenciarios-e-servidores-da-sejuc","11":"tag-sindpen","12":"tag-tribunal-de-contas-do-estado-de-sergipe"},"_links":{"self":[{"href":"https:\/\/senoticias.com.br\/se\/wp-json\/wp\/v2\/posts\/120744"}],"collection":[{"href":"https:\/\/senoticias.com.br\/se\/wp-json\/wp\/v2\/posts"}],"about":[{"href":"https:\/\/senoticias.com.br\/se\/wp-json\/wp\/v2\/types\/post"}],"author":[{"embeddable":true,"href":"https:\/\/senoticias.com.br\/se\/wp-json\/wp\/v2\/users\/6552"}],"replies":[{"embeddable":true,"href":"https:\/\/senoticias.com.br\/se\/wp-json\/wp\/v2\/comments?post=120744"}],"version-history":[{"count":0,"href":"https:\/\/senoticias.com.br\/se\/wp-json\/wp\/v2\/posts\/120744\/revisions"}],"wp:featuredmedia":[{"embeddable":true,"href":"https:\/\/senoticias.com.br\/se\/wp-json\/wp\/v2\/media\/120745"}],"wp:attachment":[{"href":"https:\/\/senoticias.com.br\/se\/wp-json\/wp\/v2\/media?parent=120744"}],"wp:term":[{"taxonomy":"category","embeddable":true,"href":"https:\/\/senoticias.com.br\/se\/wp-json\/wp\/v2\/categories?post=120744"},{"taxonomy":"post_tag","embeddable":true,"href":"https:\/\/senoticias.com.br\/se\/wp-json\/wp\/v2\/tags?post=120744"}],"curies":[{"name":"wp","href":"https:\/\/api.w.org\/{rel}","templated":true}]}}