{"id":120645,"date":"2019-10-30T11:48:46","date_gmt":"2019-10-30T14:48:46","guid":{"rendered":"https:\/\/senoticias.com.br\/se\/?p=120645"},"modified":"2019-10-31T06:29:22","modified_gmt":"2019-10-31T09:29:22","slug":"pistoleiro-que-matou-crianca-e-baleou-gestante-e-preso-em-caninde","status":"publish","type":"post","link":"https:\/\/senoticias.com.br\/se\/pistoleiro-que-matou-crianca-e-baleou-gestante-e-preso-em-caninde\/","title":{"rendered":"Homem suspeito de matar crian\u00e7a e balear gestante \u00e9 preso em Canind\u00e9 do S\u00e3o Francisco."},"content":{"rendered":"<p>por Daniel Rezende*<\/p>\n<p style=\"text-align: justify;\">Policiais militares do 4\u00ba Batalh\u00e3o de Pol\u00edcia Militar prenderam um homem, identificado como Jos\u00e9 de Oliveira Mendon\u00e7a Filho, vulgo \u201cMaguila\u201d, condenado por pistolagem e foragido da justi\u00e7a desde 2018. A ocorr\u00eancia foi registrada na tarde da \u00faltima ter\u00e7a-feira, 29, durante uma abordagem policial em Canind\u00e9 de S\u00e3o Francisco em que foi constatada a ficha criminal e o processo transitado em julgado expedido pela Vara de Laranjeiras, no qual Maguila foi condenado h\u00e1 mais de 27 anos de pris\u00e3o.<\/p>\n<div id=\"attachment_120646\" style=\"width: 441px\" class=\"wp-caption aligncenter\"><a href=\"https:\/\/senoticias.com.br\/se\/wp-content\/uploads\/2019\/10\/maguila-foto-ssp-30102019.jpg\"><img loading=\"lazy\" decoding=\"async\" aria-describedby=\"caption-attachment-120646\" class=\"size-full wp-image-120646\" src=\"https:\/\/senoticias.com.br\/se\/wp-content\/uploads\/2019\/10\/maguila-foto-ssp-30102019.jpg\" alt=\"\" width=\"431\" height=\"330\" srcset=\"https:\/\/senoticias.com.br\/se\/wp-content\/uploads\/2019\/10\/maguila-foto-ssp-30102019.jpg 431w, https:\/\/senoticias.com.br\/se\/wp-content\/uploads\/2019\/10\/maguila-foto-ssp-30102019-300x230.jpg 300w, https:\/\/senoticias.com.br\/se\/wp-content\/uploads\/2019\/10\/maguila-foto-ssp-30102019-45x35.jpg 45w\" sizes=\"(max-width: 431px) 100vw, 431px\" \/><\/a><p id=\"caption-attachment-120646\" class=\"wp-caption-text\">Maguila estava trabalhando como t\u00e1xi dog (foto: Whats App Grupo Show de Not\u00edcia)<\/p><\/div>\n<p style=\"text-align: justify;\">O subcomandante do 4\u00ba BPM, tenente-coronel Victor Anderson, explica que o homem vivia em Canind\u00e9, onde teria inaugurado uma loja no formato pet shop. \u201cH\u00e1 dois anos ele abriu o pet shop no bairro Olaria e tamb\u00e9m fazia um servi\u00e7o chamado \u2018t\u00e1xi dog\u2019, que consiste no transporte de cachorros\u201d, explica. Segundo o tenente-coronel, Maguila cometeu o assassinato de uma crian\u00e7a e tentou contra a vida de outros tr\u00eas membros da mesma fam\u00edlia que estavam no mesmo ve\u00edculo.\u201cEle foi contratado para matar duas pessoas que estavam no ve\u00edculo. Alcan\u00e7ou o carro de moto, armado e iniciou os disparos contra o autom\u00f3vel que possu\u00eda sete ocupantes. Destes, quatro ficaram feridos, sendo uma gestante, que foi atingida na perna, e uma crian\u00e7a, que foi internada em coma, mas n\u00e3o resistiu e veio a \u00f3bito\u201d, relata o subcomandante do 4\u00ba BPM.<\/p>\n<p style=\"text-align: justify;\">A pris\u00e3o do foragido ocorreu durante uma abordagem policial em que a equipe de militares suspeitou da condu\u00e7\u00e3o da motocicleta de Jos\u00e9 de Oliveira. \u201cEle foi preso com uma moto de licenciamento vencido h\u00e1 10 anos e com restri\u00e7\u00e3o judicial\u201d, conclui.<\/p>\n<p style=\"text-align: justify;\">O homem est\u00e1 detido na Delegacia de Canind\u00e9 de S\u00e3o Francisco, mas deve ser transferido ainda hoje para uma unidade do sistema prisional do Estado de Sergipe.<\/p>\n<p style=\"text-align: justify;\"><em>Mat\u00e9ria produzida pelo jornalista Daniel Rezende e publicada originalmente no <a href=\"https:\/\/infonet.com.br\/noticias\/cidade\/pistoleiro-que-matou-crianca-e-baleou-gestante-e-preso-em-caninde\/\">portal Infonet<\/a><\/em><\/p>\n<p>&nbsp;<\/p>\n<p>&nbsp;<\/p>\n<p><a href=\"https:\/\/senoticias.com.br\/se\/wp-content\/uploads\/2019\/09\/Logo-novo-fone-1.jpg\"><img loading=\"lazy\" decoding=\"async\" class=\"size-full wp-image-119884\" src=\"https:\/\/senoticias.com.br\/se\/wp-content\/uploads\/2019\/09\/Logo-novo-fone-1.jpg\" alt=\"\" width=\"599\" height=\"78\" srcset=\"https:\/\/senoticias.com.br\/se\/wp-content\/uploads\/2019\/09\/Logo-novo-fone-1.jpg 599w, https:\/\/senoticias.com.br\/se\/wp-content\/uploads\/2019\/09\/Logo-novo-fone-1-300x39.jpg 300w\" sizes=\"(max-width: 599px) 100vw, 599px\" \/><\/a><\/p>\n<p>&nbsp;<\/p>\n<p><em><strong>Acompanhe tamb\u00e9m o SE Not\u00edcias no\u00a0<a href=\"https:\/\/www.instagram.com\/senoticias\/\">Instagram<\/a>,\u00a0<a href=\"https:\/\/twitter.com\/home\">Twitter<\/a>\u00a0e no\u00a0<a href=\"https:\/\/web.facebook.com\/senoticias1\/\">Facebook<\/a><\/strong><\/em><\/p>\n","protected":false},"excerpt":{"rendered":"<p>por Daniel Rezende* Policiais militares do 4\u00ba Batalh\u00e3o de Pol\u00edcia Militar prenderam um homem, identificado como Jos\u00e9 de Oliveira Mendon\u00e7a Filho, vulgo \u201cMaguila\u201d, condenado por pistolagem e foragido da justi\u00e7a desde 2018. A ocorr\u00eancia foi registrada na tarde da \u00faltima ter\u00e7a-feira, 29, durante uma abordagem policial em Canind\u00e9 de S\u00e3o Francisco em que foi constatada [&hellip;]<\/p>\n","protected":false},"author":6557,"featured_media":0,"comment_status":"closed","ping_status":"closed","sticky":false,"template":"","format":"standard","meta":{"footnotes":""},"categories":[15,7],"tags":[597,4605,13356,86,2866],"class_list":{"0":"post-120645","1":"post","2":"type-post","3":"status-publish","4":"format-standard","6":"category-destaques","7":"category-policia","8":"tag-caninde-do-sao-francisco","9":"tag-homem-preso","10":"tag-maguila-preso-em-caninde","11":"tag-policia-militar","12":"tag-preso"},"_links":{"self":[{"href":"https:\/\/senoticias.com.br\/se\/wp-json\/wp\/v2\/posts\/120645"}],"collection":[{"href":"https:\/\/senoticias.com.br\/se\/wp-json\/wp\/v2\/posts"}],"about":[{"href":"https:\/\/senoticias.com.br\/se\/wp-json\/wp\/v2\/types\/post"}],"author":[{"embeddable":true,"href":"https:\/\/senoticias.com.br\/se\/wp-json\/wp\/v2\/users\/6557"}],"replies":[{"embeddable":true,"href":"https:\/\/senoticias.com.br\/se\/wp-json\/wp\/v2\/comments?post=120645"}],"version-history":[{"count":0,"href":"https:\/\/senoticias.com.br\/se\/wp-json\/wp\/v2\/posts\/120645\/revisions"}],"wp:attachment":[{"href":"https:\/\/senoticias.com.br\/se\/wp-json\/wp\/v2\/media?parent=120645"}],"wp:term":[{"taxonomy":"category","embeddable":true,"href":"https:\/\/senoticias.com.br\/se\/wp-json\/wp\/v2\/categories?post=120645"},{"taxonomy":"post_tag","embeddable":true,"href":"https:\/\/senoticias.com.br\/se\/wp-json\/wp\/v2\/tags?post=120645"}],"curies":[{"name":"wp","href":"https:\/\/api.w.org\/{rel}","templated":true}]}}