{"id":120584,"date":"2019-10-25T12:51:56","date_gmt":"2019-10-25T15:51:56","guid":{"rendered":"https:\/\/senoticias.com.br\/se\/?p=120584"},"modified":"2019-10-25T12:51:56","modified_gmt":"2019-10-25T15:51:56","slug":"homem-invade-casa-e-mata-adolescente-em-itabaiana","status":"publish","type":"post","link":"https:\/\/senoticias.com.br\/se\/homem-invade-casa-e-mata-adolescente-em-itabaiana\/","title":{"rendered":"Homem invade casa e mata adolescente em Itabaiana"},"content":{"rendered":"<p style=\"text-align: justify;\">Um homem invadiu um im\u00f3vel e matou um adolescente, crime ocorrido na noite da quinta-feira, 24, em uma localidade conhecida como Mutir\u00e3o na cidade de Itabaiana. O corpo da v\u00edtima continua no Instituto M\u00e9dico Legal (IML) sem identifica\u00e7\u00e3o oficial. Mas a equipe da Pol\u00edcia Militar de Sergipe revelou que a v\u00edtima seria um adolescente de 17 anos, identificado preliminarmente como Willian Vitor Souza Santos.O adolescente estava em casa e foi atingido por v\u00e1rios disparos de arma de fogo e a morte dele foi constatada no local do crime, na casa de n\u00famero 40 da rua H, no Mutir\u00e3o, pela equipe do Servi\u00e7o de Atendimento M\u00f3vel de Urg\u00eancia (Samu). A motiva\u00e7\u00e3o do crime \u00e9 desconhecida. Acionada, a equipe do 3\u00b0 Batalh\u00e3o da Pol\u00edcia Militar de Sergipe, mas n\u00e3o conseguiu identificar a autoria do homic\u00eddio.<\/p>\n<div id=\"attachment_120585\" style=\"width: 560px\" class=\"wp-caption aligncenter\"><a href=\"https:\/\/senoticias.com.br\/se\/wp-content\/uploads\/2019\/10\/fachada_iml_foto_ssp_200919jpg.jpg\"><img loading=\"lazy\" decoding=\"async\" aria-describedby=\"caption-attachment-120585\" class=\"size-full wp-image-120585\" src=\"https:\/\/senoticias.com.br\/se\/wp-content\/uploads\/2019\/10\/fachada_iml_foto_ssp_200919jpg.jpg\" alt=\"\" width=\"550\" height=\"330\" srcset=\"https:\/\/senoticias.com.br\/se\/wp-content\/uploads\/2019\/10\/fachada_iml_foto_ssp_200919jpg.jpg 550w, https:\/\/senoticias.com.br\/se\/wp-content\/uploads\/2019\/10\/fachada_iml_foto_ssp_200919jpg-300x180.jpg 300w\" sizes=\"(max-width: 550px) 100vw, 550px\" \/><\/a><p id=\"caption-attachment-120585\" class=\"wp-caption-text\">IML ainda n\u00e3o identificou oficialmente corpo de adolescente (Foto: SSP\/SE)<\/p><\/div>\n<p style=\"text-align: justify;\">Os primeiros levantamentos realizados pela Pol\u00edcia Militar indicam que o atirador teria agido sozinho. N\u00e3o h\u00e1 informa\u00e7\u00f5es precisas como o homem chegou \u00e0 resid\u00eancia da v\u00edtima. O crime ser\u00e1 investigado pela Pol\u00edcia Civil.<\/p>\n<p style=\"text-align: justify;\">por Cassia Santana<\/p>\n<div id=\"attachment_119884\" style=\"width: 609px\" class=\"wp-caption aligncenter\"><a href=\"https:\/\/senoticias.com.br\/se\/wp-content\/uploads\/2019\/09\/Logo-novo-fone-1.jpg\"><img loading=\"lazy\" decoding=\"async\" aria-describedby=\"caption-attachment-119884\" class=\"size-full wp-image-119884\" src=\"https:\/\/senoticias.com.br\/se\/wp-content\/uploads\/2019\/09\/Logo-novo-fone-1.jpg\" alt=\"\" width=\"599\" height=\"78\" srcset=\"https:\/\/senoticias.com.br\/se\/wp-content\/uploads\/2019\/09\/Logo-novo-fone-1.jpg 599w, https:\/\/senoticias.com.br\/se\/wp-content\/uploads\/2019\/09\/Logo-novo-fone-1-300x39.jpg 300w\" sizes=\"(max-width: 599px) 100vw, 599px\" \/><\/a><p id=\"caption-attachment-119884\" class=\"wp-caption-text\">Acompanhe tamb\u00e9m o SE Not\u00edcias no Instagram, Twitter e no Facebook<\/p><\/div>\n","protected":false},"excerpt":{"rendered":"<p>Um homem invadiu um im\u00f3vel e matou um adolescente, crime ocorrido na noite da quinta-feira, 24, em uma localidade conhecida como Mutir\u00e3o na cidade de Itabaiana. O corpo da v\u00edtima continua no Instituto M\u00e9dico Legal (IML) sem identifica\u00e7\u00e3o oficial. Mas a equipe da Pol\u00edcia Militar de Sergipe revelou que a v\u00edtima seria um adolescente de [&hellip;]<\/p>\n","protected":false},"author":6557,"featured_media":0,"comment_status":"closed","ping_status":"closed","sticky":false,"template":"","format":"standard","meta":{"footnotes":""},"categories":[15,38],"tags":[3844,13302,3594,13046,236,13303],"class_list":{"0":"post-120584","1":"post","2":"type-post","3":"status-publish","4":"format-standard","6":"category-destaques","7":"category-municipios","8":"tag-adolescente","9":"tag-casa","10":"tag-homem","11":"tag-invade","12":"tag-itabaiana","13":"tag-mata"},"_links":{"self":[{"href":"https:\/\/senoticias.com.br\/se\/wp-json\/wp\/v2\/posts\/120584"}],"collection":[{"href":"https:\/\/senoticias.com.br\/se\/wp-json\/wp\/v2\/posts"}],"about":[{"href":"https:\/\/senoticias.com.br\/se\/wp-json\/wp\/v2\/types\/post"}],"author":[{"embeddable":true,"href":"https:\/\/senoticias.com.br\/se\/wp-json\/wp\/v2\/users\/6557"}],"replies":[{"embeddable":true,"href":"https:\/\/senoticias.com.br\/se\/wp-json\/wp\/v2\/comments?post=120584"}],"version-history":[{"count":0,"href":"https:\/\/senoticias.com.br\/se\/wp-json\/wp\/v2\/posts\/120584\/revisions"}],"wp:attachment":[{"href":"https:\/\/senoticias.com.br\/se\/wp-json\/wp\/v2\/media?parent=120584"}],"wp:term":[{"taxonomy":"category","embeddable":true,"href":"https:\/\/senoticias.com.br\/se\/wp-json\/wp\/v2\/categories?post=120584"},{"taxonomy":"post_tag","embeddable":true,"href":"https:\/\/senoticias.com.br\/se\/wp-json\/wp\/v2\/tags?post=120584"}],"curies":[{"name":"wp","href":"https:\/\/api.w.org\/{rel}","templated":true}]}}