{"id":120547,"date":"2019-10-23T19:21:08","date_gmt":"2019-10-23T22:21:08","guid":{"rendered":"https:\/\/senoticias.com.br\/se\/?p=120547"},"modified":"2019-10-25T06:26:46","modified_gmt":"2019-10-25T09:26:46","slug":"governo-do-esatdo-celebra-dia-da-sergipanidade","status":"publish","type":"post","link":"https:\/\/senoticias.com.br\/se\/governo-do-esatdo-celebra-dia-da-sergipanidade\/","title":{"rendered":"Governo do Estado celebra Dia da Sergipanidade"},"content":{"rendered":"<p style=\"font-weight: 400; text-align: justify;\">A data de 24 de outubro \u00e9 consagrada ao Dia da Sergipanidade e sua comemora\u00e7\u00e3o ser\u00e1 feita este ano de maneira especial, principalmente porque estamos a menos de um ano para celebrar os 200 anos da emancipa\u00e7\u00e3o pol\u00edtica de Sergipe.<\/p>\n<p style=\"font-weight: 400; text-align: justify;\">Para celebrar a sergipanidade, o Governo do Estado de Sergipe, a Funda\u00e7\u00e3o de Cultura e Arte Aperip\u00ea (Funcap) e a Comiss\u00e3o Preparat\u00f3ria dos Festejos do Bicenten\u00e1rio da Emancipa\u00e7\u00e3o Pol\u00edtica de Sergipe prepararam uma programa\u00e7\u00e3o especial de comemora\u00e7\u00e3o.<\/p>\n<div id=\"attachment_120548\" style=\"width: 609px\" class=\"wp-caption alignnone\"><a href=\"https:\/\/senoticias.com.br\/se\/wp-content\/uploads\/2019\/10\/celebrando-a-sergipanidade-e1571869087705.jpg\"><img loading=\"lazy\" decoding=\"async\" aria-describedby=\"caption-attachment-120548\" class=\"size-full wp-image-120548\" src=\"https:\/\/senoticias.com.br\/se\/wp-content\/uploads\/2019\/10\/celebrando-a-sergipanidade-e1571869087705.jpg\" alt=\"\" width=\"599\" height=\"409\" \/><\/a><p id=\"caption-attachment-120548\" class=\"wp-caption-text\">Funda\u00e7\u00e3o de Cultura celebra Dia da Sergipanidade (foto arte: Funcap)<\/p><\/div>\n<p style=\"font-weight: 400; text-align: justify;\"><strong>Programa\u00e7\u00e3o:<\/strong><\/p>\n<p style=\"font-weight: 400; text-align: justify;\">O Dia da Sergipanidade ser\u00e1 comemorado com um Cortejo saindo da Pra\u00e7a General Valad\u00e3o (centro da cidade) em dire\u00e7\u00e3o \u00e0 Pra\u00e7a Fausto Cardoso, com a participa\u00e7\u00e3o das Bandas Filarm\u00f4nicas, de Grupos Folcl\u00f3ricos e o Desfile de Bandeiras dos 75 munic\u00edpios de Sergipe, com a participa\u00e7\u00e3o de estudantes da rede p\u00fablica estadual. A popula\u00e7\u00e3o ser\u00e1 convidada para participar dessa caminhada.<\/p>\n<p style=\"font-weight: 400; text-align: justify;\">Na Pra\u00e7a Fausto Cardoso \u2013 onde se concentrar\u00e1 a comemora\u00e7\u00e3o &#8211; acontecer\u00e1 o encontro das bandas filarm\u00f4nicas que executar\u00e3o os Hinos do Brasil e de Sergipe. Ser\u00e1 tamb\u00e9m nesse local onde o governador do Estado, Belivaldo Chagas e a presidente da Funcap, Concei\u00e7\u00e3o Vieira, far\u00e3o pronunciamentos alusivos \u00e0 data.<\/p>\n<p style=\"font-weight: 400; text-align: justify;\">A celebra\u00e7\u00e3o pelo Dia da Sergipanidade ainda ter\u00e1 as participa\u00e7\u00f5es de grupos folcl\u00f3ricos do interior do estado, da Orquestra Jovem de Sergipe, a dupla Chiko Queiroga &amp; Ant\u00f4nio Rog\u00e9rio e do cantor Joba e o seu show Can\u00e7\u00e3o da Cidade M\u00e3e.<\/p>\n<p>&nbsp;<\/p>\n<p>&nbsp;<\/p>\n<p><a href=\"https:\/\/senoticias.com.br\/se\/wp-content\/uploads\/2019\/09\/Logo-novo-fone-1.jpg\"><img loading=\"lazy\" decoding=\"async\" class=\"alignnone size-full wp-image-119884\" src=\"https:\/\/senoticias.com.br\/se\/wp-content\/uploads\/2019\/09\/Logo-novo-fone-1.jpg\" alt=\"\" width=\"599\" height=\"78\" srcset=\"https:\/\/senoticias.com.br\/se\/wp-content\/uploads\/2019\/09\/Logo-novo-fone-1.jpg 599w, https:\/\/senoticias.com.br\/se\/wp-content\/uploads\/2019\/09\/Logo-novo-fone-1-300x39.jpg 300w\" sizes=\"(max-width: 599px) 100vw, 599px\" \/><\/a><\/p>\n<p>&nbsp;<\/p>\n<p><em><strong>Acompanhe tamb\u00e9m o SE Not\u00edcias no\u00a0<a href=\"https:\/\/www.instagram.com\/senoticias\/\">Instagram<\/a>,\u00a0<a href=\"https:\/\/twitter.com\/home\">Twitter<\/a>\u00a0e no\u00a0<a href=\"https:\/\/web.facebook.com\/senoticias1\/\">Facebook<\/a><\/strong><\/em><\/p>\n<p>&nbsp;<\/p>\n<p>Funda\u00e7\u00e3o de Cultura e Arte Aperip\u00ea\/Governo de Sergipe<\/p>\n<p style=\"font-weight: 400;\">\n","protected":false},"excerpt":{"rendered":"<p>A data de 24 de outubro \u00e9 consagrada ao Dia da Sergipanidade e sua comemora\u00e7\u00e3o ser\u00e1 feita este ano de maneira especial, principalmente porque estamos a menos de um ano para celebrar os 200 anos da emancipa\u00e7\u00e3o pol\u00edtica de Sergipe. Para celebrar a sergipanidade, o Governo do Estado de Sergipe, a Funda\u00e7\u00e3o de Cultura e [&hellip;]<\/p>\n","protected":false},"author":6552,"featured_media":120548,"comment_status":"closed","ping_status":"closed","sticky":false,"template":"","format":"standard","meta":{"footnotes":""},"categories":[21,6],"tags":[13284,13285,13286],"class_list":{"0":"post-120547","1":"post","2":"type-post","3":"status-publish","4":"format-standard","5":"has-post-thumbnail","7":"category-entretenimento","8":"category-politica","9":"tag-dia-da-sergipanidade","10":"tag-fundacao-de-cultura","11":"tag-fundacao-de-cultura-e-arte-aperipe"},"_links":{"self":[{"href":"https:\/\/senoticias.com.br\/se\/wp-json\/wp\/v2\/posts\/120547"}],"collection":[{"href":"https:\/\/senoticias.com.br\/se\/wp-json\/wp\/v2\/posts"}],"about":[{"href":"https:\/\/senoticias.com.br\/se\/wp-json\/wp\/v2\/types\/post"}],"author":[{"embeddable":true,"href":"https:\/\/senoticias.com.br\/se\/wp-json\/wp\/v2\/users\/6552"}],"replies":[{"embeddable":true,"href":"https:\/\/senoticias.com.br\/se\/wp-json\/wp\/v2\/comments?post=120547"}],"version-history":[{"count":0,"href":"https:\/\/senoticias.com.br\/se\/wp-json\/wp\/v2\/posts\/120547\/revisions"}],"wp:featuredmedia":[{"embeddable":true,"href":"https:\/\/senoticias.com.br\/se\/wp-json\/wp\/v2\/media\/120548"}],"wp:attachment":[{"href":"https:\/\/senoticias.com.br\/se\/wp-json\/wp\/v2\/media?parent=120547"}],"wp:term":[{"taxonomy":"category","embeddable":true,"href":"https:\/\/senoticias.com.br\/se\/wp-json\/wp\/v2\/categories?post=120547"},{"taxonomy":"post_tag","embeddable":true,"href":"https:\/\/senoticias.com.br\/se\/wp-json\/wp\/v2\/tags?post=120547"}],"curies":[{"name":"wp","href":"https:\/\/api.w.org\/{rel}","templated":true}]}}