{"id":120532,"date":"2019-10-22T18:13:35","date_gmt":"2019-10-22T21:13:35","guid":{"rendered":"https:\/\/senoticias.com.br\/se\/?p=120532"},"modified":"2019-10-22T18:13:35","modified_gmt":"2019-10-22T21:13:35","slug":"i-treinao-da-saude-mental-de-aracaju-arrecadara-alimentos-para-o-lar-de-idosos-same","status":"publish","type":"post","link":"https:\/\/senoticias.com.br\/se\/i-treinao-da-saude-mental-de-aracaju-arrecadara-alimentos-para-o-lar-de-idosos-same\/","title":{"rendered":"I Trein\u00e3o da Sa\u00fade Mental de Aracaju arrecadar\u00e1 alimentos para o Lar de Idosos Same"},"content":{"rendered":"<div>\n<p lang=\"PT-BR\" style=\"text-align: justify;\"><span lang=\"PT-BR\">Profissionais de sa\u00fade, atletas e toda a comunidade est\u00e3o convidados a participar do<\/span><span lang=\"PT-BR\">que acontece no s\u00e1bado, 23 de novembro.\u00a0O circuito da atividade, que tem 3 Km, ser\u00e1 realizado \u00e0s 07h00\u00a0no P<\/span><span lang=\"PT-BR\">arque Augusto Franco no Bairro Jardins, (P<\/span><span lang=\"PT-BR\">arque da Sementeira<\/span><span lang=\"PT-BR\">)\u00a0<\/span><span lang=\"PT-BR\">e tamb\u00e9m contar\u00e1 com outras a\u00e7\u00f5es especiais.\u00a0<\/span><span lang=\"PT-BR\">As inscri\u00e7\u00f5es est\u00e3o abertas at\u00e9 o dia 31 de outubro e tem valor de R$35 + 1 kg de alimento, que ser\u00e1 doado para o Lar de Idosos Nossa Senhora da Concei\u00e7\u00e3o-\u00a0<\/span><span lang=\"PT-BR\">Same<\/span><span lang=\"PT-BR\">. O valor da inscri\u00e7\u00e3o ir\u00e1 custear o kit especial para o evento, que \u00e9 composto de camisa, lanche e medalha de participa\u00e7\u00e3o.\u00a0<\/span><\/p>\n<div id=\"attachment_120533\" style=\"width: 609px\" class=\"wp-caption alignnone\"><a href=\"https:\/\/senoticias.com.br\/se\/wp-content\/uploads\/2019\/10\/I-TREIN\u00c3O-DE-SA\u00daDE-MENTAL-DE-ARACAJU-e1571778654743.jpg\"><img loading=\"lazy\" decoding=\"async\" aria-describedby=\"caption-attachment-120533\" class=\"size-full wp-image-120533\" src=\"https:\/\/senoticias.com.br\/se\/wp-content\/uploads\/2019\/10\/I-TREIN\u00c3O-DE-SA\u00daDE-MENTAL-DE-ARACAJU-e1571778654743.jpg\" alt=\"\" width=\"599\" height=\"836\" \/><\/a><p id=\"caption-attachment-120533\" class=\"wp-caption-text\">Inscri\u00e7\u00f5es acontecem at\u00e9 o dia 31 de outubro (foto arte: ascom)<\/p><\/div>\n<p>I Trein\u00e3o da<span lang=\"PT-BR\" style=\"text-align: justify;\">O pagamento das inscri\u00e7\u00f5es pode ser realizado na Equil\u00edbrio\u00a0<\/span><span lang=\"PT-BR\" style=\"text-align: justify;\">Cl\u00ednica<\/span><span lang=\"PT-BR\" style=\"text-align: justify;\">\u00a0Dia<\/span><span lang=\"PT-BR\" style=\"text-align: justify;\">\u00a0que fica localizada na Rua Jos\u00e9 Pacheco, 491,\u00a0<\/span><span lang=\"PT-BR\" style=\"text-align: justify;\">Jabotiana<\/span><span lang=\"PT-BR\" style=\"text-align: justify;\">,\u00a0<\/span><span lang=\"PT-BR\" style=\"text-align: justify;\">ou\u00a0<\/span><span lang=\"PT-BR\" style=\"text-align: justify;\">via transfer\u00eancia banc\u00e1ria ou dep\u00f3sito<\/span><span lang=\"PT-BR\" style=\"text-align: justify;\">: Banco Caixa- AG\u00caNCIA 4408- CONTA CORRENTE 777-7 OP 3. Para mais informa\u00e7\u00f5es os interessados devem ligar para (79) 3024-5218 ou (79) 9 9677-5577, ou pelo<\/span><span lang=\"PT-BR\" style=\"text-align: justify;\">\u00a0<strong>Instagram @<\/strong><\/span><strong style=\"text-align: justify;\"><span lang=\"PT-BR\">equilibrioclinicadia<\/span><\/strong><span lang=\"PT-BR\" style=\"text-align: justify;\">.\u00a0<\/span><span style=\"text-align: justify;\">\u00a0<\/span><\/p>\n<\/div>\n<div>\n<p lang=\"PT-BR\" style=\"text-align: justify;\"><span lang=\"PT-BR\">O grande evento comemora os dois anos da Equil\u00edbrio Cl\u00ednica Dia, que se tornou refer\u00eancia em sa\u00fade mental no estado, pioneira ao fazer lan\u00e7amento de livro de paciente com esquizofrenia e a primeira do pa\u00eds a utilizar novo recurso medicamentoso para pacientes que tem esquizofrenia.\u00a0<\/span><\/p>\n<\/div>\n<p lang=\"PT-BR\">\n<p lang=\"PT-BR\"><a href=\"https:\/\/senoticias.com.br\/se\/wp-content\/uploads\/2019\/09\/Logo-novo-fone-1.jpg\"><img loading=\"lazy\" decoding=\"async\" class=\"alignnone size-full wp-image-119884\" src=\"https:\/\/senoticias.com.br\/se\/wp-content\/uploads\/2019\/09\/Logo-novo-fone-1.jpg\" alt=\"\" width=\"599\" height=\"78\" srcset=\"https:\/\/senoticias.com.br\/se\/wp-content\/uploads\/2019\/09\/Logo-novo-fone-1.jpg 599w, https:\/\/senoticias.com.br\/se\/wp-content\/uploads\/2019\/09\/Logo-novo-fone-1-300x39.jpg 300w\" sizes=\"(max-width: 599px) 100vw, 599px\" \/><\/a><\/p>\n<p lang=\"PT-BR\">\n<p lang=\"PT-BR\"><a href=\"https:\/\/senoticias.com.br\/se\/wp-content\/uploads\/2019\/09\/Logo-novo-fone-1.jpg\"><em><strong>Acompanhe tamb\u00e9m o SE Not\u00edcias no\u00a0<\/strong><\/em><\/a><em><strong><a href=\"https:\/\/twitter.com\/Senoticias\" target=\"_blank\" rel=\"noopener\">Twitter<\/a>,\u00a0<a href=\"https:\/\/www.facebook.com\/senoticias1\" target=\"_blank\" rel=\"noopener\">Facebook<\/a>\u00a0e no\u00a0<a href=\"https:\/\/www.instagram.com\/senoticias\/\" target=\"_blank\" rel=\"noopener\">Instagram<\/a><\/strong><\/em><\/p>\n<p lang=\"PT-BR\">\n<p lang=\"PT-BR\"><em>Por Rodrigo Alves, da assessoria de imprensa<\/em><\/p>\n","protected":false},"excerpt":{"rendered":"<p>Profissionais de sa\u00fade, atletas e toda a comunidade est\u00e3o convidados a participar doque acontece no s\u00e1bado, 23 de novembro.\u00a0O circuito da atividade, que tem 3 Km, ser\u00e1 realizado \u00e0s 07h00\u00a0no Parque Augusto Franco no Bairro Jardins, (Parque da Sementeira)\u00a0e tamb\u00e9m contar\u00e1 com outras a\u00e7\u00f5es especiais.\u00a0As inscri\u00e7\u00f5es est\u00e3o abertas at\u00e9 o dia 31 de outubro e [&hellip;]<\/p>\n","protected":false},"author":6552,"featured_media":120533,"comment_status":"closed","ping_status":"closed","sticky":false,"template":"","format":"standard","meta":{"footnotes":""},"categories":[15,8],"tags":[13123,13272,13274,13273],"class_list":{"0":"post-120532","1":"post","2":"type-post","3":"status-publish","4":"format-standard","5":"has-post-thumbnail","7":"category-destaques","8":"category-esporte-e-cultura","9":"tag-equilibrio-clinica-dia","10":"tag-i-treinao-da-saude-mental","11":"tag-lar-de-idosos-same","12":"tag-saude-mental"},"_links":{"self":[{"href":"https:\/\/senoticias.com.br\/se\/wp-json\/wp\/v2\/posts\/120532"}],"collection":[{"href":"https:\/\/senoticias.com.br\/se\/wp-json\/wp\/v2\/posts"}],"about":[{"href":"https:\/\/senoticias.com.br\/se\/wp-json\/wp\/v2\/types\/post"}],"author":[{"embeddable":true,"href":"https:\/\/senoticias.com.br\/se\/wp-json\/wp\/v2\/users\/6552"}],"replies":[{"embeddable":true,"href":"https:\/\/senoticias.com.br\/se\/wp-json\/wp\/v2\/comments?post=120532"}],"version-history":[{"count":0,"href":"https:\/\/senoticias.com.br\/se\/wp-json\/wp\/v2\/posts\/120532\/revisions"}],"wp:featuredmedia":[{"embeddable":true,"href":"https:\/\/senoticias.com.br\/se\/wp-json\/wp\/v2\/media\/120533"}],"wp:attachment":[{"href":"https:\/\/senoticias.com.br\/se\/wp-json\/wp\/v2\/media?parent=120532"}],"wp:term":[{"taxonomy":"category","embeddable":true,"href":"https:\/\/senoticias.com.br\/se\/wp-json\/wp\/v2\/categories?post=120532"},{"taxonomy":"post_tag","embeddable":true,"href":"https:\/\/senoticias.com.br\/se\/wp-json\/wp\/v2\/tags?post=120532"}],"curies":[{"name":"wp","href":"https:\/\/api.w.org\/{rel}","templated":true}]}}