{"id":120524,"date":"2019-10-22T11:03:40","date_gmt":"2019-10-22T14:03:40","guid":{"rendered":"https:\/\/senoticias.com.br\/se\/?p=120524"},"modified":"2019-10-24T06:08:15","modified_gmt":"2019-10-24T09:08:15","slug":"oleo-presidente-em-exercicio-visitara-sergipe-nesta-quinta-24","status":"publish","type":"post","link":"https:\/\/senoticias.com.br\/se\/oleo-presidente-em-exercicio-visitara-sergipe-nesta-quinta-24\/","title":{"rendered":"\u00d3leo: presidente em exerc\u00edcio visitar\u00e1 Sergipe nesta quinta, 24"},"content":{"rendered":"<p style=\"text-align: justify;\">O presidente do Senado Federal Davi Alcolumbre visitar\u00e1 o Estado de Sergipe nesta quinta-feira, 24, para verificar a situa\u00e7\u00e3o das manchas de \u00f3leo. A assessoria de comunica\u00e7\u00e3o do Senado Federal, confirmou a informa\u00e7\u00e3o da visita, mas informou que a agenda com toda programa\u00e7\u00e3o ainda n\u00e3o foi liberada.<\/p>\n<div id=\"attachment_120525\" style=\"width: 560px\" class=\"wp-caption aligncenter\"><a href=\"https:\/\/senoticias.com.br\/se\/wp-content\/uploads\/2019\/10\/davi-alcolumbre-foto-fabio-rodrigues-pozzebom-agencia-brasil-22102019.jpg\"><img loading=\"lazy\" decoding=\"async\" aria-describedby=\"caption-attachment-120525\" class=\"size-full wp-image-120525\" src=\"https:\/\/senoticias.com.br\/se\/wp-content\/uploads\/2019\/10\/davi-alcolumbre-foto-fabio-rodrigues-pozzebom-agencia-brasil-22102019.jpg\" alt=\"\" width=\"550\" height=\"366\" srcset=\"https:\/\/senoticias.com.br\/se\/wp-content\/uploads\/2019\/10\/davi-alcolumbre-foto-fabio-rodrigues-pozzebom-agencia-brasil-22102019.jpg 550w, https:\/\/senoticias.com.br\/se\/wp-content\/uploads\/2019\/10\/davi-alcolumbre-foto-fabio-rodrigues-pozzebom-agencia-brasil-22102019-300x200.jpg 300w, https:\/\/senoticias.com.br\/se\/wp-content\/uploads\/2019\/10\/davi-alcolumbre-foto-fabio-rodrigues-pozzebom-agencia-brasil-22102019-90x60.jpg 90w, https:\/\/senoticias.com.br\/se\/wp-content\/uploads\/2019\/10\/davi-alcolumbre-foto-fabio-rodrigues-pozzebom-agencia-brasil-22102019-180x120.jpg 180w, https:\/\/senoticias.com.br\/se\/wp-content\/uploads\/2019\/10\/davi-alcolumbre-foto-fabio-rodrigues-pozzebom-agencia-brasil-22102019-95x64.jpg 95w\" sizes=\"(max-width: 550px) 100vw, 550px\" \/><\/a><p id=\"caption-attachment-120525\" class=\"wp-caption-text\">O presidente do Senado, Davi Alcolumbre, vir\u00e1 ao estado como presidente em Exerc\u00edcio (Foto: F\u00e1bio Rodrigues Pozzebom\/ Ag\u00eancia Brasil<\/p><\/div>\n<p style=\"text-align: justify;\">Davi Alcolumbre visitar\u00e1 mais dois estados do Nordeste como presidente em exerc\u00edcio. Ele toma posse nesta quarta-feira, 23, \u00e0s 14h, quando o presidente Jair Bolsonaro permanece em viagem \u00e0 \u00c1sia e o vice-presidente, Hamilton Mour\u00e3o, estar\u00e1 no Peru de 23 a 25.<\/p>\n<p style=\"text-align: justify;\">A passagem pelo cargo ocorre pela combina\u00e7\u00e3o de viagens de autoridades que est\u00e3o na linha de sucess\u00e3o do presidente.<\/p>\n<p style=\"text-align: justify;\">por Raquel Almeida, do portal Infonet<\/p>\n<p><a href=\"https:\/\/senoticias.com.br\/se\/wp-content\/uploads\/2019\/09\/Logo-novo-fone-1.jpg\"><img loading=\"lazy\" decoding=\"async\" class=\"aligncenter size-full wp-image-119884\" src=\"https:\/\/senoticias.com.br\/se\/wp-content\/uploads\/2019\/09\/Logo-novo-fone-1.jpg\" alt=\"\" width=\"599\" height=\"78\" srcset=\"https:\/\/senoticias.com.br\/se\/wp-content\/uploads\/2019\/09\/Logo-novo-fone-1.jpg 599w, https:\/\/senoticias.com.br\/se\/wp-content\/uploads\/2019\/09\/Logo-novo-fone-1-300x39.jpg 300w\" sizes=\"(max-width: 599px) 100vw, 599px\" \/><\/a><\/p>\n<p><a href=\"https:\/\/senoticias.com.br\/se\/wp-content\/uploads\/2019\/09\/Logo-novo-fone-1.jpg\"><em><strong>Acompanhe tamb\u00e9m o SE Not\u00edcias no\u00a0<\/strong><\/em><\/a><em><strong><a href=\"https:\/\/twitter.com\/Senoticias\" target=\"_blank\" rel=\"noopener\">Twitter<\/a>,\u00a0<a href=\"https:\/\/www.facebook.com\/senoticias1\" target=\"_blank\" rel=\"noopener\">Facebook<\/a>\u00a0e no\u00a0<a href=\"https:\/\/www.instagram.com\/senoticias\/\" target=\"_blank\" rel=\"noopener\">Instagram<\/a><\/strong><\/em><\/p>\n","protected":false},"excerpt":{"rendered":"<p>O presidente do Senado Federal Davi Alcolumbre visitar\u00e1 o Estado de Sergipe nesta quinta-feira, 24, para verificar a situa\u00e7\u00e3o das manchas de \u00f3leo. A assessoria de comunica\u00e7\u00e3o do Senado Federal, confirmou a informa\u00e7\u00e3o da visita, mas informou que a agenda com toda programa\u00e7\u00e3o ainda n\u00e3o foi liberada. Davi Alcolumbre visitar\u00e1 mais dois estados do Nordeste [&hellip;]<\/p>\n","protected":false},"author":6557,"featured_media":0,"comment_status":"closed","ping_status":"closed","sticky":false,"template":"","format":"standard","meta":{"footnotes":""},"categories":[15,6],"tags":[13269,13181,13268,223,2868],"class_list":{"0":"post-120524","1":"post","2":"type-post","3":"status-publish","4":"format-standard","6":"category-destaques","7":"category-politica","8":"tag-davi-alcolumbre","9":"tag-oleo","10":"tag-presidente-em-exercicio","11":"tag-sergipe","12":"tag-visita"},"_links":{"self":[{"href":"https:\/\/senoticias.com.br\/se\/wp-json\/wp\/v2\/posts\/120524"}],"collection":[{"href":"https:\/\/senoticias.com.br\/se\/wp-json\/wp\/v2\/posts"}],"about":[{"href":"https:\/\/senoticias.com.br\/se\/wp-json\/wp\/v2\/types\/post"}],"author":[{"embeddable":true,"href":"https:\/\/senoticias.com.br\/se\/wp-json\/wp\/v2\/users\/6557"}],"replies":[{"embeddable":true,"href":"https:\/\/senoticias.com.br\/se\/wp-json\/wp\/v2\/comments?post=120524"}],"version-history":[{"count":0,"href":"https:\/\/senoticias.com.br\/se\/wp-json\/wp\/v2\/posts\/120524\/revisions"}],"wp:attachment":[{"href":"https:\/\/senoticias.com.br\/se\/wp-json\/wp\/v2\/media?parent=120524"}],"wp:term":[{"taxonomy":"category","embeddable":true,"href":"https:\/\/senoticias.com.br\/se\/wp-json\/wp\/v2\/categories?post=120524"},{"taxonomy":"post_tag","embeddable":true,"href":"https:\/\/senoticias.com.br\/se\/wp-json\/wp\/v2\/tags?post=120524"}],"curies":[{"name":"wp","href":"https:\/\/api.w.org\/{rel}","templated":true}]}}