{"id":120523,"date":"2019-10-22T10:56:33","date_gmt":"2019-10-22T13:56:33","guid":{"rendered":"https:\/\/senoticias.com.br\/se\/?p=120523"},"modified":"2019-10-22T17:28:20","modified_gmt":"2019-10-22T20:28:20","slug":"em-itaporanga-cabo-da-pmse-e-preso-acusado-de-chefiar-esquema-de-roubo-e-desmanche-de-carros","status":"publish","type":"post","link":"https:\/\/senoticias.com.br\/se\/em-itaporanga-cabo-da-pmse-e-preso-acusado-de-chefiar-esquema-de-roubo-e-desmanche-de-carros\/","title":{"rendered":"Em Itaporanga, Cabo da PMSE \u00e9 preso acusado de chefiar esquema de roubo e desmanche de carros"},"content":{"rendered":"<p>&nbsp;<\/p>\n<p style=\"text-align: justify;\">A Divis\u00e3o de Roubos e Furtos de Ve\u00edculos (DRFV) da Pol\u00edcia Civil e equipes do Batalh\u00e3o de Pol\u00edcia de Radiopatrulha cumpriram um mandado de pris\u00e3o preventiva na manh\u00e3 desta ter\u00e7a-feira, 22, no munic\u00edpio de Itaporanga D\u2019Ajuda, em desfavor do cabo PM Jos\u00e9 Luiz de Souza, suspeito de ser o chefe de uma organiza\u00e7\u00e3o criminosa que encomendava roubos, desmanche e venda de pe\u00e7as de ve\u00edculos.<\/p>\n<div id=\"attachment_120530\" style=\"width: 560px\" class=\"wp-caption alignnone\"><a href=\"https:\/\/senoticias.com.br\/se\/wp-content\/uploads\/2019\/10\/DRFV.jpg\"><img loading=\"lazy\" decoding=\"async\" aria-describedby=\"caption-attachment-120530\" class=\"size-full wp-image-120530\" src=\"https:\/\/senoticias.com.br\/se\/wp-content\/uploads\/2019\/10\/DRFV.jpg\" alt=\"\" width=\"550\" height=\"253\" srcset=\"https:\/\/senoticias.com.br\/se\/wp-content\/uploads\/2019\/10\/DRFV.jpg 550w, https:\/\/senoticias.com.br\/se\/wp-content\/uploads\/2019\/10\/DRFV-300x138.jpg 300w\" sizes=\"(max-width: 550px) 100vw, 550px\" \/><\/a><p id=\"caption-attachment-120530\" class=\"wp-caption-text\">Segundo a Divis\u00e3o de Roubos e Furtos de Ve\u00edculos (DRFV) da Pol\u00edcia Civil, o militar foi preso em sua resid\u00eancia na cidade de Itaporanga D\u2019Ajuda (foto: SSP\/SE)<\/p><\/div>\n<p style=\"text-align: justify;\">De acordo com o delegado K\u00e1ssio Viana, a pris\u00e3o do policial militar \u00e9 um desdobramento de uma opera\u00e7\u00e3o que prendeu os ladr\u00f5es de carro Michael Pereira da Silva Dias, conhecido por \u201cNeguinho\u201d e Jo\u00e3o Victor Silva Santos, \u201cVitinho\u201d, no dia 2 de agosto deste ano. As investiga\u00e7\u00f5es seguiram a fim de conhecer quem encomendava os roubos e qual era a destina\u00e7\u00e3o dos autom\u00f3veis roubados.<\/p>\n<p style=\"text-align: justify;\">\u201cDescobrimos que quem encomendava os ve\u00edculos era Jos\u00e9 Luiz de Souza. Ele tamb\u00e9m organizava a parte de desmanche e venda de pe\u00e7as. Fomos at\u00e9 um galp\u00e3o que pertencia a ele no Guajar\u00e1, em Socorro, e l\u00e1 encontramos um ve\u00edculo roubado e diversos carros desmanchados\u201d, explicou o delegado.<\/p>\n<p style=\"text-align: justify;\">Com base nisso e nas informa\u00e7\u00f5es colhidas nos autos do inqu\u00e9rito, a Pol\u00edcia Civil confirmou que Jos\u00e9 Luiz era o chefe da organiza\u00e7\u00e3o e que tinha um parceiro de nome Ed\u00eanio Menezes dos Santos. \u201cEd\u00eanio tem mandado de pris\u00e3o em aberto, mas n\u00e3o foi localizado na manh\u00e3 desta ter\u00e7a-feira e encontra-se foragido. Cabia a Ed\u00eanio fazer o contato direto com os ladr\u00f5es de carro e a Jos\u00e9 Luiz desmanchar os ve\u00edculos e vender as pe\u00e7as fracionadas\u201d, destacou o delegado.<\/p>\n<p style=\"text-align: justify;\"><strong>Lisura da Pol\u00edcia Militar<\/strong><\/p>\n<p style=\"text-align: justify;\">O delegado K\u00e1ssio Viana enalteceu a institui\u00e7\u00e3o e disse que a Pol\u00edcia Militar \u00e9 s\u00e9ria e n\u00e3o compactua com desvios. \u201cTrata-se de uma pessoa que trabalha num \u00f3rg\u00e3o e que acabou se desviando de sua fun\u00e7\u00e3o de policial e passou agir como criminoso. Dessa forma, ele ser\u00e1 tratado como uma pessoa que praticou crimes e n\u00e3o como policial, pois o policial trabalha para proteger a popula\u00e7\u00e3o. A maioria absoluta das nossas pol\u00edcias \u00e9 assim. Quem se envereda para o lado do crime n\u00e3o pode ser considerado policial. Infelizmente, ele est\u00e1 na institui\u00e7\u00e3o, mas tenho convic\u00e7\u00e3o de que depois que a Pol\u00edcia Militar receber a vasta documenta\u00e7\u00e3o probat\u00f3ria que liga um de seus membros ao mundo do crime tomar\u00e1 as provid\u00eancias necess\u00e1rias para aplicar a puni\u00e7\u00e3o devida\u201d.<\/p>\n<p>Jos\u00e9 Luiz de Souza estava afastado da Pol\u00edcia Militar por problemas de sa\u00fade e n\u00e3o esbo\u00e7ou rea\u00e7\u00e3o ao ser preso pelos policiais civis e militares.<\/p>\n<p>&nbsp;<\/p>\n<p><a href=\"https:\/\/senoticias.com.br\/se\/wp-content\/uploads\/2019\/09\/Logo-novo-fone-1.jpg\"><img loading=\"lazy\" decoding=\"async\" class=\"alignnone size-full wp-image-119884\" src=\"https:\/\/senoticias.com.br\/se\/wp-content\/uploads\/2019\/09\/Logo-novo-fone-1.jpg\" alt=\"\" width=\"599\" height=\"78\" srcset=\"https:\/\/senoticias.com.br\/se\/wp-content\/uploads\/2019\/09\/Logo-novo-fone-1.jpg 599w, https:\/\/senoticias.com.br\/se\/wp-content\/uploads\/2019\/09\/Logo-novo-fone-1-300x39.jpg 300w\" sizes=\"(max-width: 599px) 100vw, 599px\" \/><\/a><\/p>\n<p>&nbsp;<\/p>\n<p><a href=\"https:\/\/senoticias.com.br\/se\/wp-content\/uploads\/2019\/09\/Logo-novo-fone-1.jpg\"><em><strong>Acompanhe tamb\u00e9m o SE Not\u00edcias no\u00a0<\/strong><\/em><\/a><em><strong><a href=\"https:\/\/twitter.com\/Senoticias\" target=\"_blank\" rel=\"noopener\">Twitter<\/a>,\u00a0<a href=\"https:\/\/www.facebook.com\/senoticias1\" target=\"_blank\" rel=\"noopener\">Facebook<\/a>\u00a0e no\u00a0<a href=\"https:\/\/www.instagram.com\/senoticias\/\" target=\"_blank\" rel=\"noopener\">Instagram<\/a><\/strong><\/em><\/p>\n<p>&nbsp;<\/p>\n<p><em>Mat\u00e9ria extra\u00edda do<a href=\"https:\/\/www.ssp.se.gov.br\/Noticias\/Detalhes?idNoticia=14200\"><strong> site<\/strong> <\/a>da SSP\/SE<\/em><\/p>\n","protected":false},"excerpt":{"rendered":"<p>&nbsp; A Divis\u00e3o de Roubos e Furtos de Ve\u00edculos (DRFV) da Pol\u00edcia Civil e equipes do Batalh\u00e3o de Pol\u00edcia de Radiopatrulha cumpriram um mandado de pris\u00e3o preventiva na manh\u00e3 desta ter\u00e7a-feira, 22, no munic\u00edpio de Itaporanga D\u2019Ajuda, em desfavor do cabo PM Jos\u00e9 Luiz de Souza, suspeito de ser o chefe de uma organiza\u00e7\u00e3o criminosa [&hellip;]<\/p>\n","protected":false},"author":6557,"featured_media":120530,"comment_status":"closed","ping_status":"closed","sticky":false,"template":"","format":"standard","meta":{"footnotes":""},"categories":[15,7,1],"tags":[13270,13271,7899,10548],"class_list":{"0":"post-120523","1":"post","2":"type-post","3":"status-publish","4":"format-standard","5":"has-post-thumbnail","7":"category-destaques","8":"category-policia","9":"category-sem-categoria","10":"tag-cabo-da-pm","11":"tag-cabo-da-policia-militar","12":"tag-delegado-kassio-viana","13":"tag-roubos-e-furtos-de-veiculos"},"_links":{"self":[{"href":"https:\/\/senoticias.com.br\/se\/wp-json\/wp\/v2\/posts\/120523"}],"collection":[{"href":"https:\/\/senoticias.com.br\/se\/wp-json\/wp\/v2\/posts"}],"about":[{"href":"https:\/\/senoticias.com.br\/se\/wp-json\/wp\/v2\/types\/post"}],"author":[{"embeddable":true,"href":"https:\/\/senoticias.com.br\/se\/wp-json\/wp\/v2\/users\/6557"}],"replies":[{"embeddable":true,"href":"https:\/\/senoticias.com.br\/se\/wp-json\/wp\/v2\/comments?post=120523"}],"version-history":[{"count":0,"href":"https:\/\/senoticias.com.br\/se\/wp-json\/wp\/v2\/posts\/120523\/revisions"}],"wp:featuredmedia":[{"embeddable":true,"href":"https:\/\/senoticias.com.br\/se\/wp-json\/wp\/v2\/media\/120530"}],"wp:attachment":[{"href":"https:\/\/senoticias.com.br\/se\/wp-json\/wp\/v2\/media?parent=120523"}],"wp:term":[{"taxonomy":"category","embeddable":true,"href":"https:\/\/senoticias.com.br\/se\/wp-json\/wp\/v2\/categories?post=120523"},{"taxonomy":"post_tag","embeddable":true,"href":"https:\/\/senoticias.com.br\/se\/wp-json\/wp\/v2\/tags?post=120523"}],"curies":[{"name":"wp","href":"https:\/\/api.w.org\/{rel}","templated":true}]}}