{"id":120473,"date":"2019-10-17T21:05:20","date_gmt":"2019-10-18T00:05:20","guid":{"rendered":"https:\/\/senoticias.com.br\/se\/?p=120473"},"modified":"2019-10-17T21:15:50","modified_gmt":"2019-10-18T00:15:50","slug":"120473-2","status":"publish","type":"post","link":"https:\/\/senoticias.com.br\/se\/120473-2\/","title":{"rendered":"Trilh\u00e3o da Cidade Hist\u00f3rica acontecer\u00e1 domingo, 20; saiba como se inscrever"},"content":{"rendered":"<p style=\"text-align: justify;\">Neste domingo, 20 de outubro, os amantes de trilhas de <strong>Mountain Bike<\/strong> ter\u00e3o mais uma oportunidade de exercer sua paix\u00e3o com a primeira edi\u00e7\u00e3o do Trilh\u00e3o da Cidade Hist\u00f3rica, em S\u00e3o Crist\u00f3v\u00e3o. Com sa\u00edda da Pra\u00e7a S\u00e3o Francisco a partir das 7h, o Trilh\u00e3o ter\u00e1 percurso de 30 km de percurso.<\/p>\n<p style=\"text-align: justify;\">O Trilh\u00e3o Cidade Hist\u00f3rica contar\u00e1 com carro de apoio, caf\u00e9 da manh\u00e3, pontos de hidrata\u00e7\u00e3o, mec\u00e2nicos, ambul\u00e2ncia, base de sa\u00fade, sorteio de brindes e acesso a teste de bikes modelo 2020. A realiza\u00e7\u00e3o tamb\u00e9m incluir\u00e1 apresenta\u00e7\u00e3o de grupo folcl\u00f3rico, caf\u00e9 da manh\u00e3, aquecimento e FitDance, pontos de hidrata\u00e7\u00e3o, sorteio de pr\u00eamios e desafios.<\/p>\n<div id=\"attachment_120480\" style=\"width: 609px\" class=\"wp-caption alignnone\"><a href=\"https:\/\/senoticias.com.br\/se\/wp-content\/uploads\/2019\/10\/trilhao-e1571357324200.jpeg\"><img loading=\"lazy\" decoding=\"async\" aria-describedby=\"caption-attachment-120480\" class=\"size-full wp-image-120480\" src=\"https:\/\/senoticias.com.br\/se\/wp-content\/uploads\/2019\/10\/trilhao-e1571357324200.jpeg\" alt=\"\" width=\"599\" height=\"372\" \/><\/a><p id=\"caption-attachment-120480\" class=\"wp-caption-text\">Trilh\u00e3o acontecer\u00e1 domingo em S\u00e3o Crist\u00f3v\u00e3o (foto arte: ascom\/Evento)<\/p><\/div>\n<p style=\"text-align: justify;\">Por se tratar de um evento comemorativo, sem objetivo classificat\u00f3rio, n\u00e3o haver\u00e1 cronometragem oficial do tempo individual, cada participante poder\u00e1 opcionalmente cronometrar seu pr\u00f3prio tempo.<\/p>\n<p style=\"text-align: justify;\">\u201c Temos uma expectativa positiva para a realiza\u00e7\u00e3o do evento, e acreditamos que o trabalho de divulga\u00e7\u00e3o foi feito com \u00eaxito pelos envolvidos. Com isso, no domingo esperamos uma grande ades\u00e3o daqueles que gostam do ciclismo em Sergipe, e que pessoas de outras cidades possam tamb\u00e9m se inscrever e conhecer as belezas naturais de S\u00e3o Crist\u00f3v\u00e3o, e propagar, ainda, a presen\u00e7a do esporte no munic\u00edpio hist\u00f3rico\u201d destaca o coordenador do evento, F\u00e1bio Andr\u00e9.<\/p>\n<p style=\"text-align: justify;\">Para que o participante tenha acesso ao caf\u00e9 da manh\u00e3, antes de iniciar o roteiro, \u00e9 preciso que seja feito a inscri\u00e7\u00e3o atrav\u00e9s do <a href=\"https:\/\/www.sympla.com.br\/1-trilhao-cidade-historica__649431\"><strong>site sympla<\/strong><\/a>, caso contr\u00e1rio, n\u00e3o poder\u00e1 realizar a refei\u00e7\u00e3o.<\/p>\n<p style=\"text-align: justify;\">De acordo com a organiza\u00e7\u00e3o do evento, o percurso ser\u00e1 pelas seguintes ruas:<\/p>\n<p style=\"text-align: justify;\">Rua Le\u00e3o Magno, rua Messias Prado (antiga rua das Flores), Pra\u00e7a do Carmo, rua Tobias Barreto, Pra\u00e7a da Matriz, Ladeira Maria Georgeta C\u00e9sar Prado, Pra\u00e7a da B\u00edblia,\u00a0 rua Gracho Cardoso, rua Marechal Deodoro, Avenida Santo Ant\u00f4nio (estrada do Catamar\u00e3), estrada do Candeal,\u00a0 Caipe Velho, estrada nova em dire\u00e7\u00e3o ao povoado Chica, povoado Pedreiras,\u00a0 retorno para Pra\u00e7a S\u00e3o Francisco.<\/p>\n<p style=\"text-align: justify;\">O evento contar\u00e1 com a presen\u00e7a do Grupamento Especial T\u00e1tico de Motos (GETAM) e Superintend\u00eancia Municipal de Transporte e Tr\u00e2nsito (SMTT) de S\u00e3o Crist\u00f3v\u00e3o.<\/p>\n<p style=\"text-align: justify;\">A prefeitura de S\u00e3o Crist\u00f3v\u00e3o apoia o evento.<\/p>\n<p><strong>SERVI\u00c7O:<\/strong><\/p>\n<p>1\u00ba Trilh\u00e3o da Cidade Hist\u00f3rica<br \/>\n<strong>Data:<\/strong> 20 de outubro de 2019<br \/>\n<strong>Local:<\/strong> Pra\u00e7a S\u00e3o Francisco, S\u00e3o Crist\u00f3v\u00e3o\/SE<br \/>\n<strong>Hor\u00e1rio:<\/strong> 7horas<\/p>\n<p>&nbsp;<\/p>\n<p><a href=\"https:\/\/senoticias.com.br\/se\/wp-content\/uploads\/2019\/09\/Logo-novo-fone-1.jpg\"><img loading=\"lazy\" decoding=\"async\" class=\"alignnone size-full wp-image-119884\" src=\"https:\/\/senoticias.com.br\/se\/wp-content\/uploads\/2019\/09\/Logo-novo-fone-1.jpg\" alt=\"\" width=\"599\" height=\"78\" srcset=\"https:\/\/senoticias.com.br\/se\/wp-content\/uploads\/2019\/09\/Logo-novo-fone-1.jpg 599w, https:\/\/senoticias.com.br\/se\/wp-content\/uploads\/2019\/09\/Logo-novo-fone-1-300x39.jpg 300w\" sizes=\"(max-width: 599px) 100vw, 599px\" \/><\/a><\/p>\n<p>&nbsp;<\/p>\n<p><em><strong>Acompanhe tamb\u00e9m o SE Not\u00edcias no\u00a0<a href=\"https:\/\/twitter.com\/Senoticias\" target=\"_blank\" rel=\"noopener\">Twitter<\/a>,\u00a0<a href=\"https:\/\/www.facebook.com\/senoticias1\" target=\"_blank\" rel=\"noopener\">Facebook<\/a>\u00a0e no\u00a0<a href=\"https:\/\/www.instagram.com\/senoticias\/\" target=\"_blank\" rel=\"noopener\">Instagram<\/a><\/strong><\/em><\/p>\n<p><em><strong>Reda\u00e7\u00e3o SE Not\u00edcias<\/strong><\/em><\/p>\n","protected":false},"excerpt":{"rendered":"<p>Neste domingo, 20 de outubro, os amantes de trilhas de Mountain Bike ter\u00e3o mais uma oportunidade de exercer sua paix\u00e3o com a primeira edi\u00e7\u00e3o do Trilh\u00e3o da Cidade Hist\u00f3rica, em S\u00e3o Crist\u00f3v\u00e3o. Com sa\u00edda da Pra\u00e7a S\u00e3o Francisco a partir das 7h, o Trilh\u00e3o ter\u00e1 percurso de 30 km de percurso. O Trilh\u00e3o Cidade Hist\u00f3rica [&hellip;]<\/p>\n","protected":false},"author":6552,"featured_media":120480,"comment_status":"closed","ping_status":"closed","sticky":false,"template":"","format":"standard","meta":{"footnotes":""},"categories":[15,38,1],"tags":[5500,13245,335,13244,13243,13246],"class_list":{"0":"post-120473","1":"post","2":"type-post","3":"status-publish","4":"format-standard","5":"has-post-thumbnail","7":"category-destaques","8":"category-municipios","9":"category-sem-categoria","10":"tag-ciclismo","11":"tag-mountain-bike","12":"tag-sao-cristovao","13":"tag-trilhao","14":"tag-trilhao-bikes","15":"tag-trilhao-da-cidade-historica"},"_links":{"self":[{"href":"https:\/\/senoticias.com.br\/se\/wp-json\/wp\/v2\/posts\/120473"}],"collection":[{"href":"https:\/\/senoticias.com.br\/se\/wp-json\/wp\/v2\/posts"}],"about":[{"href":"https:\/\/senoticias.com.br\/se\/wp-json\/wp\/v2\/types\/post"}],"author":[{"embeddable":true,"href":"https:\/\/senoticias.com.br\/se\/wp-json\/wp\/v2\/users\/6552"}],"replies":[{"embeddable":true,"href":"https:\/\/senoticias.com.br\/se\/wp-json\/wp\/v2\/comments?post=120473"}],"version-history":[{"count":0,"href":"https:\/\/senoticias.com.br\/se\/wp-json\/wp\/v2\/posts\/120473\/revisions"}],"wp:featuredmedia":[{"embeddable":true,"href":"https:\/\/senoticias.com.br\/se\/wp-json\/wp\/v2\/media\/120480"}],"wp:attachment":[{"href":"https:\/\/senoticias.com.br\/se\/wp-json\/wp\/v2\/media?parent=120473"}],"wp:term":[{"taxonomy":"category","embeddable":true,"href":"https:\/\/senoticias.com.br\/se\/wp-json\/wp\/v2\/categories?post=120473"},{"taxonomy":"post_tag","embeddable":true,"href":"https:\/\/senoticias.com.br\/se\/wp-json\/wp\/v2\/tags?post=120473"}],"curies":[{"name":"wp","href":"https:\/\/api.w.org\/{rel}","templated":true}]}}