{"id":120444,"date":"2019-10-15T09:14:23","date_gmt":"2019-10-15T12:14:23","guid":{"rendered":"https:\/\/senoticias.com.br\/se\/?p=120444"},"modified":"2019-10-15T09:14:23","modified_gmt":"2019-10-15T12:14:23","slug":"publicado-decreto-que-regulamenta-o-trabalho-temporario","status":"publish","type":"post","link":"https:\/\/senoticias.com.br\/se\/publicado-decreto-que-regulamenta-o-trabalho-temporario\/","title":{"rendered":"Publicado decreto que regulamenta o trabalho tempor\u00e1rio"},"content":{"rendered":"<p style=\"text-align: justify;\">O decreto que regulamenta o trabalho tempor\u00e1rio, e que trata a Lei n\u00ba 6.019, de 3 de janeiro de 1974, est\u00e1 publicado no Di\u00e1rio Oficial da Uni\u00e3o desta ter\u00e7a-feira (15). O documento assinado nessa segunda-feira (14) pelo presidente da Rep\u00fablica, Jair Bolsonaro, define trabalho tempor\u00e1rio como \u201caquele prestado por pessoa f\u00edsica contratada por uma empresa de trabalho tempor\u00e1rio que a coloca \u00e0 disposi\u00e7\u00e3o de uma empresa tomadora de servi\u00e7os ou cliente, para atender \u00e0 necessidade de substitui\u00e7\u00e3o transit\u00f3ria de pessoal permanente ou \u00e0 demanda complementar de servi\u00e7os\u201d.<\/p>\n<div id=\"attachment_120446\" style=\"width: 560px\" class=\"wp-caption aligncenter\"><a href=\"https:\/\/senoticias.com.br\/se\/wp-content\/uploads\/2019\/10\/publicado-decreto-que-regulamenta-o-trabalho-temporario-e1571141528516.jpg\"><img loading=\"lazy\" decoding=\"async\" aria-describedby=\"caption-attachment-120446\" class=\"size-full wp-image-120446\" src=\"https:\/\/senoticias.com.br\/se\/wp-content\/uploads\/2019\/10\/publicado-decreto-que-regulamenta-o-trabalho-temporario-e1571141528516.jpg\" alt=\"\" width=\"550\" height=\"296\" \/><\/a><p id=\"caption-attachment-120446\" class=\"wp-caption-text\">Imagem\/ Reprodu\u00e7\u00e3o Internet<\/p><\/div>\n<p style=\"text-align: justify;\">O decreto diz ainda que ao trabalhador tempor\u00e1rio s\u00e3o assegurados direitos como: remunera\u00e7\u00e3o equivalente \u00e0quela percebida pelos empregados da mesma categoria da empresa tomadora de servi\u00e7os ou cliente, calculada \u00e0 base hor\u00e1ria, garantido, em qualquer hip\u00f3tese, o sal\u00e1rio-m\u00ednimo regional; pagamento de f\u00e9rias proporcionais, calculado na base de um doze avos do \u00faltimo sal\u00e1rio percebido, por m\u00eas trabalhado.<\/p>\n<p style=\"text-align: justify;\">A jornada de trabalho ser\u00e1 de, no m\u00e1ximo, 8 horas di\u00e1rias, podendo ter dura\u00e7\u00e3o superior a 8 horas na hip\u00f3tese de a empresa tomadora de servi\u00e7os ou cliente utilizar jornada de trabalho espec\u00edfica. &#8220;As horas que excederem \u00e0 jornada normal de trabalho ser\u00e3o remuneradas com acr\u00e9scimo de, no m\u00ednimo, 50%, e assegurado o acr\u00e9scimo de, no m\u00ednimo, 20% de sua remunera\u00e7\u00e3o quando trabalhar no per\u00edodo noturno&#8221;.<\/p>\n<p style=\"text-align: justify;\">Sobre a empresa prestadora de trabalho tempor\u00e1rio, o decreto diz que ela fica obrigada a apresentar \u00e0 fiscaliza\u00e7\u00e3o, quando solicitada, o contrato celebrado com o trabalhador tempor\u00e1rio, a comprova\u00e7\u00e3o do recolhimento das contribui\u00e7\u00f5es previdenci\u00e1rias e os demais documentos comprobat\u00f3rios do cumprimento das obriga\u00e7\u00f5es estabelecidas pelo decreto que regulamenta a atividade.<\/p>\n<p style=\"text-align: justify;\">Leia o Decreto n\u00ba 10.060, de14 de outubro de 2019, que regulamenta o trabalho tempor\u00e1rio. Ele entra em vigor a partir de hoje, data de sua publica\u00e7\u00e3o.<\/p>\n<p>Por Ag\u00eancia Brasil<\/p>\n<p><a href=\"https:\/\/senoticias.com.br\/se\/wp-content\/uploads\/2019\/09\/Logo-novo-fone-1.jpg\"><img loading=\"lazy\" decoding=\"async\" class=\"aligncenter size-full wp-image-119884\" src=\"https:\/\/senoticias.com.br\/se\/wp-content\/uploads\/2019\/09\/Logo-novo-fone-1.jpg\" alt=\"\" width=\"599\" height=\"78\" srcset=\"https:\/\/senoticias.com.br\/se\/wp-content\/uploads\/2019\/09\/Logo-novo-fone-1.jpg 599w, https:\/\/senoticias.com.br\/se\/wp-content\/uploads\/2019\/09\/Logo-novo-fone-1-300x39.jpg 300w\" sizes=\"(max-width: 599px) 100vw, 599px\" \/><\/a><\/p>\n<p><em><strong>Acompanhe tamb\u00e9m o SE Not\u00edcias no\u00a0<a href=\"https:\/\/twitter.com\/Senoticias\" target=\"_blank\" rel=\"noopener\">Twitter<\/a>,\u00a0<a href=\"https:\/\/www.facebook.com\/senoticias1\" target=\"_blank\" rel=\"noopener\">Facebook<\/a>\u00a0e no\u00a0<a href=\"https:\/\/www.instagram.com\/senoticias\/\" target=\"_blank\" rel=\"noopener\">Instagram<\/a><\/strong><\/em><\/p>\n","protected":false},"excerpt":{"rendered":"<p>O decreto que regulamenta o trabalho tempor\u00e1rio, e que trata a Lei n\u00ba 6.019, de 3 de janeiro de 1974, est\u00e1 publicado no Di\u00e1rio Oficial da Uni\u00e3o desta ter\u00e7a-feira (15). O documento assinado nessa segunda-feira (14) pelo presidente da Rep\u00fablica, Jair Bolsonaro, define trabalho tempor\u00e1rio como \u201caquele prestado por pessoa f\u00edsica contratada por uma empresa [&hellip;]<\/p>\n","protected":false},"author":6557,"featured_media":0,"comment_status":"closed","ping_status":"closed","sticky":false,"template":"","format":"standard","meta":{"footnotes":""},"categories":[15,10],"tags":[13223,13224],"class_list":{"0":"post-120444","1":"post","2":"type-post","3":"status-publish","4":"format-standard","6":"category-destaques","7":"category-empregos","8":"tag-decreto-publicado","9":"tag-trabalho-regulamentado"},"_links":{"self":[{"href":"https:\/\/senoticias.com.br\/se\/wp-json\/wp\/v2\/posts\/120444"}],"collection":[{"href":"https:\/\/senoticias.com.br\/se\/wp-json\/wp\/v2\/posts"}],"about":[{"href":"https:\/\/senoticias.com.br\/se\/wp-json\/wp\/v2\/types\/post"}],"author":[{"embeddable":true,"href":"https:\/\/senoticias.com.br\/se\/wp-json\/wp\/v2\/users\/6557"}],"replies":[{"embeddable":true,"href":"https:\/\/senoticias.com.br\/se\/wp-json\/wp\/v2\/comments?post=120444"}],"version-history":[{"count":0,"href":"https:\/\/senoticias.com.br\/se\/wp-json\/wp\/v2\/posts\/120444\/revisions"}],"wp:attachment":[{"href":"https:\/\/senoticias.com.br\/se\/wp-json\/wp\/v2\/media?parent=120444"}],"wp:term":[{"taxonomy":"category","embeddable":true,"href":"https:\/\/senoticias.com.br\/se\/wp-json\/wp\/v2\/categories?post=120444"},{"taxonomy":"post_tag","embeddable":true,"href":"https:\/\/senoticias.com.br\/se\/wp-json\/wp\/v2\/tags?post=120444"}],"curies":[{"name":"wp","href":"https:\/\/api.w.org\/{rel}","templated":true}]}}