{"id":120442,"date":"2019-10-15T08:51:02","date_gmt":"2019-10-15T11:51:02","guid":{"rendered":"https:\/\/senoticias.com.br\/se\/?p=120442"},"modified":"2019-10-15T08:51:02","modified_gmt":"2019-10-15T11:51:02","slug":"pms-afirmam-que-estao-ha-mais-de-sete-anos-sem-reajuste-salarial","status":"publish","type":"post","link":"https:\/\/senoticias.com.br\/se\/pms-afirmam-que-estao-ha-mais-de-sete-anos-sem-reajuste-salarial\/","title":{"rendered":"PMs afirmam que est\u00e3o h\u00e1 mais de sete anos sem reajuste salarial"},"content":{"rendered":"<p style=\"text-align: justify;\">Durante um ato de protesto na Pra\u00e7a Fausto Cardoso na manh\u00e3 desta segunda-feira, 14, policiais militares relaram que est\u00e3o h\u00e1 mais de sete anos sem reajuste salarial e que trabalham em condi\u00e7\u00f5es prec\u00e1rias. Ainda segundo a Associa\u00e7\u00e3o dos Militares do Estado de Sergipe (Amese), o Governo do Estado n\u00e3o sinaliza nenhum di\u00e1logo com a categoria. O Governo, por sua vez, diz que o di\u00e1logo tem sido constante.\u201cEstamos aqui para chamar aten\u00e7\u00e3o das autoridades. Queremos que eles saibam da nossa insatisfa\u00e7\u00e3o\u201d, afirma o sargento Vieira, presidente da Amese. Ainda segundo ele, os policiais militares est\u00e3o h\u00e1 alguns anos sem aumento de sal\u00e1rio. \u201cEstamos h\u00e1 mais de sete anos sem ganho real. \u00c9 dif\u00edcil para um policial sair para trabalhar pensando nas d\u00edvidas que tem\u201d, desabafa. Vieira tamb\u00e9m faz men\u00e7\u00e3o \u00e0s condi\u00e7\u00f5es de trabalho dos agentes miliares. \u201cEu soube que alguns policiais dividem coletes a prova de bala. Isso n\u00e3o pode acontecer\u201d, lamenta.<\/p>\n<div id=\"attachment_120443\" style=\"width: 560px\" class=\"wp-caption aligncenter\"><a href=\"https:\/\/senoticias.com.br\/se\/wp-content\/uploads\/2019\/10\/ato-amese-foto-portal-infonet-14102019.jpg\"><img loading=\"lazy\" decoding=\"async\" aria-describedby=\"caption-attachment-120443\" class=\"size-full wp-image-120443\" src=\"https:\/\/senoticias.com.br\/se\/wp-content\/uploads\/2019\/10\/ato-amese-foto-portal-infonet-14102019.jpg\" alt=\"\" width=\"550\" height=\"330\" srcset=\"https:\/\/senoticias.com.br\/se\/wp-content\/uploads\/2019\/10\/ato-amese-foto-portal-infonet-14102019.jpg 550w, https:\/\/senoticias.com.br\/se\/wp-content\/uploads\/2019\/10\/ato-amese-foto-portal-infonet-14102019-300x180.jpg 300w\" sizes=\"(max-width: 550px) 100vw, 550px\" \/><\/a><p id=\"caption-attachment-120443\" class=\"wp-caption-text\">O ato aconteceu na Pra\u00e7a Fausto Cardoso (Foto: Sargento Vieira\/Amese)<\/p><\/div>\n<p style=\"text-align: justify;\">O presidente do Sindicato dos Policiais Civis (Sinpol), Adriano Bandeira, esteve presente no ato e afirmou que se solidariza com as reivindica\u00e7\u00f5es da categoria. Segundo ele, n\u00e3o h\u00e1 distin\u00e7\u00e3o de servidores quando a causa \u00e9 a mesma. \u201cN\u00e3o h\u00e1 associa\u00e7\u00e3o A ou B. Todos merecem que os seus direitos sejam respeitados\u201d, afirma. Bandeira tamb\u00e9m destaca que ambas as categorias est\u00e3o unidas em prol de um mesmo objetivo. \u201cCompareci ao ato porque acredito na luta unida entre todas as categorias de policiais\u201d, destaca.<\/p>\n<p style=\"text-align: justify;\">O Governo de Sergipe informou que j\u00e1 h\u00e1 tratativas em andamento para que ambas as partes cheguem a um acordo. \u201cO Governo ressalta a grave crise financeira que tem enfrentado, mas est\u00e1 aberto, junto ao comandante-geral da Corpora\u00e7\u00e3o, a defender melhores condi\u00e7\u00f5es de trabalho para os policias. O di\u00e1logo tem acontecido e ser\u00e1 mantido sempre\u201d, destacou a assessoria de comunica\u00e7\u00e3o do Governo do Estado.<\/p>\n<p style=\"text-align: justify;\">por Jo\u00e3o Paulo Schneider<\/p>\n<p><a href=\"https:\/\/senoticias.com.br\/se\/wp-content\/uploads\/2019\/09\/Logo-novo-fone-1.jpg\"><img loading=\"lazy\" decoding=\"async\" class=\"aligncenter size-full wp-image-119884\" src=\"https:\/\/senoticias.com.br\/se\/wp-content\/uploads\/2019\/09\/Logo-novo-fone-1.jpg\" alt=\"\" width=\"599\" height=\"78\" srcset=\"https:\/\/senoticias.com.br\/se\/wp-content\/uploads\/2019\/09\/Logo-novo-fone-1.jpg 599w, https:\/\/senoticias.com.br\/se\/wp-content\/uploads\/2019\/09\/Logo-novo-fone-1-300x39.jpg 300w\" sizes=\"(max-width: 599px) 100vw, 599px\" \/><\/a><\/p>\n<p><em><strong>Acompanhe tamb\u00e9m o SE Not\u00edcias no\u00a0<a href=\"https:\/\/twitter.com\/Senoticias\" target=\"_blank\" rel=\"noopener\">Twitter<\/a>,\u00a0<a href=\"https:\/\/www.facebook.com\/senoticias1\" target=\"_blank\" rel=\"noopener\">Facebook<\/a>\u00a0e no\u00a0<a href=\"https:\/\/www.instagram.com\/senoticias\/\" target=\"_blank\" rel=\"noopener\">Instagram<\/a><\/strong><\/em><\/p>\n","protected":false},"excerpt":{"rendered":"<p>Durante um ato de protesto na Pra\u00e7a Fausto Cardoso na manh\u00e3 desta segunda-feira, 14, policiais militares relaram que est\u00e3o h\u00e1 mais de sete anos sem reajuste salarial e que trabalham em condi\u00e7\u00f5es prec\u00e1rias. Ainda segundo a Associa\u00e7\u00e3o dos Militares do Estado de Sergipe (Amese), o Governo do Estado n\u00e3o sinaliza nenhum di\u00e1logo com a categoria. [&hellip;]<\/p>\n","protected":false},"author":6557,"featured_media":0,"comment_status":"closed","ping_status":"closed","sticky":false,"template":"","format":"standard","meta":{"footnotes":""},"categories":[15,7],"tags":[13222,2935],"class_list":{"0":"post-120442","1":"post","2":"type-post","3":"status-publish","4":"format-standard","6":"category-destaques","7":"category-policia","8":"tag-pms","9":"tag-reajuste-salarial"},"_links":{"self":[{"href":"https:\/\/senoticias.com.br\/se\/wp-json\/wp\/v2\/posts\/120442"}],"collection":[{"href":"https:\/\/senoticias.com.br\/se\/wp-json\/wp\/v2\/posts"}],"about":[{"href":"https:\/\/senoticias.com.br\/se\/wp-json\/wp\/v2\/types\/post"}],"author":[{"embeddable":true,"href":"https:\/\/senoticias.com.br\/se\/wp-json\/wp\/v2\/users\/6557"}],"replies":[{"embeddable":true,"href":"https:\/\/senoticias.com.br\/se\/wp-json\/wp\/v2\/comments?post=120442"}],"version-history":[{"count":0,"href":"https:\/\/senoticias.com.br\/se\/wp-json\/wp\/v2\/posts\/120442\/revisions"}],"wp:attachment":[{"href":"https:\/\/senoticias.com.br\/se\/wp-json\/wp\/v2\/media?parent=120442"}],"wp:term":[{"taxonomy":"category","embeddable":true,"href":"https:\/\/senoticias.com.br\/se\/wp-json\/wp\/v2\/categories?post=120442"},{"taxonomy":"post_tag","embeddable":true,"href":"https:\/\/senoticias.com.br\/se\/wp-json\/wp\/v2\/tags?post=120442"}],"curies":[{"name":"wp","href":"https:\/\/api.w.org\/{rel}","templated":true}]}}