{"id":120402,"date":"2019-10-11T11:20:35","date_gmt":"2019-10-11T14:20:35","guid":{"rendered":"https:\/\/senoticias.com.br\/se\/?p=120402"},"modified":"2019-10-11T11:24:56","modified_gmt":"2019-10-11T14:24:56","slug":"devinho-novaes-e-anna-catarina-participam-do-arrocha-da-sergipe","status":"publish","type":"post","link":"https:\/\/senoticias.com.br\/se\/devinho-novaes-e-anna-catarina-participam-do-arrocha-da-sergipe\/","title":{"rendered":"Devinho Novaes e Anna Catarina participam do Arrocha da Sergipe"},"content":{"rendered":"<p style=\"text-align: justify;\">No dia 8 de novembro acontece o Arrocha da Sergipe com shows de Devinho Novaes, Anna Catarina, Luanzinho Moraes, C\u00e9sar Silva e Samuel &#8211; Menino de Rua. A festa, promovida pela FM Sergipe, ser\u00e1 realizada no Forr\u00f3 do Gonzag\u00e3o, em Aracaju, a partir das 20h.<\/p>\n<div id=\"attachment_120403\" style=\"width: 609px\" class=\"wp-caption aligncenter\"><a href=\"https:\/\/senoticias.com.br\/se\/wp-content\/uploads\/2019\/10\/devinho-novaes-e1570803358649.jpg\"><img loading=\"lazy\" decoding=\"async\" aria-describedby=\"caption-attachment-120403\" class=\"size-full wp-image-120403\" src=\"https:\/\/senoticias.com.br\/se\/wp-content\/uploads\/2019\/10\/devinho-novaes-e1570803358649.jpg\" alt=\"\" width=\"599\" height=\"375\" \/><\/a><p id=\"caption-attachment-120403\" class=\"wp-caption-text\">Cantor Devinho Novaes\u00a0 (foto: Dem\u00e9trius Oliveira\/G1\/Arquivo)<\/p><\/div>\n<p style=\"text-align: justify;\">J\u00e1 no 2\u00ba lote, os ingressos custam R$ 25 (meia-entrada) e R$ 50 (inteira), dispon\u00edveis at\u00e9 durar o estoque.<\/p>\n<p style=\"text-align: justify;\">Confira os pontos de vendas:<br \/>\nPisolar (Avenida Saneamento)<br \/>\nAuto Pe\u00e7as (Bairro Siqueira Campos)<br \/>\nReal Cal\u00e7ados (Cal\u00e7ad\u00e3o da Jo\u00e3o Pessoa, Centro)<br \/>\nLitoral 655 (Cal\u00e7ad\u00e3o da Laranjeiras)<br \/>\nKCell Celulares (Shopping Pr\u00eamio)<br \/>\nDep\u00f3sito de Bebidas Macambira (Bairro Santa Maria)<br \/>\nFarm\u00e1cia Edson (Av. Maracaju\/Bairro Santos Dumont\/Bairro Augusto Franco)<\/p>\n<p>&nbsp;<\/p>\n<p><a href=\"https:\/\/senoticias.com.br\/se\/wp-content\/uploads\/2019\/09\/Logo-novo-fone-1.jpg\"><img loading=\"lazy\" decoding=\"async\" class=\"aligncenter size-full wp-image-119884\" src=\"https:\/\/senoticias.com.br\/se\/wp-content\/uploads\/2019\/09\/Logo-novo-fone-1.jpg\" alt=\"\" width=\"599\" height=\"78\" srcset=\"https:\/\/senoticias.com.br\/se\/wp-content\/uploads\/2019\/09\/Logo-novo-fone-1.jpg 599w, https:\/\/senoticias.com.br\/se\/wp-content\/uploads\/2019\/09\/Logo-novo-fone-1-300x39.jpg 300w\" sizes=\"(max-width: 599px) 100vw, 599px\" \/><\/a><\/p>\n<p>&nbsp;<\/p>\n<p><em><strong>Acompanhe tamb\u00e9m o SE Not\u00edcias no\u00a0<a href=\"https:\/\/twitter.com\/Senoticias\" target=\"_blank\" rel=\"noopener\">Twitter<\/a>,\u00a0<a href=\"https:\/\/www.facebook.com\/senoticias1\" target=\"_blank\" rel=\"noopener\">Facebook<\/a>\u00a0e no\u00a0<a href=\"https:\/\/www.instagram.com\/senoticias\/\" target=\"_blank\" rel=\"noopener\">Instagram<\/a><\/strong><\/em><\/p>\n<p>&nbsp;<\/p>\n<p><em>Por G1 SE<\/em><\/p>\n","protected":false},"excerpt":{"rendered":"<p>No dia 8 de novembro acontece o Arrocha da Sergipe com shows de Devinho Novaes, Anna Catarina, Luanzinho Moraes, C\u00e9sar Silva e Samuel &#8211; Menino de Rua. A festa, promovida pela FM Sergipe, ser\u00e1 realizada no Forr\u00f3 do Gonzag\u00e3o, em Aracaju, a partir das 20h. J\u00e1 no 2\u00ba lote, os ingressos custam R$ 25 (meia-entrada) [&hellip;]<\/p>\n","protected":false},"author":6557,"featured_media":120403,"comment_status":"closed","ping_status":"closed","sticky":false,"template":"","format":"standard","meta":{"footnotes":""},"categories":[15,21],"tags":[13196,13197,10215,11947],"class_list":{"0":"post-120402","1":"post","2":"type-post","3":"status-publish","4":"format-standard","5":"has-post-thumbnail","7":"category-destaques","8":"category-entretenimento","9":"tag-anna-catarina","10":"tag-arrocha-da-sergipe","11":"tag-cantor-devinho-novaes","12":"tag-luanzinho-moraes"},"_links":{"self":[{"href":"https:\/\/senoticias.com.br\/se\/wp-json\/wp\/v2\/posts\/120402"}],"collection":[{"href":"https:\/\/senoticias.com.br\/se\/wp-json\/wp\/v2\/posts"}],"about":[{"href":"https:\/\/senoticias.com.br\/se\/wp-json\/wp\/v2\/types\/post"}],"author":[{"embeddable":true,"href":"https:\/\/senoticias.com.br\/se\/wp-json\/wp\/v2\/users\/6557"}],"replies":[{"embeddable":true,"href":"https:\/\/senoticias.com.br\/se\/wp-json\/wp\/v2\/comments?post=120402"}],"version-history":[{"count":0,"href":"https:\/\/senoticias.com.br\/se\/wp-json\/wp\/v2\/posts\/120402\/revisions"}],"wp:featuredmedia":[{"embeddable":true,"href":"https:\/\/senoticias.com.br\/se\/wp-json\/wp\/v2\/media\/120403"}],"wp:attachment":[{"href":"https:\/\/senoticias.com.br\/se\/wp-json\/wp\/v2\/media?parent=120402"}],"wp:term":[{"taxonomy":"category","embeddable":true,"href":"https:\/\/senoticias.com.br\/se\/wp-json\/wp\/v2\/categories?post=120402"},{"taxonomy":"post_tag","embeddable":true,"href":"https:\/\/senoticias.com.br\/se\/wp-json\/wp\/v2\/tags?post=120402"}],"curies":[{"name":"wp","href":"https:\/\/api.w.org\/{rel}","templated":true}]}}