{"id":120380,"date":"2019-10-10T05:37:31","date_gmt":"2019-10-10T08:37:31","guid":{"rendered":"https:\/\/senoticias.com.br\/se\/?p=120380"},"modified":"2019-10-10T05:37:31","modified_gmt":"2019-10-10T08:37:31","slug":"aeroporto-de-aracaju-ganha-novos-voos-no-mes-de-outubro","status":"publish","type":"post","link":"https:\/\/senoticias.com.br\/se\/aeroporto-de-aracaju-ganha-novos-voos-no-mes-de-outubro\/","title":{"rendered":"Aeroporto de Aracaju ganha novos voos no m\u00eas de outubro"},"content":{"rendered":"<div>\n<p style=\"text-align: justify;\"><span lang=\"PT-BR\">O Aeroporto Internacional de Aracaju\/ Santa Maria (SE) ganhar\u00e1 novas op\u00e7\u00f5es de voos\u00a0<\/span><span lang=\"PT-BR\">a partir deste\u00a0<\/span><span lang=\"PT-BR\">m\u00eas de outubro. Ser\u00e3o oferecidas duas novas rotas, uma da Azul Linhas A\u00e9reas com destino a Campinas e outra da Latam para Guarulhos, em S\u00e3o Paulo.<\/span><\/p>\n<div id=\"attachment_120381\" style=\"width: 609px\" class=\"wp-caption alignnone\"><a href=\"https:\/\/senoticias.com.br\/se\/wp-content\/uploads\/2019\/10\/Aeropoto-de-Aracaju-SE-NOTICIAS-e1570696499146.jpg\"><img loading=\"lazy\" decoding=\"async\" aria-describedby=\"caption-attachment-120381\" class=\"size-full wp-image-120381\" src=\"https:\/\/senoticias.com.br\/se\/wp-content\/uploads\/2019\/10\/Aeropoto-de-Aracaju-SE-NOTICIAS-e1570696499146.jpg\" alt=\"\" width=\"599\" height=\"220\" \/><\/a><p id=\"caption-attachment-120381\" class=\"wp-caption-text\">As novas rotas e frequ\u00eancias ter\u00e3o in\u00edcio a partir do dia 27 de outubro (foto: Infraero)<\/p><\/div>\n<\/div>\n<div style=\"text-align: justify;\">\n<p><span lang=\"PT-BR\">Al\u00e9m disso, os passageiros que desejarem voar para Guarulhos tamb\u00e9m poder\u00e3o contar com mais quatro frequ\u00eancias semanais da Gol, que passar\u00e1 a operar diariamente no terminal sergipano. As novas rotas e frequ\u00eancias ter\u00e3o in\u00edcio a partir do dia 27 de outubro e oferecer\u00e1 um aumento de cerca de\u00a0<\/span><span lang=\"PT-BR\">1\u00a0<\/span><span lang=\"PT-BR\">mil novos assentos para quem optar voar pelo Aeroporto de Aracaju.<\/span><\/p>\n<\/div>\n<div style=\"text-align: justify;\">\n<p><span lang=\"PT-BR\">Os voos com destino a Campinas ser\u00e3o realizados por um Embraer 195, com capacidade para 118 passageiros. O Boeing 737-800 da Gol e o Airbus A321 da Latam far\u00e3o os trechos para Guarulhos, as aeronaves comportam 188 e 220 viajantes respectivamente.\u00a0<\/span><\/p>\n<\/div>\n<div style=\"text-align: justify;\">\n<p><span lang=\"PT-BR\">Desde o m\u00eas de agosto, o Aeroporto de Aracaju passou a oferecer seis novas frequ\u00eancias semanais operadas pela Azul para Salvador. \u201cAs novas rotas ampliam a malha \u00e1rea sergipana e abrem portas para futuros voos. Esperamos que os novos voos ofertados atraiam mais passageiros, gerando um aumento significativo no movimento de passageiros at\u00e9 o final deste ano\u201d, destacou o superintendente do terminal de Aracaju, Wanderson Silva.<\/span><\/p>\n<\/div>\n<div style=\"text-align: justify;\">\n<p><span lang=\"PT-BR\">Localizado a 12 km do centro da cidade, o Aeroporto Internacional de Aracaju movimenta, diariamente, uma m\u00e9dia de\u00a0<\/span><span lang=\"PT-BR\">3\u00a0<\/span><span lang=\"PT-BR\">mil passageiros e 16 voos comerciais regulares, al\u00e9m de atender a opera\u00e7\u00e3o de helic\u00f3pteros para as plataformas de petr\u00f3leo no litoral de Sergipe e Alagoas.\u00a0<\/span><\/p>\n<\/div>\n<div style=\"text-align: justify;\">\n<p><span lang=\"PT-BR\">Atualmente operam no terminal as companhias Azul, Gol e Latam, com voos regulares que ligam Aracaju \u00e0s cidades de Guarulhos (SP), S\u00e3o Paulo (SP), Rio de Janeiro (RJ), Bras\u00edlia (DF), Salvador (BA) e Recife (PE).<\/span><\/p>\n<\/div>\n<p>&nbsp;<\/p>\n<p><a href=\"https:\/\/senoticias.com.br\/se\/wp-content\/uploads\/2019\/09\/Logo-novo-fone-1.jpg\"><img loading=\"lazy\" decoding=\"async\" class=\"alignnone size-full wp-image-119884\" src=\"https:\/\/senoticias.com.br\/se\/wp-content\/uploads\/2019\/09\/Logo-novo-fone-1.jpg\" alt=\"\" width=\"599\" height=\"78\" srcset=\"https:\/\/senoticias.com.br\/se\/wp-content\/uploads\/2019\/09\/Logo-novo-fone-1.jpg 599w, https:\/\/senoticias.com.br\/se\/wp-content\/uploads\/2019\/09\/Logo-novo-fone-1-300x39.jpg 300w\" sizes=\"(max-width: 599px) 100vw, 599px\" \/><\/a><\/p>\n<p>&nbsp;<\/p>\n<p><em><strong>Acompanhe tamb\u00e9m o SE Not\u00edcias no\u00a0<a href=\"https:\/\/twitter.com\/Senoticias\" target=\"_blank\" rel=\"noopener\">Twitter<\/a>,\u00a0<a href=\"https:\/\/www.facebook.com\/senoticias1\" target=\"_blank\" rel=\"noopener\">Facebook<\/a>\u00a0e no\u00a0<a href=\"https:\/\/www.instagram.com\/senoticias\/\" target=\"_blank\" rel=\"noopener\">Instagram<\/a><\/strong><\/em><\/p>\n<div>\n<p style=\"text-align: justify;\"><span lang=\"PT-BR\">\u00a0<\/span><\/p>\n<\/div>\n<div>\n<p><em>Por Assessoria de Imprensa \u2013 Infraero<\/em><\/p>\n<\/div>\n","protected":false},"excerpt":{"rendered":"<p>O Aeroporto Internacional de Aracaju\/ Santa Maria (SE) ganhar\u00e1 novas op\u00e7\u00f5es de voos\u00a0a partir deste\u00a0m\u00eas de outubro. Ser\u00e3o oferecidas duas novas rotas, uma da Azul Linhas A\u00e9reas com destino a Campinas e outra da Latam para Guarulhos, em S\u00e3o Paulo. Al\u00e9m disso, os passageiros que desejarem voar para Guarulhos tamb\u00e9m poder\u00e3o contar com mais quatro [&hellip;]<\/p>\n","protected":false},"author":6552,"featured_media":120381,"comment_status":"closed","ping_status":"closed","sticky":false,"template":"","format":"standard","meta":{"footnotes":""},"categories":[15,2961],"tags":[12708,13187,13186,4521,12710],"class_list":{"0":"post-120380","1":"post","2":"type-post","3":"status-publish","4":"format-standard","5":"has-post-thumbnail","7":"category-destaques","8":"category-nacional","9":"tag-aeroporto-internacional-de-aracaju","10":"tag-aracaju-ganha-novos-voos","11":"tag-azul-linhas","12":"tag-gol","13":"tag-latam"},"_links":{"self":[{"href":"https:\/\/senoticias.com.br\/se\/wp-json\/wp\/v2\/posts\/120380"}],"collection":[{"href":"https:\/\/senoticias.com.br\/se\/wp-json\/wp\/v2\/posts"}],"about":[{"href":"https:\/\/senoticias.com.br\/se\/wp-json\/wp\/v2\/types\/post"}],"author":[{"embeddable":true,"href":"https:\/\/senoticias.com.br\/se\/wp-json\/wp\/v2\/users\/6552"}],"replies":[{"embeddable":true,"href":"https:\/\/senoticias.com.br\/se\/wp-json\/wp\/v2\/comments?post=120380"}],"version-history":[{"count":0,"href":"https:\/\/senoticias.com.br\/se\/wp-json\/wp\/v2\/posts\/120380\/revisions"}],"wp:featuredmedia":[{"embeddable":true,"href":"https:\/\/senoticias.com.br\/se\/wp-json\/wp\/v2\/media\/120381"}],"wp:attachment":[{"href":"https:\/\/senoticias.com.br\/se\/wp-json\/wp\/v2\/media?parent=120380"}],"wp:term":[{"taxonomy":"category","embeddable":true,"href":"https:\/\/senoticias.com.br\/se\/wp-json\/wp\/v2\/categories?post=120380"},{"taxonomy":"post_tag","embeddable":true,"href":"https:\/\/senoticias.com.br\/se\/wp-json\/wp\/v2\/tags?post=120380"}],"curies":[{"name":"wp","href":"https:\/\/api.w.org\/{rel}","templated":true}]}}