{"id":120365,"date":"2019-10-09T06:03:49","date_gmt":"2019-10-09T09:03:49","guid":{"rendered":"https:\/\/senoticias.com.br\/se\/?p=120365"},"modified":"2019-10-09T06:04:16","modified_gmt":"2019-10-09T09:04:16","slug":"milhares-de-fieis-celebrarao-os-16-anos-da-romaria-de-nossa-senhora-aparecida","status":"publish","type":"post","link":"https:\/\/senoticias.com.br\/se\/milhares-de-fieis-celebrarao-os-16-anos-da-romaria-de-nossa-senhora-aparecida\/","title":{"rendered":"Milhares de fi\u00e9is celebrar\u00e3o os 16 anos da Romaria de Nossa Senhora Aparecida"},"content":{"rendered":"<p style=\"text-align: justify;\">Todos os anos, no <strong>dia 12 de outubro<\/strong>, fi\u00e9is vindos de todos os cantos do pa\u00eds participam da segunda maior romaria a p\u00e9 do Brasil, no munic\u00edpio sergipano de Nossa Senhora Aparecida. S\u00e3o muitos os milagres, gra\u00e7as, pedidos, agradecimentos, hist\u00f3rias de luta, alegria e vit\u00f3ria que marcam os 16 anos da tradicional romaria, que sai do Povoado Queimadas, em Ribeir\u00f3polis (SE), em dire\u00e7\u00e3o a sede do munic\u00edpio que leva o nome da santa, transformando os cerca de 8 km da rodovia estadual em um caminho de f\u00e9 e devo\u00e7\u00e3o.<\/p>\n<div id=\"attachment_120366\" style=\"width: 609px\" class=\"wp-caption alignnone\"><a href=\"https:\/\/senoticias.com.br\/se\/wp-content\/uploads\/2019\/10\/Romaria-SE-Noticias-e1570611726939.jpg\"><img loading=\"lazy\" decoding=\"async\" aria-describedby=\"caption-attachment-120366\" class=\"size-full wp-image-120366\" src=\"https:\/\/senoticias.com.br\/se\/wp-content\/uploads\/2019\/10\/Romaria-SE-Noticias-e1570611726939.jpg\" alt=\"\" width=\"599\" height=\"399\" \/><\/a><p id=\"caption-attachment-120366\" class=\"wp-caption-text\">Munic\u00edpio sergipano \u00e9 palco da segunda maior romaria a p\u00e9 do Brasil em devo\u00e7\u00e3o \u00e0 Nossa Senhora Aparecida, padroeira do pa\u00eds (foto: Igor S\u00e1)<\/p><\/div>\n<p style=\"text-align: justify;\">No dia da romaria, a popula\u00e7\u00e3o de cerca de 9 mil habitantes se junta aos mais de 100 mil romeiros, transformando assim a paisagem do pacato munic\u00edpio do agreste sergipano em um local de grandes manifesta\u00e7\u00f5es de f\u00e9. \u201c\u00c9 de suma import\u00e2ncia refletir a Festa de Nossa Senhora Aparecida no seu conjunto \u201chist\u00f3rico\u201d com o olhar da f\u00e9 do romeiro de Nossa Senhora. Como se sabe, a Romaria se tornou o \u00edcone hist\u00f3rico do povo sergipano que vem a cada ano manifestar a sua devo\u00e7\u00e3o \u00e0 M\u00e3e de Deus\u201d, destaca o p\u00e1roco do munic\u00edpio, Pe. Carlos Gonzaga.<\/p>\n<p style=\"text-align: justify;\">Tamanha \u00e9 a grandiosidade da peregrina\u00e7\u00e3o, que em 2015 ela foi reconhecida como patrim\u00f4nio cultural e imaterial do Estado de Sergipe, atrav\u00e9s da Lei Estadual n\u00ba 63\/2015, sendo inclusa no Calend\u00e1rio Festivo de Sergipe. \u201cNeste ano celebraremos a 16\u00aa edi\u00e7\u00e3o da Romaria. Espero que a Festa da Padroeira de Nossa Senhora Aparecida nos fa\u00e7a refletir sobre a nossa voca\u00e7\u00e3o crist\u00e3 na f\u00e9 em Maria e no seu Filho Jesus Cristo, e que essa mesma f\u00e9 seja a b\u00fassola a guiar a vida do Romeiro de Nossa Senhora em todas as circunst\u00e2ncias da vida\u201d, acrescenta o Pe. Carlos Gonzaga.<\/p>\n<p style=\"text-align: justify;\">Impulsionados pelo tema \u2018Com a M\u00e3e Aparecida: escolhidos e enviados em miss\u00e3o\u2019, a par\u00f3quia, com o apoio dos moradores do munic\u00edpio e das equipes de Nossa Senhora, promove uma programa\u00e7\u00e3o especial para receber os devotos, que j\u00e1 come\u00e7a no dia 3 de outubro com o in\u00edcio do noven\u00e1rio de Nossa Senhora Aparecida. Para o dia festivo, 12 de outubro, est\u00e3o programadas sete celebra\u00e7\u00f5es eucar\u00edsticas. A primeira delas, \u00e0s 6h, ocorrer\u00e1 no povoado Queimadas, ponto de partida da grande Romaria. Ao final da caminhada, \u00e0s 10h, o arcebispo metropolitano de Aracaju, dom Jo\u00e3o Jos\u00e9 Costa, presidir\u00e1 a santa missa no palco instalado na pra\u00e7a dedicada aos romeiros, no fundo da Igreja Matriz.<\/p>\n<p>&nbsp;<\/p>\n<p>&nbsp;<\/p>\n<p><a href=\"https:\/\/senoticias.com.br\/se\/wp-content\/uploads\/2019\/09\/Logo-novo-fone-1.jpg\"><img loading=\"lazy\" decoding=\"async\" class=\"alignnone size-full wp-image-119884\" src=\"https:\/\/senoticias.com.br\/se\/wp-content\/uploads\/2019\/09\/Logo-novo-fone-1.jpg\" alt=\"\" width=\"599\" height=\"78\" srcset=\"https:\/\/senoticias.com.br\/se\/wp-content\/uploads\/2019\/09\/Logo-novo-fone-1.jpg 599w, https:\/\/senoticias.com.br\/se\/wp-content\/uploads\/2019\/09\/Logo-novo-fone-1-300x39.jpg 300w\" sizes=\"(max-width: 599px) 100vw, 599px\" \/><\/a><\/p>\n<p>&nbsp;<\/p>\n<p><em><strong>Acompanhe tamb\u00e9m o SE Not\u00edcias no\u00a0<a href=\"https:\/\/twitter.com\/Senoticias\" target=\"_blank\" rel=\"noopener\">Twitter<\/a>,\u00a0<a href=\"https:\/\/www.facebook.com\/senoticias1\" target=\"_blank\" rel=\"noopener\">Facebook<\/a>\u00a0e no\u00a0<a href=\"https:\/\/www.instagram.com\/senoticias\/\" target=\"_blank\" rel=\"noopener\">Instagram<\/a><\/strong><\/em><\/p>\n<p>&nbsp;<\/p>\n<p><em>Por Igor S\u00e1<\/em><\/p>\n","protected":false},"excerpt":{"rendered":"<p>Todos os anos, no dia 12 de outubro, fi\u00e9is vindos de todos os cantos do pa\u00eds participam da segunda maior romaria a p\u00e9 do Brasil, no munic\u00edpio sergipano de Nossa Senhora Aparecida. S\u00e3o muitos os milagres, gra\u00e7as, pedidos, agradecimentos, hist\u00f3rias de luta, alegria e vit\u00f3ria que marcam os 16 anos da tradicional romaria, que sai [&hellip;]<\/p>\n","protected":false},"author":6552,"featured_media":120366,"comment_status":"closed","ping_status":"closed","sticky":false,"template":"","format":"standard","meta":{"footnotes":""},"categories":[15,46],"tags":[13175,3062,13174],"class_list":{"0":"post-120365","1":"post","2":"type-post","3":"status-publish","4":"format-standard","5":"has-post-thumbnail","7":"category-destaques","8":"category-religiao","9":"tag-12-de-outubro","10":"tag-nossa-senhora-aparecida","11":"tag-romaria-de-nossa-senhora-aparecida"},"_links":{"self":[{"href":"https:\/\/senoticias.com.br\/se\/wp-json\/wp\/v2\/posts\/120365"}],"collection":[{"href":"https:\/\/senoticias.com.br\/se\/wp-json\/wp\/v2\/posts"}],"about":[{"href":"https:\/\/senoticias.com.br\/se\/wp-json\/wp\/v2\/types\/post"}],"author":[{"embeddable":true,"href":"https:\/\/senoticias.com.br\/se\/wp-json\/wp\/v2\/users\/6552"}],"replies":[{"embeddable":true,"href":"https:\/\/senoticias.com.br\/se\/wp-json\/wp\/v2\/comments?post=120365"}],"version-history":[{"count":0,"href":"https:\/\/senoticias.com.br\/se\/wp-json\/wp\/v2\/posts\/120365\/revisions"}],"wp:featuredmedia":[{"embeddable":true,"href":"https:\/\/senoticias.com.br\/se\/wp-json\/wp\/v2\/media\/120366"}],"wp:attachment":[{"href":"https:\/\/senoticias.com.br\/se\/wp-json\/wp\/v2\/media?parent=120365"}],"wp:term":[{"taxonomy":"category","embeddable":true,"href":"https:\/\/senoticias.com.br\/se\/wp-json\/wp\/v2\/categories?post=120365"},{"taxonomy":"post_tag","embeddable":true,"href":"https:\/\/senoticias.com.br\/se\/wp-json\/wp\/v2\/tags?post=120365"}],"curies":[{"name":"wp","href":"https:\/\/api.w.org\/{rel}","templated":true}]}}