{"id":120364,"date":"2019-10-09T05:37:27","date_gmt":"2019-10-09T08:37:27","guid":{"rendered":"https:\/\/senoticias.com.br\/se\/?p=120364"},"modified":"2019-10-09T05:37:27","modified_gmt":"2019-10-09T08:37:27","slug":"itps-reprova-quatro-radares-de-controle-de-velocidade-em-aracaju","status":"publish","type":"post","link":"https:\/\/senoticias.com.br\/se\/itps-reprova-quatro-radares-de-controle-de-velocidade-em-aracaju\/","title":{"rendered":"ITPS reprova quatro radares de controle de velocidade em Aracaju"},"content":{"rendered":"<p style=\"text-align: justify;\">O Instituto Tecnol\u00f3gico e de Pesquisas do Estado de Sergipe (ITPS) \u2013 \u00d3rg\u00e3o Delegado do Instituto Nacional de Metrologia, Qualidade e Tecnologia (Inmetro) informa que concluiu os laudos referentes \u00e0s fiscaliza\u00e7\u00f5es realizadas nos radares instalados nas avenidas Beira Mar (pr\u00f3ximo \u00e0 Embrapa), Tancredo Neves (pr\u00f3ximo \u00e0 Maracar) e Etelvino Alves (pr\u00f3ximo ao condom\u00ednio Alamedas Jardins).<\/p>\n<div id=\"attachment_117415\" style=\"width: 460px\" class=\"wp-caption alignnone\"><a href=\"https:\/\/senoticias.com.br\/se\/wp-content\/uploads\/2019\/03\/radares08.jpeg\"><img loading=\"lazy\" decoding=\"async\" aria-describedby=\"caption-attachment-117415\" class=\"size-full wp-image-117415\" src=\"https:\/\/senoticias.com.br\/se\/wp-content\/uploads\/2019\/03\/radares08.jpeg\" alt=\"\" width=\"450\" height=\"469\" srcset=\"https:\/\/senoticias.com.br\/se\/wp-content\/uploads\/2019\/03\/radares08.jpeg 450w, https:\/\/senoticias.com.br\/se\/wp-content\/uploads\/2019\/03\/radares08-288x300.jpeg 288w\" sizes=\"(max-width: 450px) 100vw, 450px\" \/><\/a><p id=\"caption-attachment-117415\" class=\"wp-caption-text\">ITPS divulga resultado das fiscaliza\u00e7\u00f5es de radares (foto: arquivo\/SMTT\/Aracaju)<\/p><\/div>\n<p style=\"text-align: justify;\">As fiscaliza\u00e7\u00f5es foram intensificadas ap\u00f3s a Ouvidoria do ITPS ter registrado um aumento significativo no n\u00famero de den\u00fancias. Diversos condutores fizeram contato, alegando que receberam multas indevidas e que desconfiavam de mau funcionamento dos radares.<\/p>\n<p style=\"text-align: justify;\">A primeira fiscaliza\u00e7\u00e3o ocorreu no dia 24 de setembro. Naquela ocasi\u00e3o, a empresa permission\u00e1ria n\u00e3o enviou em quantidade suficiente os registros fotogr\u00e1ficos produzidos pelo instrumento durante a fiscaliza\u00e7\u00e3o. Por causa disso, fiscaliza\u00e7\u00f5es foram realizadas novamente nos dias 27 e 30. O problema persistiu, desta vez, em quatro dos seis instrumentos fiscalizados, o que levou \u00e0 reprova\u00e7\u00e3o, conforme estabelecido na legisla\u00e7\u00e3o do Inmetro.<\/p>\n<p style=\"text-align: justify;\">O ITPS destaca que o laudo que aprova ou n\u00e3o o funcionamento do instrumento somente pode ser emitido ap\u00f3s um comparativo entre os dados registrados pelo equipamento instalado no ve\u00edculo oficial do ITPS e aqueles registrados pelo medidor de velocidade da via. Neste tipo de fiscaliza\u00e7\u00e3o, o ve\u00edculo percorre diversas vezes todas as faixas da via em diferentes velocidades, sendo necess\u00e1rio que a empresa permission\u00e1ria envie, no m\u00ednimo, dois registros fotogr\u00e1ficos por faixa.<\/p>\n<p style=\"text-align: justify;\"><strong>Os seguintes radares est\u00e3o aprovados:<\/strong> Avenida Etelvino Alves (pr\u00f3ximo ao condom\u00ednio Alamedas Jardins) \u2013 sentido Orlando Dantas; e Avenida Tancredo Neves (pr\u00f3ximo \u00e0 Maracar) \u2013 sentido Beira Mar.<\/p>\n<p style=\"text-align: justify;\"><strong>Est\u00e3o reprovados:<\/strong> Avenida Beira Mar (pr\u00f3ximo \u00e0 Embrapa) \u2013 sentido Praia e sentido Centro; Avenida Etelvino Alves (pr\u00f3ximo ao condom\u00ednio Alamedas Jardins) &#8211; sentido avenida Augusto Franco; e Avenida Tancredo Neves (pr\u00f3ximo \u00e0 Maracar) sentido Rodovi\u00e1ria Nova.<\/p>\n<p style=\"text-align: justify;\">A empresa permission\u00e1ria foi notificada pelo ITPS e tem 10 dias para apresenta\u00e7\u00e3o de defesa. A empresa poder\u00e1 ser penalizada com advert\u00eancia ou multa que varia de <strong>RS 100 a 1,5 milh\u00e3o<\/strong><br \/>\n.<br \/>\nOs radares reprovados pelo ITPS dever\u00e3o passar por manuten\u00e7\u00e3o (responsabilidade da empresa permission\u00e1ria) e n\u00e3o poder\u00e3o emitir multas at\u00e9 que passem pela verifica\u00e7\u00e3o ap\u00f3s reparo (procedimento agendado pela empresa junto ao ITPS) e sejam considerados aprovados.<\/p>\n<p style=\"text-align: justify;\">Vale ressaltar que compete ao ITPS, como \u00d3rg\u00e3o Delegado do Inmetro, realizar a verifica\u00e7\u00e3o peri\u00f3dica e ap\u00f3s reparo, al\u00e9m das fiscaliza\u00e7\u00f5es nos medidores de velocidade. Se acionado pelos condutores, o ITPS fornece via Ouvidoria e site informa\u00e7\u00f5es sobre a situa\u00e7\u00e3o dos medidores de velocidade, por\u00e9m as contesta\u00e7\u00f5es de multas devem ser realizadas junto ao \u00f3rg\u00e3o de tr\u00e2nsito.<\/p>\n<p style=\"text-align: justify;\"><strong>Ouvidoria ITPS<\/strong><\/p>\n<p style=\"text-align: justify;\">Os condutores que desconfiarem do funcionamento dos medidores de velocidade devem acionar a Ouvidoria do ITPS por meio do telefone (79) 3179 8055 e do site www.itps.se.gov.br (no bot\u00e3o Ouvidoria\/Fala Br). O atendimento tamb\u00e9m \u00e9 feito na sede da institui\u00e7\u00e3o, que funciona de segunda a sexta, das 7h \u00e0s 13h, na Rua Campo do Brito, 371, bairro 13 de Julho, em Aracaju. Em todos estes casos, a identidade do denunciante \u00e9 mantida em sigilo.<\/p>\n<p>&nbsp;<\/p>\n<p><em><strong>Acompanhe tamb\u00e9m o SE Not\u00edcias no\u00a0<a href=\"https:\/\/twitter.com\/Senoticias\" target=\"_blank\" rel=\"noopener\">Twitter<\/a>,\u00a0<a href=\"https:\/\/www.facebook.com\/senoticias1\" target=\"_blank\" rel=\"noopener\">Facebook<\/a>\u00a0e no\u00a0<a href=\"https:\/\/www.instagram.com\/senoticias\/\" target=\"_blank\" rel=\"noopener\">Instagram<\/a><\/strong><\/em><\/p>\n<p>&nbsp;<\/p>\n<p><a href=\"https:\/\/senoticias.com.br\/se\/wp-content\/uploads\/2019\/09\/Logo-novo-fone-1.jpg\"><img loading=\"lazy\" decoding=\"async\" class=\"alignnone size-full wp-image-119884\" src=\"https:\/\/senoticias.com.br\/se\/wp-content\/uploads\/2019\/09\/Logo-novo-fone-1.jpg\" alt=\"\" width=\"599\" height=\"78\" srcset=\"https:\/\/senoticias.com.br\/se\/wp-content\/uploads\/2019\/09\/Logo-novo-fone-1.jpg 599w, https:\/\/senoticias.com.br\/se\/wp-content\/uploads\/2019\/09\/Logo-novo-fone-1-300x39.jpg 300w\" sizes=\"(max-width: 599px) 100vw, 599px\" \/><\/a><\/p>\n<p><em>Por\u00a0Verlane Est\u00e1cio, da assessoria de imprensa<\/em><\/p>\n<p>&nbsp;<\/p>\n","protected":false},"excerpt":{"rendered":"<p>O Instituto Tecnol\u00f3gico e de Pesquisas do Estado de Sergipe (ITPS) \u2013 \u00d3rg\u00e3o Delegado do Instituto Nacional de Metrologia, Qualidade e Tecnologia (Inmetro) informa que concluiu os laudos referentes \u00e0s fiscaliza\u00e7\u00f5es realizadas nos radares instalados nas avenidas Beira Mar (pr\u00f3ximo \u00e0 Embrapa), Tancredo Neves (pr\u00f3ximo \u00e0 Maracar) e Etelvino Alves (pr\u00f3ximo ao condom\u00ednio Alamedas Jardins). [&hellip;]<\/p>\n","protected":false},"author":6552,"featured_media":117415,"comment_status":"closed","ping_status":"closed","sticky":false,"template":"","format":"standard","meta":{"footnotes":""},"categories":[15,6],"tags":[2012,9403,13173],"class_list":{"0":"post-120364","1":"post","2":"type-post","3":"status-publish","4":"format-standard","5":"has-post-thumbnail","7":"category-destaques","8":"category-politica","9":"tag-itps","10":"tag-radares","11":"tag-resultado-das-fiscalizacoes-de-radares"},"_links":{"self":[{"href":"https:\/\/senoticias.com.br\/se\/wp-json\/wp\/v2\/posts\/120364"}],"collection":[{"href":"https:\/\/senoticias.com.br\/se\/wp-json\/wp\/v2\/posts"}],"about":[{"href":"https:\/\/senoticias.com.br\/se\/wp-json\/wp\/v2\/types\/post"}],"author":[{"embeddable":true,"href":"https:\/\/senoticias.com.br\/se\/wp-json\/wp\/v2\/users\/6552"}],"replies":[{"embeddable":true,"href":"https:\/\/senoticias.com.br\/se\/wp-json\/wp\/v2\/comments?post=120364"}],"version-history":[{"count":0,"href":"https:\/\/senoticias.com.br\/se\/wp-json\/wp\/v2\/posts\/120364\/revisions"}],"wp:featuredmedia":[{"embeddable":true,"href":"https:\/\/senoticias.com.br\/se\/wp-json\/wp\/v2\/media\/117415"}],"wp:attachment":[{"href":"https:\/\/senoticias.com.br\/se\/wp-json\/wp\/v2\/media?parent=120364"}],"wp:term":[{"taxonomy":"category","embeddable":true,"href":"https:\/\/senoticias.com.br\/se\/wp-json\/wp\/v2\/categories?post=120364"},{"taxonomy":"post_tag","embeddable":true,"href":"https:\/\/senoticias.com.br\/se\/wp-json\/wp\/v2\/tags?post=120364"}],"curies":[{"name":"wp","href":"https:\/\/api.w.org\/{rel}","templated":true}]}}